{"id":8962,"date":"2023-09-26T12:39:27","date_gmt":"2023-09-26T09:39:27","guid":{"rendered":"https:\/\/www.efeshukuk.com\/?p=8962"},"modified":"2026-04-01T15:39:37","modified_gmt":"2026-04-01T12:39:37","slug":"iscinin-ise-gelmemesi","status":"publish","type":"post","link":"https:\/\/efeshukuk.com\/en\/iscinin-ise-gelmemesi\/","title":{"rendered":"Employee Absence from Work"},"content":{"rendered":"<figure class=\"wp-block-image size-large\"><img loading=\"lazy\" decoding=\"async\" width=\"1024\" height=\"538\" src=\"https:\/\/www.efeshukuk.com\/wp-content\/uploads\/2023\/09\/Markanin-Kullanmama-Sebebi-Ile-Iptali-26-1024x538.webp\" alt=\"\u0130\u015f\u00e7inin \u0130\u015fe Gelmemesi\" class=\"wp-image-8969\" srcset=\"https:\/\/efeshukuk.com\/wp-content\/uploads\/2023\/09\/Markanin-Kullanmama-Sebebi-Ile-Iptali-26-1024x538.webp 1024w, https:\/\/efeshukuk.com\/wp-content\/uploads\/2023\/09\/Markanin-Kullanmama-Sebebi-Ile-Iptali-26-300x158.webp 300w, https:\/\/efeshukuk.com\/wp-content\/uploads\/2023\/09\/Markanin-Kullanmama-Sebebi-Ile-Iptali-26-768x403.webp 768w, https:\/\/efeshukuk.com\/wp-content\/uploads\/2023\/09\/Markanin-Kullanmama-Sebebi-Ile-Iptali-26-18x9.webp 18w, https:\/\/efeshukuk.com\/wp-content\/uploads\/2023\/09\/Markanin-Kullanmama-Sebebi-Ile-Iptali-26.webp 1200w\" sizes=\"auto, (max-width: 1024px) 100vw, 1024px\" \/><\/figure>\n\n\n\n<p><strong>Employee Absence from Work \u2013 Lawyer in Izmir<\/strong><\/p>\n\n\n\n<p class=\"has-text-align-justify\">When a worker falls ill or has an accident, a doctor issues a sick leave certificate. This certificate, also known as a medical exemption certificate, is issued by a doctor but is subject to certain legal limitations. <a href=\"https:\/\/www.mevzuat.gov.tr\/mevzuatmetin\/1.5.4857.pdf\">Labor Law |<\/a>\u2019According to the law, if an employee&#039;s health deteriorates due to their own negligence or lifestyle, the employer may terminate the employment contract for just cause due to the employee&#039;s absence from work.<\/p>\n\n\n\n<p class=\"has-text-align-justify\">As is known, Article 25, paragraph II-g of the Labor Law No. 4857, which regulates the termination of the employment contract by the employer for just cause, states that if the employee fails to report to work for two consecutive working days without obtaining permission from the employer or without a just cause, or fails to report to work on the working day following any holiday twice in one month, or fails to report to work for three working days in one month, the employer may terminate the employment contract immediately and for just cause due to the employee&#039;s absence from work, for reasons that do not comply with moral and good faith principles.<\/p>\n\n\n\n<p class=\"has-text-align-justify\">The absence mentioned in the relevant article can be defined as the employee&#039;s failure to come to work on working days when they are expected to be there, without a justifiable reason and without permission from the employer, regardless of whether the absence is intentional or negligent. Therefore, absence will not be considered to have occurred in other cases where the contract is suspended and the employee is not required to be present, such as unpaid leave. In this context, for an employee to be considered absent, they must fail to come to work during the expected working hours without a justifiable reason and without permission from the employer. Otherwise, the employee cannot be considered absent.<\/p>\n\n\n\n<p class=\"has-text-align-justify\">In relevant court precedents, it has been held that for an employer to benefit from the clause regarding termination for just cause due to an employee&#039;s absence from work, they must investigate whether the employee has a valid excuse, issue a summons to the employee to return to work or to state their excuse, and the absence must be proven in writing by an attendance report signed by at least two company employees.<\/p>\n\n\n\n<p>The Labor Law No. 4857 outlines the circumstances under which an employee may not report to work. These can be exemplified as follows:.<\/p>\n\n\n\n<ul class=\"wp-block-list\">\n<li>The worker takes sick leave for 3 consecutive working days or the total number of sick leave days exceeds 5 working days in a month (Labor Law Article 25\/1)<\/li>\n\n\n\n<li>The worker&#039;s absence for two consecutive working days without permission and without justifiable cause, or twice within one month on a working day following a holiday, or a total of three working days within one month (Labor Law Article 25\/2-g)<\/li>\n\n\n\n<li>The existence of a compelling reason that prevents the employee from working at the workplace for more than one week (Labor Law Article 25\/3)<\/li>\n\n\n\n<li>If an employee is arrested or detained and is therefore unable to come to work, this exceeds the notice periods for termination stipulated in Article 17 (Labor Law Article 25\/4).<\/li>\n<\/ul>\n\n\n\n<p class=\"has-text-align-justify\">The general provisions regarding employee absenteeism are defined in the law as follows. All of the above-mentioned instances of absenteeism fall under Article 25 of the Labor Law, which allows employers to dismiss employees for just cause. In other words, employees can be dismissed for just cause due to their absence from work in these circumstances. Dismissal due to employee absenteeism is subject to strict procedural rules. Since it has been observed in practice that failure to comply with procedural rules regarding employee absenteeism leads to loss of rights, the general procedural rules in this regard should be as follows:<\/p>\n\n\n\n<ol style=\"list-style-type:1\" class=\"wp-block-list\">\n<li>Records: A separate record is kept for each day of absence from work or unauthorized departure. While the department managers signing the records must be the same, care should be taken to ensure that the witnesses are different individuals. If this is not possible, the same individuals should be asked to sign.<\/li>\n\n\n\n<li>Warning Notice: If an employee fails to report to work for two consecutive working days without permission from the employer or without a valid reason, a warning notice will be sent to the employee, giving them six working days from the last day of absence to either return to work or provide a valid excuse. The time given to the employee in the warning notice is usually 2-3 working days. It is important to note that if this period is missed, the employee&#039;s absences on those days cannot be used as grounds for termination.<\/li>\n\n\n\n<li>Notification and Deadlines: After sending the employee a notification to return to work and a reason for absence, immediately contact a notary public to obtain the barcode number of the notification. Then, within 3-4 days at the latest, check on gonderitakip.ptt.gov.tr to verify receipt of the notification. From the date of notification, wait for the 2-3 day period given in the notification for the employee to return to work or provide a reason for absence. If the employee does not return to work or provide a reason for absence within this period, termination procedures should be initiated.<\/li>\n\n\n\n<li>Termination procedures: If an employee fails to report to work or provide a valid excuse within the given timeframe, termination procedures must be completed within 6 working days from the expiration of the given timeframe. (For example, if an employee was given 2 working days to report to work or provide a valid excuse, termination procedures must be completed no later than 2 + 6 = 8 working days from the end of the given timeframe.)<\/li>\n<\/ol>\n\n\n\n<p class=\"has-text-align-justify\"><strong>Relevant Court Decisions<\/strong> For absence to constitute grounds for termination, it must not be based on a valid excuse. Since an employee granted paid or unpaid leave by the employer cannot be expected to go to work during their leave, this cannot be considered an absence. However, determining the timing of annual leave falls within the employer&#039;s management rights, so the employee cannot leave on their own accord. An employee&#039;s failure to report to work, claiming to be on annual leave, constitutes an absence unless the employer deems it to be on leave. (9th Civil Chamber, 2007\/21656 E. 2008\/18647 K)<\/p>\n\n\n\n<p class=\"has-text-align-justify\">An employee&#039;s absence from work does not always give the employer grounds for justified termination. If the absence is justified, the employer does not have the right to terminate the employment contract immediately and for just cause. Examples of justifiable reasons for absence include illness, the death or illness of a family member or close relative, or the employee&#039;s participation in witness or expert testimony.<\/p>\n\n\n\n<p class=\"has-text-align-justify\">The employer does not have the right to terminate the employment contract unless the period of absence is two consecutive working days, or two instances within a month on a working day following a holiday, or three working days within a month. The employee must not have worked at all on the specified working days. Simply summing up the hours of absence to reach a certain number of days does not create grounds for termination.<\/p>\n\n\n\n<p class=\"has-text-align-justify\">Absenteeism is the situation where an employee does not attend to their work. An employee who goes to the workplace but does not begin to perform their work obligations should not be considered absent. If an employee persistently refuses to perform their duties after being reminded of them, this constitutes a separate ground for termination, and the matter should be evaluated in accordance with Article 25\/II-h of the Labor Law No. 4857.<\/p>\n\n\n\n<p class=\"has-text-align-justify\">The term &quot;one month&quot; in the article refers not to a calendar month, but to the month that will pass after the first absence. The one-month period ends on the same day of the following month as the day of the first absence. If the day of the first absence is not found in the last month, the one-month period ends on the last day of the last month. Subsequent absences are evaluated within the following monthly periods. (9th Civil Chamber, 2007\/15152 2008\/10326)<\/p>\n\n\n\n<p class=\"has-text-align-justify\">The holiday mentioned in Article 25\/II-g of the Labor Law does not only refer to official holidays. Holidays agreed upon in the employment contract must also be taken into account. A working day refers to the days the employee is required to work. If an employee takes a day off during the week and is required to work on Sunday, then Sunday is considered a working day for that employee.<\/p>\n\n\n\n<p class=\"has-text-align-justify\">The 9th Civil Chamber of the Supreme Court of Appeals, in its decision numbered 2012\/23462 E. 2012\/37672 K., ruled that in workplaces where Saturdays are worked half-day, Saturday is still considered a working day, and an employee who is absent on Friday and Saturday will be considered to have been absent for two consecutive days. The burden of proof for absence rests with the employer, while the burden of proof for a valid excuse rests with the employee. A separate report must be prepared for each day of absence. A single report covering all days of absence is not considered valid. Furthermore, the prepared reports must be corroborated by witnesses.<\/p>\n\n\n\n<p class=\"has-text-align-justify\">If a disciplinary penalty has been imposed or granted due to absenteeism, this absenteeism cannot be considered a valid reason for subsequent termination. The employee cannot be penalized twice. (9th Civil Chamber, 2008\/8569-2640 Annex, 2011\/16824-24234 Annex)<\/p>\n\n\n\n<p class=\"has-black-color has-text-color\">Other works we have prepared within the scope of Labor Law;<\/p>\n\n\n\n<div data-wp-context=\"{ &quot;autoclose&quot;: false, &quot;accordionItems&quot;: [] }\" data-wp-interactive=\"core\/accordion\" role=\"group\" class=\"wp-block-accordion is-layout-flow wp-block-accordion-is-layout-flow\">\n<div data-wp-class--is-open=\"state.isOpen\" data-wp-context=\"{ &quot;id&quot;: &quot;accordion-item-1&quot;, &quot;openByDefault&quot;: false }\" data-wp-init=\"callbacks.initAccordionItems\" data-wp-on-window--hashchange=\"callbacks.hashChange\" class=\"wp-block-accordion-item is-layout-flow wp-block-accordion-item-is-layout-flow\">\n<h3 class=\"wp-block-accordion-heading has-small-font-size\"><button aria-expanded=\"false\" aria-controls=\"accordion-item-1-panel\" data-wp-bind--aria-expanded=\"state.isOpen\" data-wp-on--click=\"actions.toggle\" data-wp-on--keydown=\"actions.handleKeyDown\" id=\"accordion-item-1\" type=\"button\" class=\"wp-block-accordion-heading__toggle\"><span class=\"wp-block-accordion-heading__toggle-title\">EMPLOYMENT CONTRACT AND TERMINATION PROCESSES<\/span><span class=\"wp-block-accordion-heading__toggle-icon\" aria-hidden=\"true\">+<\/span><\/button><\/h3>\n\n\n\n<div inert aria-labelledby=\"accordion-item-1\" data-wp-bind--inert=\"!state.isOpen\" id=\"accordion-item-1-panel\" role=\"region\" class=\"wp-block-accordion-panel is-layout-flow wp-block-accordion-panel-is-layout-flow\">\n<ul class=\"wp-block-list\">\n<li><a href=\"https:\/\/efeshukuk.com\/en\/isci-cikarma-yasagi\/\">Layoff Ban<\/a><\/li>\n\n\n\n<li><a href=\"https:\/\/efeshukuk.com\/en\/belirli-sureli-is-sozlesmesi\/\" target=\"_blank\" rel=\"noreferrer noopener\">What is a Fixed-Term Employment Contract?<\/a><\/li>\n\n\n\n<li><a href=\"https:\/\/efeshukuk.com\/en\/deneme-sureli-calisma\/\" target=\"_blank\" rel=\"noreferrer noopener\">Trial Period Work<\/a><\/li>\n\n\n\n<li><a href=\"https:\/\/efeshukuk.com\/en\/is-sozlesmelerinde-cezai-sart\/\" target=\"_blank\" rel=\"noreferrer noopener\">Penalty Clauses in Employment Contracts<\/a><\/li>\n\n\n\n<li><a href=\"https:\/\/efeshukuk.com\/en\/isten-ayrilma-dilekcesi\/\" target=\"_blank\" rel=\"noreferrer noopener\">Resignation Letter<\/a><\/li>\n\n\n\n<li><a href=\"https:\/\/efeshukuk.com\/en\/iscinin-hakli-sebep-ile-feshi\/\" target=\"_blank\" rel=\"noreferrer noopener\">Termination of Employment by the Employee for Just Cause<\/a><\/li>\n\n\n\n<li><a href=\"https:\/\/efeshukuk.com\/en\/4857-sayili-is-kanunu-25-madde\/\" target=\"_blank\" rel=\"noreferrer noopener\">Termination by the Employer for Just Cause (Article 25)<\/a><\/li>\n\n\n\n<li><a href=\"https:\/\/efeshukuk.com\/en\/askerlik-nedeniyle-isten-ayrilma\/\" target=\"_blank\" rel=\"noreferrer noopener\">Leaving work due to military service.<\/a><\/li>\n\n\n\n<li><a href=\"https:\/\/efeshukuk.com\/en\/is-akdim-feshedildi-neler-yapmaliyim\/\">My employment contract has been terminated. What should I do?<\/a><\/li>\n\n\n\n<li><a href=\"https:\/\/efeshukuk.com\/en\/ise-iade-davasi\/\" target=\"_blank\" rel=\"noreferrer noopener\">What is a Reinstatement Lawsuit?<\/a><\/li>\n\n\n\n<li><a href=\"https:\/\/efeshukuk.com\/en\/iscinin-ise-gelmemesi\/\" type=\"post\" id=\"8962\">Employee Absence from Work<\/a><\/li>\n<\/ul>\n<\/div>\n<\/div>\n<\/div>\n\n\n\n<div data-wp-context=\"{ &quot;autoclose&quot;: false, &quot;accordionItems&quot;: [] }\" data-wp-interactive=\"core\/accordion\" role=\"group\" class=\"wp-block-accordion is-layout-flow wp-block-accordion-is-layout-flow\">\n<div data-wp-class--is-open=\"state.isOpen\" data-wp-context=\"{ &quot;id&quot;: &quot;accordion-item-2&quot;, &quot;openByDefault&quot;: false }\" data-wp-init=\"callbacks.initAccordionItems\" data-wp-on-window--hashchange=\"callbacks.hashChange\" class=\"wp-block-accordion-item is-layout-flow wp-block-accordion-item-is-layout-flow\">\n<h3 class=\"wp-block-accordion-heading has-small-font-size\"><button aria-expanded=\"false\" aria-controls=\"accordion-item-2-panel\" data-wp-bind--aria-expanded=\"state.isOpen\" data-wp-on--click=\"actions.toggle\" data-wp-on--keydown=\"actions.handleKeyDown\" id=\"accordion-item-2\" type=\"button\" class=\"wp-block-accordion-heading__toggle\"><span class=\"wp-block-accordion-heading__toggle-title\">WAGES, CLAIMS AND COMPENSATION<\/span><span class=\"wp-block-accordion-heading__toggle-icon\" aria-hidden=\"true\">+<\/span><\/button><\/h3>\n\n\n\n<div inert aria-labelledby=\"accordion-item-2\" data-wp-bind--inert=\"!state.isOpen\" id=\"accordion-item-2-panel\" role=\"region\" class=\"wp-block-accordion-panel is-layout-flow wp-block-accordion-panel-is-layout-flow\">\n<ul class=\"wp-block-list\">\n<li><a href=\"https:\/\/efeshukuk.com\/en\/ucreti-odenmeyen-iscinin-haklari\/\" target=\"_blank\" rel=\"noreferrer noopener\">Rights of an Unpaid Worker<\/a><\/li>\n\n\n\n<li><a href=\"https:\/\/efeshukuk.com\/en\/iscinin-gercek-ucretinin-tespiti\/\" target=\"_blank\" rel=\"noreferrer noopener\">Determining the Worker&#039;s Actual Wage<\/a><\/li>\n\n\n\n<li><a href=\"https:\/\/efeshukuk.com\/en\/iscilik-alacaklari-nelerdir\/\" target=\"_blank\" rel=\"noreferrer noopener\">What are labor claims?<\/a><\/li>\n\n\n\n<li><a href=\"https:\/\/efeshukuk.com\/en\/iscilik-alacaklarinda-zamanasimi\/\" target=\"_blank\" rel=\"noreferrer noopener\">Statute of Limitations on Labor Claims<\/a><\/li>\n\n\n\n<li><a href=\"https:\/\/efeshukuk.com\/en\/isci-alacaklarinde-faiz\/\" target=\"_blank\" rel=\"noreferrer noopener\">Interest on Employee Claims<\/a><\/li>\n\n\n\n<li><a href=\"https:\/\/efeshukuk.com\/en\/kidem-tazminati-nedir\/\">What is severance pay?<\/a><\/li>\n\n\n\n<li><a href=\"https:\/\/efeshukuk.com\/en\/ihbar-tazminati-nedir\/\" target=\"_blank\" rel=\"noreferrer noopener\">What is severance pay?<\/a><\/li>\n\n\n\n<li><a href=\"https:\/\/efeshukuk.com\/en\/ilave-tediye-nedir\/\" target=\"_blank\" rel=\"noreferrer noopener\">What is Additional Payment?<\/a><\/li>\n\n\n\n<li><a href=\"https:\/\/efeshukuk.com\/en\/ubgt-nedir\/\" target=\"_blank\" rel=\"noreferrer noopener\">What is UBGT?<\/a><\/li>\n\n\n\n<li><a href=\"https:\/\/efeshukuk.com\/en\/ayrimcilik-tazminati\/\">Discrimination Compensation<\/a><\/li>\n\n\n\n<li><a href=\"https:\/\/efeshukuk.com\/en\/evlenme-nedeniyle-tazminat\/\" target=\"_blank\" rel=\"noreferrer noopener\">Compensation due to marriage<\/a><\/li>\n<\/ul>\n<\/div>\n<\/div>\n<\/div>\n\n\n\n<div data-wp-context=\"{ &quot;autoclose&quot;: false, &quot;accordionItems&quot;: [] }\" data-wp-interactive=\"core\/accordion\" role=\"group\" class=\"wp-block-accordion is-layout-flow wp-block-accordion-is-layout-flow\">\n<div data-wp-class--is-open=\"state.isOpen\" data-wp-context=\"{ &quot;id&quot;: &quot;accordion-item-3&quot;, &quot;openByDefault&quot;: false }\" data-wp-init=\"callbacks.initAccordionItems\" data-wp-on-window--hashchange=\"callbacks.hashChange\" class=\"wp-block-accordion-item is-layout-flow wp-block-accordion-item-is-layout-flow\">\n<h3 class=\"wp-block-accordion-heading has-small-font-size\"><button aria-expanded=\"false\" aria-controls=\"accordion-item-3-panel\" data-wp-bind--aria-expanded=\"state.isOpen\" data-wp-on--click=\"actions.toggle\" data-wp-on--keydown=\"actions.handleKeyDown\" id=\"accordion-item-3\" type=\"button\" class=\"wp-block-accordion-heading__toggle\"><span class=\"wp-block-accordion-heading__toggle-title\">WORKING CONDITIONS AND MOBBING<\/span><span class=\"wp-block-accordion-heading__toggle-icon\" aria-hidden=\"true\">+<\/span><\/button><\/h3>\n\n\n\n<div inert aria-labelledby=\"accordion-item-3\" data-wp-bind--inert=\"!state.isOpen\" id=\"accordion-item-3-panel\" role=\"region\" class=\"wp-block-accordion-panel is-layout-flow wp-block-accordion-panel-is-layout-flow\">\n<ul class=\"wp-block-list\">\n<li><a href=\"https:\/\/efeshukuk.com\/en\/mobbing-nedir\/\" target=\"_blank\" rel=\"noreferrer noopener\">What is mobbing?<\/a><\/li>\n\n\n\n<li><a href=\"https:\/\/efeshukuk.com\/en\/yargitay-mobbing\/\" target=\"_blank\" rel=\"noreferrer noopener\">Mobbing in Light of Supreme Court Decisions<\/a><\/li>\n\n\n\n<li><a href=\"https:\/\/efeshukuk.com\/en\/mobbing-ispat-kosullari\/\" target=\"_blank\" rel=\"noreferrer noopener\">Conditions for Proving Mobbing<\/a><\/li>\n\n\n\n<li><a href=\"https:\/\/efeshukuk.com\/en\/isverenin-esit-davranma-yukumlulugu\/\" target=\"_blank\" rel=\"noreferrer noopener\">Employer&#039;s Obligation to Treat Employees Equally<\/a><\/li>\n\n\n\n<li><a href=\"https:\/\/efeshukuk.com\/en\/calisma-suresinden-sayilan-haller\/\" target=\"_blank\" rel=\"noreferrer noopener\">Situations that are counted as working time<\/a><\/li>\n\n\n\n<li><a href=\"https:\/\/efeshukuk.com\/en\/calisma-kosullarinda-esasli-degisiklik\/\" target=\"_blank\" rel=\"noreferrer noopener\">Substantial Change in the Worker&#039;s Working Conditions<\/a><\/li>\n\n\n\n<li><a href=\"https:\/\/efeshukuk.com\/en\/gece-calismasi-fazla-mesai\/\" target=\"_blank\" rel=\"noreferrer noopener\">Night Shift, Overtime<\/a><\/li>\n\n\n\n<li><a href=\"https:\/\/efeshukuk.com\/en\/isyerinde-alkol-kullanmak\/\" target=\"_blank\" rel=\"noreferrer noopener\">Drinking Alcohol in the Workplace<\/a><\/li>\n<\/ul>\n<\/div>\n<\/div>\n<\/div>\n\n\n\n<div data-wp-context=\"{ &quot;autoclose&quot;: false, &quot;accordionItems&quot;: [] }\" data-wp-interactive=\"core\/accordion\" role=\"group\" class=\"wp-block-accordion is-layout-flow wp-block-accordion-is-layout-flow\">\n<div data-wp-class--is-open=\"state.isOpen\" data-wp-context=\"{ &quot;id&quot;: &quot;accordion-item-4&quot;, &quot;openByDefault&quot;: false }\" data-wp-init=\"callbacks.initAccordionItems\" data-wp-on-window--hashchange=\"callbacks.hashChange\" class=\"wp-block-accordion-item is-layout-flow wp-block-accordion-item-is-layout-flow\">\n<h3 class=\"wp-block-accordion-heading has-small-font-size\"><button aria-expanded=\"false\" aria-controls=\"accordion-item-4-panel\" data-wp-bind--aria-expanded=\"state.isOpen\" data-wp-on--click=\"actions.toggle\" data-wp-on--keydown=\"actions.handleKeyDown\" id=\"accordion-item-4\" type=\"button\" class=\"wp-block-accordion-heading__toggle\"><span class=\"wp-block-accordion-heading__toggle-title\">PERMISSIONS AND SPECIAL RIGHTS<\/span><span class=\"wp-block-accordion-heading__toggle-icon\" aria-hidden=\"true\">+<\/span><\/button><\/h3>\n\n\n\n<div inert aria-labelledby=\"accordion-item-4\" data-wp-bind--inert=\"!state.isOpen\" id=\"accordion-item-4-panel\" role=\"region\" class=\"wp-block-accordion-panel is-layout-flow wp-block-accordion-panel-is-layout-flow\">\n<ul class=\"wp-block-list\">\n<li><a href=\"https:\/\/efeshukuk.com\/en\/annelerin-hukuki-haklari\/\">Mothers&#039; Legal Rights<\/a><\/li>\n\n\n\n<li><a href=\"https:\/\/efeshukuk.com\/en\/dogum-izni-sut-iznir\/\" target=\"_blank\" rel=\"noreferrer noopener\">Maternity Leave &amp; Breastfeeding Leave<\/a><\/li>\n\n\n\n<li><a href=\"https:\/\/efeshukuk.com\/en\/yillik-izin-sureleri\/\" target=\"_blank\" rel=\"noreferrer noopener\">Annual Leave Periods<\/a><\/li>\n\n\n\n<li><a href=\"https:\/\/efeshukuk.com\/en\/olum-izni-kac-gun\/\" target=\"_blank\" rel=\"noreferrer noopener\">How many days is bereavement leave?<\/a><\/li>\n\n\n\n<li><a href=\"https:\/\/efeshukuk.com\/en\/sua-izni-nedir\/\" target=\"_blank\" rel=\"noreferrer noopener\">What is Radiation Permission?<\/a><\/li>\n\n\n\n<li><a href=\"https:\/\/efeshukuk.com\/en\/engelli-ve-eski-hukumlu-calistirma-zorunlulugu\/\" target=\"_blank\" rel=\"noreferrer noopener\">Obligation to Employ Disabled Persons and Former Convicts<\/a><\/li>\n\n\n\n<li><a href=\"https:\/\/efeshukuk.com\/en\/depremzede-iscilerin-haklari\/\" target=\"_blank\" rel=\"noreferrer noopener\">Rights of Earthquake-Affected Workers<\/a><\/li>\n<\/ul>\n<\/div>\n<\/div>\n<\/div>\n\n\n\n<div data-wp-context=\"{ &quot;autoclose&quot;: false, &quot;accordionItems&quot;: [] }\" data-wp-interactive=\"core\/accordion\" role=\"group\" class=\"wp-block-accordion is-layout-flow wp-block-accordion-is-layout-flow\">\n<div data-wp-class--is-open=\"state.isOpen\" data-wp-context=\"{ &quot;id&quot;: &quot;accordion-item-5&quot;, &quot;openByDefault&quot;: false }\" data-wp-init=\"callbacks.initAccordionItems\" data-wp-on-window--hashchange=\"callbacks.hashChange\" class=\"wp-block-accordion-item is-layout-flow wp-block-accordion-item-is-layout-flow\">\n<h3 class=\"wp-block-accordion-heading has-small-font-size\"><button aria-expanded=\"false\" aria-controls=\"accordion-item-5-panel\" data-wp-bind--aria-expanded=\"state.isOpen\" data-wp-on--click=\"actions.toggle\" data-wp-on--keydown=\"actions.handleKeyDown\" id=\"accordion-item-5\" type=\"button\" class=\"wp-block-accordion-heading__toggle\"><span class=\"wp-block-accordion-heading__toggle-title\">WORK ACCIDENTS AND OCCUPATIONAL DISEASES<\/span><span class=\"wp-block-accordion-heading__toggle-icon\" aria-hidden=\"true\">+<\/span><\/button><\/h3>\n\n\n\n<div inert aria-labelledby=\"accordion-item-5\" data-wp-bind--inert=\"!state.isOpen\" id=\"accordion-item-5-panel\" role=\"region\" class=\"wp-block-accordion-panel is-layout-flow wp-block-accordion-panel-is-layout-flow\">\n<ul class=\"wp-block-list\">\n<li><a href=\"https:\/\/efeshukuk.com\/en\/is-kazasi-nedir\/\" target=\"_blank\" rel=\"noreferrer noopener\">What is a workplace accident?<\/a><\/li>\n\n\n\n<li><a href=\"https:\/\/efeshukuk.com\/en\/is-kazasi-nedeniyle-tazminat\/\" target=\"_blank\" rel=\"noreferrer noopener\">Compensation due to workplace accident<\/a><\/li>\n\n\n\n<li><a href=\"https:\/\/efeshukuk.com\/en\/meslek-hastaligi-nedir\/\">What is an occupational disease?<\/a><\/li>\n<\/ul>\n<\/div>\n<\/div>\n<\/div>\n\n\n\n<div data-wp-context=\"{ &quot;autoclose&quot;: false, &quot;accordionItems&quot;: [] }\" data-wp-interactive=\"core\/accordion\" role=\"group\" class=\"wp-block-accordion is-layout-flow wp-block-accordion-is-layout-flow\">\n<div data-wp-class--is-open=\"state.isOpen\" data-wp-context=\"{ &quot;id&quot;: &quot;accordion-item-6&quot;, &quot;openByDefault&quot;: false }\" data-wp-init=\"callbacks.initAccordionItems\" data-wp-on-window--hashchange=\"callbacks.hashChange\" class=\"wp-block-accordion-item is-layout-flow wp-block-accordion-item-is-layout-flow\">\n<h3 class=\"wp-block-accordion-heading has-small-font-size\"><button aria-expanded=\"false\" aria-controls=\"accordion-item-6-panel\" data-wp-bind--aria-expanded=\"state.isOpen\" data-wp-on--click=\"actions.toggle\" data-wp-on--keydown=\"actions.handleKeyDown\" id=\"accordion-item-6\" type=\"button\" class=\"wp-block-accordion-heading__toggle\"><span class=\"wp-block-accordion-heading__toggle-title\">PROCEDURES AND OTHER RIGHTS<\/span><span class=\"wp-block-accordion-heading__toggle-icon\" aria-hidden=\"true\">+<\/span><\/button><\/h3>\n\n\n\n<div inert aria-labelledby=\"accordion-item-6\" data-wp-bind--inert=\"!state.isOpen\" id=\"accordion-item-6-panel\" role=\"region\" class=\"wp-block-accordion-panel is-layout-flow wp-block-accordion-panel-is-layout-flow\">\n<ul class=\"wp-block-list\">\n<li><a href=\"https:\/\/efeshukuk.com\/en\/is-davalari-ne-kadar-sure\/\" target=\"_blank\" rel=\"noreferrer noopener\">How long do employment lawsuits last?<\/a><\/li>\n\n\n\n<li><a href=\"https:\/\/efeshukuk.com\/en\/is-hukukunda-deliller\/\" target=\"_blank\" rel=\"noreferrer noopener\">Evidence in Labor Law<\/a><\/li>\n\n\n\n<li><a href=\"https:\/\/efeshukuk.com\/en\/is-hukukunda-ibraname\/\" target=\"_blank\" rel=\"noreferrer noopener\">Release Agreement in Labor Law<\/a><\/li>\n\n\n\n<li><a href=\"https:\/\/efeshukuk.com\/en\/sgk-cikis-kodlari\/\" target=\"_blank\" rel=\"noreferrer noopener\">SGK Exit Codes<\/a><\/li>\n\n\n\n<li><a href=\"https:\/\/efeshukuk.com\/en\/hizmet-tespit-davasi\/\" target=\"_blank\" rel=\"noreferrer noopener\">Service Determination Lawsuit<\/a><\/li>\n\n\n\n<li><a href=\"https:\/\/efeshukuk.com\/en\/toplu-is-hukuku-nedir\/\" target=\"_blank\" rel=\"noreferrer noopener\">What is Collective Labor Law?<\/a><\/li>\n\n\n\n<li><a href=\"https:\/\/efeshukuk.com\/en\/gecisi-is-iliskisi-nedir\/\" target=\"_blank\" rel=\"noreferrer noopener\">Temporary Business Relationship<\/a><\/li>\n\n\n\n<li><a href=\"https:\/\/efeshukuk.com\/en\/memurlarin-disiplin-surecleri\/\" target=\"_blank\" rel=\"noreferrer noopener\">Disciplinary Processes for Civil Servants<\/a><\/li>\n\n\n\n<li><a href=\"https:\/\/efeshukuk.com\/en\/lokavt-nedir\/\" target=\"_blank\" rel=\"noreferrer noopener\">What is a lockout?<\/a><\/li>\n\n\n\n<li><a href=\"https:\/\/efeshukuk.com\/en\/calisan-buluslari\/\">Employee Inventions<\/a><\/li>\n\n\n\n<li><a href=\"https:\/\/efeshukuk.com\/en\/sgk-cikis-kodu\/\">SGK Exit Code<\/a><\/li>\n\n\n\n<li><a href=\"https:\/\/efeshukuk.com\/en\/davanin-ihbari-nedir\/\">What is a lawsuit notification?<\/a><\/li>\n<\/ul>\n<\/div>\n<\/div>\n<\/div>\n\n\n\n<p><a href=\"https:\/\/efeshukuk.com\/en\/calisma-alanlari\/izmir-is-avukati\/\" target=\"_blank\" rel=\"noreferrer noopener\">Izmir Employment Lawyer<\/a><\/p>\n\n\n\n<div class=\"wp-block-media-text alignwide is-stacked-on-mobile\" style=\"grid-template-columns:30% auto\"><figure class=\"wp-block-media-text__media\"><img loading=\"lazy\" decoding=\"async\" width=\"720\" height=\"720\" src=\"https:\/\/www.efeshukuk.com\/wp-content\/uploads\/2021\/01\/Ephesus-Law-Firm-3.jpg\" alt=\"Logo\" class=\"wp-image-1057 size-full\" srcset=\"\" sizes=\"auto, (max-width: 720px) 100vw, 720px\" data-srcset=\"\" \/><\/figure><div class=\"wp-block-media-text__content\">\n<p class=\"has-black-color has-text-color translation-block\"><strong>Address:<\/strong> Nergis Neighborhood, Girne Boulevard No: 83, Floor 2, Apartment 2, Kar\u015f\u0131yaka, \u0130zmir<\/p>\n\n\n\n<p class=\"has-black-color has-text-color\"><strong>E-mail<\/strong>: <a href=\"mailto:contact@example.com\"><span class=\"has-inline-color has-vivid-cyan-blue-color\">info@efeshukuk.com<\/span><\/a><\/p>\n\n\n\n<p class=\"has-black-color has-text-color\"><strong>Phone<\/strong>: +90 534 415 52 56<\/p>\n\n\n\n<style>\n\/* --- Sosyal ve \u0130leti\u015fim \u0130kon Kapsay\u0131c\u0131 --- *\/\n.efes-social-wrapper {\n    display: flex;\n    gap: 12px;\n    justify-content: flex-start; \/* Sola yaslar, kart i\u00e7inde kullanacaksan\u0131z center yapabilirsiniz *\/\n    padding: 20px 0;\n    background: #ffffff;\n    flex-wrap: wrap; \/* Mobilde ta\u015fma yapmamas\u0131 i\u00e7in *\/\n}\n\n\/* --- \u0130kon Buton Stili --- *\/\n.efes-social-btn {\n    width: 40px;\n    height: 40px;\n    display: flex;\n    align-items: center;\n    justify-content: center;\n    text-decoration: none;\n    border-radius: 6px;\n    transition: all 0.3s ease;\n    border: 1px solid #e0e0e0;\n    background: #ffffff;\n}\n\n\/* --- SVG \u0130kon Renkleri --- *\/\n.efes-social-btn svg {\n    width: 20px;\n    height: 20px;\n    fill: #000000;\n    transition: all 0.3s ease;\n}\n\n\/* --- Hover Efekti --- *\/\n.efes-social-btn:hover {\n    background-color: #000000;\n    border-color: #000000;\n    transform: translateY(-3px);\n}\n\n.efes-social-btn:hover svg {\n    fill: #ffffff;\n}\n\n\/* --- Mobil D\u00fczenleme --- *\/\n@media (max-width: 768px) {\n    .efes-social-btn { width: 38px; height: 38px; }\n}\n<\/style>\n\n<div class=\"efes-social-wrapper\">\n    <a href=\"https:\/\/facebook.com\/efeshukukburosu\" class=\"efes-social-btn\" target=\"_blank\" rel=\"noopener\" aria-label=\"Facebook\">\n        <svg viewbox=\"0 0 24 24\"><path d=\"M18 2h-3a5 5 0 0 0-5 5v3H7v4h3v8h4v-8h3l1-4h-4V7a1 1 0 0 1 1-1h3z\"><\/path><\/svg>\n    <\/a>\n\n    <a href=\"https:\/\/linkedin.com\/company\/efeshukuk\/\" class=\"efes-social-btn\" target=\"_blank\" rel=\"noopener\" aria-label=\"LinkedIn\">\n        <svg viewbox=\"0 0 24 24\"><path d=\"M16 8a6 6 0 0 1 6 6v7h-4v-7a2 2 0 0 0-2-2 2 2 0 0 0-2 2v7h-4v-7a6 6 0 0 1 6-6z\"><\/path><rect x=\"2\" y=\"9\" width=\"4\" height=\"12\"><\/rect><circle cx=\"4\" cy=\"4\" r=\"2\"><\/circle><\/svg>\n    <\/a>\n\n    <a href=\"https:\/\/instagram.com\/efeshukukburosu\" class=\"efes-social-btn\" target=\"_blank\" rel=\"noopener\" aria-label=\"Instagram\">\n        <svg viewbox=\"0 0 24 24\"><path d=\"M12 2.163c3.204 0 3.584.012 4.85.07 3.252.148 4.771 1.691 4.919 4.919.058 1.265.069 1.645.069 4.849 0 3.205-.012 3.584-.069 4.849-.149 3.225-1.664 4.771-4.919 4.919-1.266.058-1.644.07-4.85.07-3.204 0-3.584-.012-4.849-.07-3.26-.149-4.771-1.699-4.919-4.92-.058-1.265-.07-1.644-.07-4.849 0-3.204.013-3.583.07-4.849.149-3.227 1.664-4.771 4.919-4.919 1.266-.057 1.645-.069 4.849-.069zm0-2.163c-3.259 0-3.667.014-4.947.072-4.358.2-6.78 2.618-6.98 6.98-.059 1.281-.073 1.689-.073 4.948 0 3.259.014 3.668.072 4.948.2 4.358 2.618 6.78 6.98 6.98 1.281.058 1.689.072 4.948.072 3.259 0 3.668-.014 4.948-.072 4.354-.2 6.782-2.618 6.979-6.98.059-1.28.073-1.689.073-4.948 0-3.259-.014-3.667-.072-4.947-.196-4.354-2.617-6.78-6.979-6.98-1.281-.059-1.69-.073-4.949-.073zm0 5.838c-3.403 0-6.162 2.759-6.162 6.162s2.759 6.163 6.162 6.163 6.162-2.759 6.162-6.163-2.759-6.162-6.162-6.162zm0 10.162c-2.209 0-4-1.79-4-4 0-2.209 1.791-4 4-4s4 1.791 4 4c0 2.21-1.791 4-4 4zm6.406-11.845c-.796 0-1.441.645-1.441 1.44s.645 1.44 1.441 1.44c.795 0 1.439-.645 1.439-1.44s-.644-1.44-1.439-1.44z\"\/><\/svg>\n    <\/a>\n\n    <a href=\"mailto:info@efeshukuk.com\" class=\"efes-social-btn\" aria-label=\"Send Email\">\n        <svg viewbox=\"0 0 24 24\"><path d=\"M0 3v18h24v-18h-24zm6.623 7.929l-4.623 5.712v-9.458l4.623 3.746zm-4.141-5.929h19.035l-9.517 7.713-9.518-7.713zm5.694 7.188l3.824 3.099l3.83-3.104 5.612 8.138h-18.745l5.479-8.133zm8.171-1.259l4.653-3.771v9.487l-4.653-5.716z\"\/><\/svg>\n    <\/a>\n\n    <a href=\"https:\/\/www.google.com\/maps\/place\/Efes+Hukuk+B%C3%BCrosu+-+Kar%C5%9F%C4%B1yaka+Avukat\/@38.458734,27.107183,17z\/data=!3m1!4b1!4m6!3m5!1s0x14bbd9b483567e9d:0xdad9b9deb6d6c709!8m2!3d38.458734!4d27.107183!16s%2Fg%2F11r9ctjdcx?entry=ttu&#038;g_ep=EgoyMDI2MDMyNC4wIKXMDSoASAFQAw%3D%3D\" class=\"efes-social-btn\" target=\"_blank\" rel=\"noopener\" aria-label=\"View on Map\">\n        <svg viewbox=\"0 0 24 24\"><path d=\"M12 2C8.13 2 5 5.13 5 9c0 5.25 7 13 7 13s7-7.75 7-13c0-3.87-3.13-7-7-7zm0 9.5a2.5 2.5 0 0 1 0-5 2.5 2.5 0 0 1 0 5z\"\/><\/svg>\n    <\/a>\n\n    <a href=\"tel:+905344155256\" class=\"efes-social-btn\" aria-label=\"Call by phone\">\n        <svg viewbox=\"0 0 24 24\"><path d=\"M6.62 10.79a15.05 15.05 0 0 0 6.59 6.59l2.2-2.2c.27-.27.67-.36 1.02-.24 1.12.37 2.33.57 3.57.57.55 0 1 .45 1 1V20c0 .55-.45 1-1 1-9.39 0-17-7.61-17-17 0-.55.45-1 1-1h3.5c.55 0 1 .45 1 1 0 1.25.2 2.45.57 3.57.11.35.03.74-.25 1.02l-2.2 2.2z\"\/><\/svg>\n    <\/a>\n<\/div>\n<\/div><\/div>","protected":false},"excerpt":{"rendered":"<p>Employee Absence from Work \u2013 Izmir Lawyer If an employee falls ill or has an accident, a doctor issues a sick leave certificate. Also known as a certificate of incapacity for work\u2026<\/p>","protected":false},"author":1,"featured_media":0,"comment_status":"open","ping_status":"closed","sticky":false,"template":"","format":"standard","meta":{"footnotes":""},"categories":[97],"tags":[],"class_list":["post-8962","post","type-post","status-publish","format-standard","hentry","category-is-hukuku"],"yoast_head":"<!-- This site is optimized with the Yoast SEO Premium plugin v27.0 (Yoast SEO v27.5) - https:\/\/yoast.com\/product\/yoast-seo-premium-wordpress\/ -->\n<title>\u0130\u015f\u00e7inin \u0130\u015fe Gelmemesi - Efes Hukuk B\u00fcrosu<\/title>\n<meta name=\"description\" content=\"\u0130\u015f\u00e7inin i\u015fverenden izin almaks\u0131z\u0131n veya hakl\u0131 bir sebebe dayanmaks\u0131z\u0131n ard\u0131 ard\u0131na iki i\u015fg\u00fcn\u00fc veya bir ay i\u00e7inde iki defa...\" \/>\n<meta name=\"robots\" content=\"index, follow, max-snippet:-1, max-image-preview:large, max-video-preview:-1\" \/>\n<link rel=\"canonical\" href=\"https:\/\/efeshukuk.com\/en\/iscinin-ise-gelmemesi\/\" \/>\n<meta property=\"og:locale\" content=\"en_US\" \/>\n<meta property=\"og:type\" content=\"article\" \/>\n<meta property=\"og:title\" content=\"\u0130\u015f\u00e7inin \u0130\u015fe Gelmemesi\" \/>\n<meta property=\"og:description\" content=\"\u0130\u015f\u00e7inin \u0130\u015fe Gelmemesi - \u0130zmir Avukat \u0130\u015f\u00e7inin hastalanmas\u0131 ya da kaza ge\u00e7irmesi durumunda doktor taraf\u0131ndan i\u015f\u00e7iye istirahat raporu verilir. \u0130\u015f g\u00f6remezlik\" \/>\n<meta property=\"og:url\" content=\"https:\/\/efeshukuk.com\/en\/iscinin-ise-gelmemesi\/\" \/>\n<meta property=\"og:site_name\" content=\"Efes Hukuk B\u00fcrosu\" \/>\n<meta property=\"article:publisher\" content=\"https:\/\/www.facebook.com\/efeshukukburosu\" \/>\n<meta property=\"article:published_time\" content=\"2023-09-26T09:39:27+00:00\" \/>\n<meta property=\"article:modified_time\" content=\"2026-04-01T12:39:37+00:00\" \/>\n<meta property=\"og:image\" content=\"https:\/\/efeshukuk.com\/wp-content\/uploads\/2023\/09\/Markanin-Kullanmama-Sebebi-Ile-Iptali-26.webp\" \/>\n\t<meta property=\"og:image:width\" content=\"1200\" \/>\n\t<meta property=\"og:image:height\" content=\"630\" \/>\n\t<meta property=\"og:image:type\" content=\"image\/webp\" \/>\n<meta name=\"author\" content=\"Av. Mustafa Yolcu\" \/>\n<meta name=\"twitter:card\" content=\"summary_large_image\" \/>\n<meta name=\"twitter:label1\" content=\"Written by\" \/>\n\t<meta name=\"twitter:data1\" content=\"Av. Mustafa Yolcu\" \/>\n<script type=\"application\/ld+json\" class=\"yoast-schema-graph\">{\"@context\":\"https:\\\/\\\/schema.org\",\"@graph\":[{\"@type\":\"Article\",\"@id\":\"https:\\\/\\\/efeshukuk.com\\\/iscinin-ise-gelmemesi\\\/#article\",\"isPartOf\":{\"@id\":\"https:\\\/\\\/efeshukuk.com\\\/iscinin-ise-gelmemesi\\\/\"},\"author\":{\"name\":\"Av. Mustafa Yolcu\",\"@id\":\"https:\\\/\\\/efeshukuk.com\\\/#\\\/schema\\\/person\\\/3669273e38fd03f3f3ca1d7225da67ac\"},\"headline\":\"\u0130\u015f\u00e7inin \u0130\u015fe Gelmemesi\",\"datePublished\":\"2023-09-26T09:39:27+00:00\",\"dateModified\":\"2026-04-01T12:39:37+00:00\",\"mainEntityOfPage\":{\"@id\":\"https:\\\/\\\/efeshukuk.com\\\/iscinin-ise-gelmemesi\\\/\"},\"wordCount\":1608,\"commentCount\":0,\"publisher\":{\"@id\":\"https:\\\/\\\/efeshukuk.com\\\/#organization\"},\"image\":{\"@id\":\"https:\\\/\\\/efeshukuk.com\\\/iscinin-ise-gelmemesi\\\/#primaryimage\"},\"thumbnailUrl\":\"https:\\\/\\\/www.efeshukuk.com\\\/wp-content\\\/uploads\\\/2023\\\/09\\\/Markanin-Kullanmama-Sebebi-Ile-Iptali-26-1024x538.webp\",\"articleSection\":[\"\u0130\u015f Hukuku\"],\"inLanguage\":\"en-US\",\"potentialAction\":[{\"@type\":\"CommentAction\",\"name\":\"Comment\",\"target\":[\"https:\\\/\\\/efeshukuk.com\\\/iscinin-ise-gelmemesi\\\/#respond\"]}]},{\"@type\":\"WebPage\",\"@id\":\"https:\\\/\\\/efeshukuk.com\\\/iscinin-ise-gelmemesi\\\/\",\"url\":\"https:\\\/\\\/efeshukuk.com\\\/iscinin-ise-gelmemesi\\\/\",\"name\":\"\u0130\u015f\u00e7inin \u0130\u015fe Gelmemesi - Efes Hukuk B\u00fcrosu\",\"isPartOf\":{\"@id\":\"https:\\\/\\\/efeshukuk.com\\\/#website\"},\"primaryImageOfPage\":{\"@id\":\"https:\\\/\\\/efeshukuk.com\\\/iscinin-ise-gelmemesi\\\/#primaryimage\"},\"image\":{\"@id\":\"https:\\\/\\\/efeshukuk.com\\\/iscinin-ise-gelmemesi\\\/#primaryimage\"},\"thumbnailUrl\":\"https:\\\/\\\/www.efeshukuk.com\\\/wp-content\\\/uploads\\\/2023\\\/09\\\/Markanin-Kullanmama-Sebebi-Ile-Iptali-26-1024x538.webp\",\"datePublished\":\"2023-09-26T09:39:27+00:00\",\"dateModified\":\"2026-04-01T12:39:37+00:00\",\"description\":\"\u0130\u015f\u00e7inin i\u015fverenden izin almaks\u0131z\u0131n veya hakl\u0131 bir sebebe dayanmaks\u0131z\u0131n ard\u0131 ard\u0131na iki i\u015fg\u00fcn\u00fc veya bir ay i\u00e7inde iki defa...\",\"breadcrumb\":{\"@id\":\"https:\\\/\\\/efeshukuk.com\\\/iscinin-ise-gelmemesi\\\/#breadcrumb\"},\"inLanguage\":\"en-US\",\"potentialAction\":[{\"@type\":\"ReadAction\",\"target\":[\"https:\\\/\\\/efeshukuk.com\\\/iscinin-ise-gelmemesi\\\/\"]}]},{\"@type\":\"ImageObject\",\"inLanguage\":\"en-US\",\"@id\":\"https:\\\/\\\/efeshukuk.com\\\/iscinin-ise-gelmemesi\\\/#primaryimage\",\"url\":\"https:\\\/\\\/www.efeshukuk.com\\\/wp-content\\\/uploads\\\/2023\\\/09\\\/Markanin-Kullanmama-Sebebi-Ile-Iptali-26-1024x538.webp\",\"contentUrl\":\"https:\\\/\\\/www.efeshukuk.com\\\/wp-content\\\/uploads\\\/2023\\\/09\\\/Markanin-Kullanmama-Sebebi-Ile-Iptali-26-1024x538.webp\"},{\"@type\":\"BreadcrumbList\",\"@id\":\"https:\\\/\\\/efeshukuk.com\\\/iscinin-ise-gelmemesi\\\/#breadcrumb\",\"itemListElement\":[{\"@type\":\"ListItem\",\"position\":1,\"name\":\"Ana sayfa\",\"item\":\"https:\\\/\\\/efeshukuk.com\\\/\"},{\"@type\":\"ListItem\",\"position\":2,\"name\":\"\u0130\u015f\u00e7inin \u0130\u015fe Gelmemesi\"}]},{\"@type\":\"WebSite\",\"@id\":\"https:\\\/\\\/efeshukuk.com\\\/#website\",\"url\":\"https:\\\/\\\/efeshukuk.com\\\/\",\"name\":\"Efes Hukuk B\u00fcrosu\",\"description\":\"\u0130zmir&#039;deki Avukat\u0131n\u0131z\",\"publisher\":{\"@id\":\"https:\\\/\\\/efeshukuk.com\\\/#organization\"},\"potentialAction\":[{\"@type\":\"SearchAction\",\"target\":{\"@type\":\"EntryPoint\",\"urlTemplate\":\"https:\\\/\\\/efeshukuk.com\\\/?s={search_term_string}\"},\"query-input\":{\"@type\":\"PropertyValueSpecification\",\"valueRequired\":true,\"valueName\":\"search_term_string\"}}],\"inLanguage\":\"en-US\"},{\"@type\":[\"Organization\",\"Place\",\"LegalService\"],\"@id\":\"https:\\\/\\\/efeshukuk.com\\\/#organization\",\"name\":\"Efes Hukuk B\u00fcrosu\",\"url\":\"https:\\\/\\\/efeshukuk.com\\\/\",\"logo\":{\"@id\":\"https:\\\/\\\/efeshukuk.com\\\/iscinin-ise-gelmemesi\\\/#local-main-organization-logo\"},\"image\":{\"@id\":\"https:\\\/\\\/efeshukuk.com\\\/iscinin-ise-gelmemesi\\\/#local-main-organization-logo\"},\"sameAs\":[\"https:\\\/\\\/www.facebook.com\\\/efeshukukburosu\",\"https:\\\/\\\/www.instagram.com\\\/efeshukukburosu\\\/\",\"https:\\\/\\\/www.linkedin.com\\\/company\\\/efes-law\\\/\"],\"description\":\"Efes Hukuk B\u00fcrosu, farkl\u0131 hukuk alanlar\u0131nda uzmanla\u015fm\u0131\u015f avukat kadrosuyla bireysel ve kurumsal m\u00fcvekkillerine etkili ve \u00e7\u00f6z\u00fcm odakl\u0131 hukuki dan\u0131\u015fmanl\u0131k hizmeti sunmaktad\u0131r. Ticaret hukuku, t\u00fcketici hukuku, aile hukuku, icra ve iflas hukuku gibi bir\u00e7ok alanda derin bilgiye sahip avukatlar\u0131m\u0131zla; m\u00fcvekkillerimizin haklar\u0131n\u0131 en iyi \u015fekilde korumay\u0131 ama\u00e7l\u0131yoruz. D\u00fcnyadaki hukuki de\u011fi\u015fimleri yak\u0131ndan takip ediyor, her yeni sorunu titizlikle analiz ediyoruz. M\u00fcvekkillerimizle g\u00fcvene dayal\u0131, \u015feffaf ve yak\u0131n bir ileti\u015fim kurarak, do\u011fru kararlar almalar\u0131na destek oluyoruz. Akademik d\u00fczeyde \u00e7al\u0131\u015fan \u00e7\u00f6z\u00fcm ortaklar\u0131m\u0131z ve alan\u0131nda uzman avukatlar\u0131m\u0131zla; hukuka, meslek eti\u011fine ve Atat\u00fcrk ilke ve ink\u0131laplar\u0131na ba\u011fl\u0131 bir \u015fekilde \u00e7al\u0131\u015fmay\u0131 ilke ediniyoruz.\",\"legalName\":\"Efes Hukuk B\u00fcrosu\",\"numberOfEmployees\":{\"@type\":\"QuantitativeValue\",\"minValue\":\"1\",\"maxValue\":\"10\"},\"address\":{\"@id\":\"https:\\\/\\\/efeshukuk.com\\\/iscinin-ise-gelmemesi\\\/#local-main-place-address\"},\"geo\":{\"@type\":\"GeoCoordinates\",\"latitude\":\"38.467687\",\"longitude\":\"27.109998\"},\"telephone\":[\"+905344155256\"],\"contactPoint\":{\"@type\":\"ContactPoint\",\"telephone\":\"+905344155256\",\"email\":\"info@efeshukuk.com\"},\"openingHoursSpecification\":[{\"@type\":\"OpeningHoursSpecification\",\"dayOfWeek\":[\"Monday\",\"Tuesday\",\"Wednesday\",\"Thursday\",\"Friday\"],\"opens\":\"09:00\",\"closes\":\"18:00\"},{\"@type\":\"OpeningHoursSpecification\",\"dayOfWeek\":[\"Saturday\",\"Sunday\"],\"opens\":\"00:00\",\"closes\":\"00:00\"}],\"email\":\"info@efeshukuk.com\"},{\"@type\":\"Person\",\"@id\":\"https:\\\/\\\/efeshukuk.com\\\/#\\\/schema\\\/person\\\/3669273e38fd03f3f3ca1d7225da67ac\",\"name\":\"Av. Mustafa Yolcu\",\"image\":{\"@type\":\"ImageObject\",\"inLanguage\":\"en-US\",\"@id\":\"https:\\\/\\\/secure.gravatar.com\\\/avatar\\\/0870d5084e90c1476b180296601f5d8b1406305a23f86e567dfdfe264922c60d?s=96&d=retro&r=g\",\"url\":\"https:\\\/\\\/secure.gravatar.com\\\/avatar\\\/0870d5084e90c1476b180296601f5d8b1406305a23f86e567dfdfe264922c60d?s=96&d=retro&r=g\",\"contentUrl\":\"https:\\\/\\\/secure.gravatar.com\\\/avatar\\\/0870d5084e90c1476b180296601f5d8b1406305a23f86e567dfdfe264922c60d?s=96&d=retro&r=g\",\"caption\":\"Av. Mustafa Yolcu\"},\"sameAs\":[\"http:\\\/\\\/www.efeshukuk.com\"],\"url\":\"https:\\\/\\\/efeshukuk.com\\\/en\\\/author\\\/yztyi2\\\/\"},{\"@type\":\"PostalAddress\",\"@id\":\"https:\\\/\\\/efeshukuk.com\\\/iscinin-ise-gelmemesi\\\/#local-main-place-address\",\"streetAddress\":\"Nergiz Mahallesi Girne Blv No:83, Kat 2 D 2, 35600 Kar\u015f\u0131yaka\",\"addressLocality\":\"\u0130zmir\",\"postalCode\":\"35600\",\"addressCountry\":\"TR\"},{\"@type\":\"ImageObject\",\"inLanguage\":\"en-US\",\"@id\":\"https:\\\/\\\/efeshukuk.com\\\/iscinin-ise-gelmemesi\\\/#local-main-organization-logo\",\"url\":\"https:\\\/\\\/efeshukuk.com\\\/wp-content\\\/uploads\\\/2020\\\/11\\\/5.png\",\"contentUrl\":\"https:\\\/\\\/efeshukuk.com\\\/wp-content\\\/uploads\\\/2020\\\/11\\\/5.png\",\"width\":500,\"height\":500,\"caption\":\"Efes Hukuk B\u00fcrosu\"}]}<\/script>\n<meta name=\"geo.placename\" content=\"\u0130zmir\" \/>\n<meta name=\"geo.position\" content=\"38.467687;27.109998\" \/>\n<meta name=\"geo.region\" content=\"Turkey\" \/>\n<!-- \/ Yoast SEO Premium plugin. -->","yoast_head_json":{"title":"\u0130\u015f\u00e7inin \u0130\u015fe Gelmemesi - Efes Hukuk B\u00fcrosu","description":"\u0130\u015f\u00e7inin i\u015fverenden izin almaks\u0131z\u0131n veya hakl\u0131 bir sebebe dayanmaks\u0131z\u0131n ard\u0131 ard\u0131na iki i\u015fg\u00fcn\u00fc veya bir ay i\u00e7inde iki defa...","robots":{"index":"index","follow":"follow","max-snippet":"max-snippet:-1","max-image-preview":"max-image-preview:large","max-video-preview":"max-video-preview:-1"},"canonical":"https:\/\/efeshukuk.com\/en\/iscinin-ise-gelmemesi\/","og_locale":"en_US","og_type":"article","og_title":"\u0130\u015f\u00e7inin \u0130\u015fe Gelmemesi","og_description":"\u0130\u015f\u00e7inin \u0130\u015fe Gelmemesi - \u0130zmir Avukat \u0130\u015f\u00e7inin hastalanmas\u0131 ya da kaza ge\u00e7irmesi durumunda doktor taraf\u0131ndan i\u015f\u00e7iye istirahat raporu verilir. \u0130\u015f g\u00f6remezlik","og_url":"https:\/\/efeshukuk.com\/en\/iscinin-ise-gelmemesi\/","og_site_name":"Efes Hukuk B\u00fcrosu","article_publisher":"https:\/\/www.facebook.com\/efeshukukburosu","article_published_time":"2023-09-26T09:39:27+00:00","article_modified_time":"2026-04-01T12:39:37+00:00","og_image":[{"width":1200,"height":630,"url":"https:\/\/efeshukuk.com\/wp-content\/uploads\/2023\/09\/Markanin-Kullanmama-Sebebi-Ile-Iptali-26.webp","type":"image\/webp"}],"author":"Av. Mustafa Yolcu","twitter_card":"summary_large_image","twitter_misc":{"Written by":"Av. Mustafa Yolcu"},"schema":{"@context":"https:\/\/schema.org","@graph":[{"@type":"Article","@id":"https:\/\/efeshukuk.com\/iscinin-ise-gelmemesi\/#article","isPartOf":{"@id":"https:\/\/efeshukuk.com\/iscinin-ise-gelmemesi\/"},"author":{"name":"Av. Mustafa Yolcu","@id":"https:\/\/efeshukuk.com\/#\/schema\/person\/3669273e38fd03f3f3ca1d7225da67ac"},"headline":"\u0130\u015f\u00e7inin \u0130\u015fe Gelmemesi","datePublished":"2023-09-26T09:39:27+00:00","dateModified":"2026-04-01T12:39:37+00:00","mainEntityOfPage":{"@id":"https:\/\/efeshukuk.com\/iscinin-ise-gelmemesi\/"},"wordCount":1608,"commentCount":0,"publisher":{"@id":"https:\/\/efeshukuk.com\/#organization"},"image":{"@id":"https:\/\/efeshukuk.com\/iscinin-ise-gelmemesi\/#primaryimage"},"thumbnailUrl":"https:\/\/www.efeshukuk.com\/wp-content\/uploads\/2023\/09\/Markanin-Kullanmama-Sebebi-Ile-Iptali-26-1024x538.webp","articleSection":["\u0130\u015f Hukuku"],"inLanguage":"en-US","potentialAction":[{"@type":"CommentAction","name":"Comment","target":["https:\/\/efeshukuk.com\/iscinin-ise-gelmemesi\/#respond"]}]},{"@type":"WebPage","@id":"https:\/\/efeshukuk.com\/iscinin-ise-gelmemesi\/","url":"https:\/\/efeshukuk.com\/iscinin-ise-gelmemesi\/","name":"\u0130\u015f\u00e7inin \u0130\u015fe Gelmemesi - Efes Hukuk B\u00fcrosu","isPartOf":{"@id":"https:\/\/efeshukuk.com\/#website"},"primaryImageOfPage":{"@id":"https:\/\/efeshukuk.com\/iscinin-ise-gelmemesi\/#primaryimage"},"image":{"@id":"https:\/\/efeshukuk.com\/iscinin-ise-gelmemesi\/#primaryimage"},"thumbnailUrl":"https:\/\/www.efeshukuk.com\/wp-content\/uploads\/2023\/09\/Markanin-Kullanmama-Sebebi-Ile-Iptali-26-1024x538.webp","datePublished":"2023-09-26T09:39:27+00:00","dateModified":"2026-04-01T12:39:37+00:00","description":"\u0130\u015f\u00e7inin i\u015fverenden izin almaks\u0131z\u0131n veya hakl\u0131 bir sebebe dayanmaks\u0131z\u0131n ard\u0131 ard\u0131na iki i\u015fg\u00fcn\u00fc veya bir ay i\u00e7inde iki defa...","breadcrumb":{"@id":"https:\/\/efeshukuk.com\/iscinin-ise-gelmemesi\/#breadcrumb"},"inLanguage":"en-US","potentialAction":[{"@type":"ReadAction","target":["https:\/\/efeshukuk.com\/iscinin-ise-gelmemesi\/"]}]},{"@type":"ImageObject","inLanguage":"en-US","@id":"https:\/\/efeshukuk.com\/iscinin-ise-gelmemesi\/#primaryimage","url":"https:\/\/www.efeshukuk.com\/wp-content\/uploads\/2023\/09\/Markanin-Kullanmama-Sebebi-Ile-Iptali-26-1024x538.webp","contentUrl":"https:\/\/www.efeshukuk.com\/wp-content\/uploads\/2023\/09\/Markanin-Kullanmama-Sebebi-Ile-Iptali-26-1024x538.webp"},{"@type":"BreadcrumbList","@id":"https:\/\/efeshukuk.com\/iscinin-ise-gelmemesi\/#breadcrumb","itemListElement":[{"@type":"ListItem","position":1,"name":"Ana sayfa","item":"https:\/\/efeshukuk.com\/"},{"@type":"ListItem","position":2,"name":"\u0130\u015f\u00e7inin \u0130\u015fe Gelmemesi"}]},{"@type":"WebSite","@id":"https:\/\/efeshukuk.com\/#website","url":"https:\/\/efeshukuk.com\/","name":"Ephesus Law Firm","description":"Your Lawyer in Izmir","publisher":{"@id":"https:\/\/efeshukuk.com\/#organization"},"potentialAction":[{"@type":"SearchAction","target":{"@type":"EntryPoint","urlTemplate":"https:\/\/efeshukuk.com\/?s={search_term_string}"},"query-input":{"@type":"PropertyValueSpecification","valueRequired":true,"valueName":"search_term_string"}}],"inLanguage":"en-US"},{"@type":["Organization","Place","LegalService"],"@id":"https:\/\/efeshukuk.com\/#organization","name":"Ephesus Law Firm","url":"https:\/\/efeshukuk.com\/","logo":{"@id":"https:\/\/efeshukuk.com\/iscinin-ise-gelmemesi\/#local-main-organization-logo"},"image":{"@id":"https:\/\/efeshukuk.com\/iscinin-ise-gelmemesi\/#local-main-organization-logo"},"sameAs":["https:\/\/www.facebook.com\/efeshukukburosu","https:\/\/www.instagram.com\/efeshukukburosu\/","https:\/\/www.linkedin.com\/company\/efes-law\/"],"description":"Efes Law Firm provides effective and solution-oriented legal consultancy services to individual and corporate clients with its team of lawyers specializing in various legal fields. With lawyers possessing in-depth knowledge in numerous areas such as commercial law, consumer law, family law, and enforcement and bankruptcy law, we aim to best protect our clients&#039; rights. We closely follow legal developments worldwide and meticulously analyze every new issue. We support our clients in making informed decisions by establishing trust-based, transparent, and close communication with them. With our academically qualified partners and expert lawyers, we are committed to working in accordance with the law, professional ethics, and the principles and reforms of Atat\u00fcrk.","legalName":"Efes Hukuk B\u00fcrosu","numberOfEmployees":{"@type":"QuantitativeValue","minValue":"1","maxValue":"10"},"address":{"@id":"https:\/\/efeshukuk.com\/iscinin-ise-gelmemesi\/#local-main-place-address"},"geo":{"@type":"GeoCoordinates","latitude":"38.467687","longitude":"27.109998"},"telephone":["+905344155256"],"contactPoint":{"@type":"ContactPoint","telephone":"+905344155256","email":"info@efeshukuk.com"},"openingHoursSpecification":[{"@type":"OpeningHoursSpecification","dayOfWeek":["Monday","Tuesday","Wednesday","Thursday","Friday"],"opens":"09:00","closes":"18:00"},{"@type":"OpeningHoursSpecification","dayOfWeek":["Saturday","Sunday"],"opens":"00:00","closes":"00:00"}],"email":"info@efeshukuk.com"},{"@type":"Person","@id":"https:\/\/efeshukuk.com\/#\/schema\/person\/3669273e38fd03f3f3ca1d7225da67ac","name":"Mustafa Yolcu","image":{"@type":"ImageObject","inLanguage":"en-US","@id":"https:\/\/secure.gravatar.com\/avatar\/0870d5084e90c1476b180296601f5d8b1406305a23f86e567dfdfe264922c60d?s=96&d=retro&r=g","url":"https:\/\/secure.gravatar.com\/avatar\/0870d5084e90c1476b180296601f5d8b1406305a23f86e567dfdfe264922c60d?s=96&d=retro&r=g","contentUrl":"https:\/\/secure.gravatar.com\/avatar\/0870d5084e90c1476b180296601f5d8b1406305a23f86e567dfdfe264922c60d?s=96&d=retro&r=g","caption":"Av. Mustafa Yolcu"},"sameAs":["http:\/\/www.efeshukuk.com"],"url":"https:\/\/efeshukuk.com\/en\/author\/yztyi2\/"},{"@type":"PostalAddress","@id":"https:\/\/efeshukuk.com\/iscinin-ise-gelmemesi\/#local-main-place-address","streetAddress":"Nergiz Mahallesi Girne Blv No:83, Kat 2 D 2, 35600 Kar\u015f\u0131yaka","addressLocality":"\u0130zmir","postalCode":"35600","addressCountry":"TR"},{"@type":"ImageObject","inLanguage":"en-US","@id":"https:\/\/efeshukuk.com\/iscinin-ise-gelmemesi\/#local-main-organization-logo","url":"https:\/\/efeshukuk.com\/wp-content\/uploads\/2020\/11\/5.png","contentUrl":"https:\/\/efeshukuk.com\/wp-content\/uploads\/2020\/11\/5.png","width":500,"height":500,"caption":"Efes Hukuk B\u00fcrosu"}]},"geo.placename":"\u0130zmir","geo.position":{"lat":"38.467687","long":"27.109998"},"geo.region":"Turkey"},"amp_enabled":true,"_links":{"self":[{"href":"https:\/\/efeshukuk.com\/en\/wp-json\/wp\/v2\/posts\/8962","targetHints":{"allow":["GET"]}}],"collection":[{"href":"https:\/\/efeshukuk.com\/en\/wp-json\/wp\/v2\/posts"}],"about":[{"href":"https:\/\/efeshukuk.com\/en\/wp-json\/wp\/v2\/types\/post"}],"author":[{"embeddable":true,"href":"https:\/\/efeshukuk.com\/en\/wp-json\/wp\/v2\/users\/1"}],"replies":[{"embeddable":true,"href":"https:\/\/efeshukuk.com\/en\/wp-json\/wp\/v2\/comments?post=8962"}],"version-history":[{"count":2,"href":"https:\/\/efeshukuk.com\/en\/wp-json\/wp\/v2\/posts\/8962\/revisions"}],"predecessor-version":[{"id":9775,"href":"https:\/\/efeshukuk.com\/en\/wp-json\/wp\/v2\/posts\/8962\/revisions\/9775"}],"wp:attachment":[{"href":"https:\/\/efeshukuk.com\/en\/wp-json\/wp\/v2\/media?parent=8962"}],"wp:term":[{"taxonomy":"category","embeddable":true,"href":"https:\/\/efeshukuk.com\/en\/wp-json\/wp\/v2\/categories?post=8962"},{"taxonomy":"post_tag","embeddable":true,"href":"https:\/\/efeshukuk.com\/en\/wp-json\/wp\/v2\/tags?post=8962"}],"curies":[{"name":"wp","href":"https:\/\/api.w.org\/{rel}","templated":true}]}}