{"id":8768,"date":"2023-02-15T15:46:16","date_gmt":"2023-02-15T12:46:16","guid":{"rendered":"https:\/\/www.efeshukuk.com\/?p=8768"},"modified":"2026-04-01T15:35:26","modified_gmt":"2026-04-01T12:35:26","slug":"deprem-nedeni-ile-idarenin-orumlulugu","status":"publish","type":"post","link":"https:\/\/efeshukuk.com\/en\/deprem-nedeni-ile-idarenin-orumlulugu\/","title":{"rendered":"Administrative Responsibility Due to the Earthquake"},"content":{"rendered":"<figure class=\"wp-block-image size-large\"><img loading=\"lazy\" decoding=\"async\" width=\"1024\" height=\"538\" src=\"https:\/\/www.efeshukuk.com\/wp-content\/uploads\/2023\/02\/Markanin-Kullanmama-Sebebi-Ile-Iptali-13-1024x538.png\" alt=\"Deprem Nedeni \u0130le \u0130darenin Sorumlulu\u011fu\" class=\"wp-image-8780\" srcset=\"https:\/\/efeshukuk.com\/wp-content\/uploads\/2023\/02\/Markanin-Kullanmama-Sebebi-Ile-Iptali-13-1024x538.png 1024w, https:\/\/efeshukuk.com\/wp-content\/uploads\/2023\/02\/Markanin-Kullanmama-Sebebi-Ile-Iptali-13-300x158.png 300w, https:\/\/efeshukuk.com\/wp-content\/uploads\/2023\/02\/Markanin-Kullanmama-Sebebi-Ile-Iptali-13-768x403.png 768w, https:\/\/efeshukuk.com\/wp-content\/uploads\/2023\/02\/Markanin-Kullanmama-Sebebi-Ile-Iptali-13-18x9.png 18w, https:\/\/efeshukuk.com\/wp-content\/uploads\/2023\/02\/Markanin-Kullanmama-Sebebi-Ile-Iptali-13.png 1200w\" sizes=\"auto, (max-width: 1024px) 100vw, 1024px\" \/><figcaption class=\"wp-element-caption\">Administrative Responsibility Due to the Earthquake<\/figcaption><\/figure>\n\n\n\n<p><strong>Deprem Nedeni \u0130le \u0130darenin Sorumlulu\u011fu &#8211; \u0130zmir Avukat<\/strong><\/p>\n\n\n\n<p class=\"has-text-align-justify\">It is a foreseeable fact that people will lose their lives if buildings are not constructed safely. Of course, the legal system will not protect individuals and institutions who act unlawfully in the face of such foreseen circumstances. In this article, we will address the issue of the administration&#039;s responsibility in the event of an earthquake.<\/p>\n\n\n\n<p class=\"has-text-align-justify\">Depremin ortaya \u00e7\u0131kard\u0131\u011f\u0131 zararlardan dolay\u0131 birinci dereceden sorumluluk idareye (devlete) aittir. \u0130darenin kusur sorumlulu\u011fu oldu\u011fu gibi kusuru olmad\u0131\u011f\u0131 durumlarda da deprem nedeni ile idarenin sorumlulu\u011fu oldu\u011fu g\u00f6r\u00fclmektedir. Yani idare, a\u011f\u0131r bir hizmet kusuru olmasa bile verdi\u011fi zararlardan sorumludur. \u0130darenin tutum ve davran\u0131\u015flar\u0131ndan, kusurlu olmasa da sorumlu tutulmas\u0131na &#8221;kusursuz sorumluluk&#8221; denir. Nitekim, 1999 G\u00f6lc\u00fck depreminde bir\u00e7ok yarg\u0131 karar\u0131 ile idarenin kusuru olmad\u0131\u011f\u0131 durumda da sorumlulu\u011fu y\u00f6n\u00fcnde kararlar verilmi\u015ftir. <em><u>See \/ Council of State Decision 11th Chamber, 2007\/6248 K.:<\/u><\/em> &nbsp;\u2018\u2019\u2026Deprem ku\u015fa\u011f\u0131ndaki b\u00f6lgede, deprem ger\u00e7e\u011fi veri al\u0131narak yerle\u015fmelerle ilgili alanlar\u0131n belirlenmesi, bu alanlarda yap\u0131la\u015fmada idarenin olumsuz eyleminin bulunmas\u0131 durumunda, depremin m\u00fccbir sebep oldu\u011funun ve illiyet ba\u011f\u0131n\u0131 kesti\u011finin kabul\u00fc olanaks\u0131zd\u0131r&#8230;\u2019\u2019<\/p>\n\n\n\n<p class=\"has-text-align-justify\">Lawsuits to be filed against the administration for its responsibility due to the earthquake. <a href=\"https:\/\/www.mevzuat.gov.tr\/mevzuat?MevzuatNo=2577&amp;MevzuatTur=1&amp;MevzuatTertip=5\" target=\"_blank\" rel=\"noreferrer noopener\">Law No. 2577<\/a>These are full judicial review cases pursuant to Article 13 of the Law No. 2577. Since the reason for filing a full judicial review case is administrative actions, it is mandatory to apply to the administration that carried out the action before filing a lawsuit. Because according to Law No. 2577:\u2018<em>Those whose rights have been violated by administrative actions must, before filing an administrative lawsuit, apply to the relevant administration to have their rights restored within one year from the date they learned of these actions through written notification or otherwise, and in any case within five years from the date of the action.<\/em>\u201dAccording to the Council of State&#039;s decisions on unifying jurisprudence, filing a lawsuit directly without first applying to the administration is considered &quot;infringement of administrative authority,&quot; and the court orders that the lawsuit petition be submitted to the relevant authority at every stage of the proceedings. Therefore, we should emphasize that an application must be made before filing a lawsuit.<\/p>\n\n\n\n<p class=\"has-text-align-justify\">Municipalities, governors, and district governors must evaluate and inspect all private and public buildings within their jurisdiction in accordance with the provisions of the &quot;Regulation on Buildings to be Constructed in Disaster Zones.&quot; Based on the results, buildings that do not meet the requirements of the relevant regulation should be given a three-month period to bring them into compliance, and the building should be re-inspected. Buildings and building parts that still do not meet the requirements should be demolished. Individuals cannot claim that their building permits are invalid and constitute a vested right due to the work and planning carried out to ensure settlement and construction aimed at preventing disasters. This is because building permits may lose their validity in the face of new regulations made later for the public good. If the administration shows weakness in these inspections and evaluations, the existence of a service defect must be accepted. In this context, if a person who has suffered damage due to the earthquake proves that the building was constructed in violation of the regulations, they will have directly identified the fault of the administration.<\/p>\n\n\n\n<p><em><u>Below is an important Council of State decision related to this matter:<\/u><\/em><\/p>\n\n\n\n<p class=\"has-text-align-justify\">\u201c\u2026In a region located in an earthquake zone, where the determination of settlement areas based on the reality of earthquakes, the taking of decisions regarding construction in these areas, their implementation and supervision, and the negative actions of the administration constitute a result of negligence in all administrative activities, it is not possible to accept that the earthquake is considered a force majeure event and thus severs the causal link between the damage and the administrative action. In this case, while the Court should have made a decision based on an assessment of whether the administration was at fault in causing the alleged damage, the decision to dismiss the case on the grounds that the earthquake was considered a force majeure event and the causal link between the damage and the administrative action was severed is deemed incorrect\u2026\u201d<\/p>\n\n\n\n<p><strong>The Legal Process Regarding the Administrative Liability Due to the Earthquake<\/strong><\/p>\n\n\n\n<p class=\"has-text-align-justify\">The statute of limitations refers to the period during which a right cannot be asserted within a certain timeframe, rendering it impossible to obtain through legal action, or when the legally prescribed period has expired, making the exercise of a right impossible. A person who has suffered damage due to an earthquake must apply to the administrative authority that has failed to fulfill its obligations within a maximum of one year from the date they learned of the damage, requesting compensation for the damages caused by the earthquake. In any case, the application to the administrative authority must be made within five years.<\/p>\n\n\n\n<p class=\"has-text-align-justify\">&nbsp;The administration responds to applications for compensation for damages within a maximum of 30 days. The administration may respond by partially or completely compensating for the damage, or by stating that compensation is impossible. Alternatively, it may not respond at all within the 30-day period. Failure to respond constitutes a negative response. If the administration&#039;s decision is negative or if no response is given, the injured party may file a full judicial action for compensation within 60 days of receiving the rejection decision and the expiration of the 30-day period. Lawsuits filed for compensation for damages caused by earthquakes fall under the jurisdiction of administrative courts. Therefore, the competent courts for compensation for damages resulting from earthquakes are administrative courts. The regulation concerning the competent court is found in Article 36 of the Administrative Procedure Law. As stated in the article, the court located where the administrative authority that caused the damage by failing to fulfill its obligations is situated shall have jurisdiction.<\/p>\n\n\n\n<p class=\"has-text-align-justify\">If a full court case filed to recover damages incurred due to an earthquake, for which the administration is responsible, is accepted, it is definitively established that the individual suffered damages due to the administration&#039;s actions. This decision will also specify in detail how the damages will be compensated. If the case is dismissed, even if the individual has suffered damages, it is definitively established that these damages did not occur due to the administration&#039;s responsibility for the earthquake. It is not possible to file another lawsuit against the administration, citing the same damages as grounds for compensation.<\/p>\n\n\n\n<p><strong>Is it possible to file a compensation lawsuit against the state?<\/strong><\/p>\n\n\n\n<p class=\"has-text-align-justify\">The state has an obligation to compensate for damages caused by earthquakes within a certain framework, and individuals have the right to appeal to the administration through legal channels in this regard. One type of administrative lawsuit regulated in the Administrative Procedure Law is a full judicial review lawsuit, which can be filed against the administration and seek compensation. These lawsuits can be filed to seek compensation for both material and moral damages arising from the actions or procedures of the administration. The right and authority to file these lawsuits regarding the administration&#039;s responsibility due to the earthquake belongs only to individuals whose rights have been violated due to administrative actions and procedures. If the attack on personal rights is carried out by the administration, moral damages can be claimed and sued for in administrative courts under the name of a full judicial review lawsuit. For the court to accept a claim for moral damages, there must be damage, this damage must stem from the action or procedure of the administration, and there must be a causal link between the damage and the action or procedure of the administration.<\/p>\n\n\n\n<p class=\"has-text-align-justify\">In conclusion, considering that T\u00fcrkiye is an earthquake-prone country, building permits should not be granted in first-degree earthquake zones with active fault lines. Due diligence should be exercised in settlement planning, and even with such diligence, frequent inspections should be conducted to ensure that structures in these areas comply with earthquake regulations. Although earthquakes are considered a force majeure event, given the geography of our country, it would be unfair to definitively classify earthquakes as force majeure and state that the causal link has been completely eliminated in favor of the administration. The decisions of the Turkish judiciary regarding major earthquakes in past years also support this view. If there is a deficiency on the part of the administration in the above matters, it must be accepted that a service defect will occur.<\/p>\n\n\n\n<p class=\"has-black-color has-text-color\">Other works that may be of interest to you;<\/p>\n\n\n\n<div data-wp-context=\"{ &quot;autoclose&quot;: false, &quot;accordionItems&quot;: [] }\" data-wp-interactive=\"core\/accordion\" role=\"group\" class=\"wp-block-accordion is-layout-flow wp-block-accordion-is-layout-flow\">\n<div data-wp-class--is-open=\"state.isOpen\" data-wp-context=\"{ &quot;id&quot;: &quot;accordion-item-1&quot;, &quot;openByDefault&quot;: false }\" data-wp-init=\"callbacks.initAccordionItems\" data-wp-on-window--hashchange=\"callbacks.hashChange\" class=\"wp-block-accordion-item is-layout-flow wp-block-accordion-item-is-layout-flow\">\n<h3 class=\"wp-block-accordion-heading has-small-font-size\"><button aria-expanded=\"false\" aria-controls=\"accordion-item-1-panel\" data-wp-bind--aria-expanded=\"state.isOpen\" data-wp-on--click=\"actions.toggle\" data-wp-on--keydown=\"actions.handleKeyDown\" id=\"accordion-item-1\" type=\"button\" class=\"wp-block-accordion-heading__toggle\"><span class=\"wp-block-accordion-heading__toggle-title\">Basic Concepts and Definitions<\/span><span class=\"wp-block-accordion-heading__toggle-icon\" aria-hidden=\"true\">+<\/span><\/button><\/h3>\n\n\n\n<div inert aria-labelledby=\"accordion-item-1\" data-wp-bind--inert=\"!state.isOpen\" id=\"accordion-item-1-panel\" role=\"region\" class=\"wp-block-accordion-panel is-layout-flow wp-block-accordion-panel-is-layout-flow\">\n<ul class=\"wp-block-list\">\n<li><a href=\"https:\/\/efeshukuk.com\/en\/musteki-ne-demek\/\" target=\"_blank\" rel=\"noreferrer noopener\">What does &quot;complainant&quot; mean?<\/a><\/li>\n\n\n\n<li><a href=\"https:\/\/efeshukuk.com\/en\/sanik-ne-demek\/\" target=\"_blank\" rel=\"noreferrer noopener\">What does &quot;defendant&quot; mean?<\/a><\/li>\n\n\n\n<li><a href=\"https:\/\/efeshukuk.com\/en\/masumiyet-karinesi-nedir\/\" target=\"_blank\" rel=\"noreferrer noopener\">What is the presumption of innocence?<\/a><\/li>\n\n\n\n<li><a href=\"https:\/\/efeshukuk.com\/en\/mukerrer-suc-nedir\/\" target=\"_blank\" rel=\"noreferrer noopener\">What is a repeat offence?<\/a><\/li>\n\n\n\n<li><a href=\"https:\/\/efeshukuk.com\/en\/susma-hakki-nedir\/\" target=\"_blank\" rel=\"noreferrer noopener\">What is the Right to Remain Silent?<\/a><\/li>\n\n\n\n<li><a href=\"https:\/\/efeshukuk.com\/en\/gbt-nedir\/\" target=\"_blank\" rel=\"noreferrer noopener\">What is GBT?<\/a><\/li>\n\n\n\n<li><a href=\"https:\/\/efeshukuk.com\/en\/musadere-nedir\/\" target=\"_blank\" rel=\"noreferrer noopener\">What is confiscation?<\/a><\/li>\n\n\n\n<li><a href=\"https:\/\/efeshukuk.com\/en\/davanin-reddi-nedir\/\" target=\"_blank\" rel=\"noreferrer noopener\">What is Dismissal of a Case?<\/a><\/li>\n\n\n\n<li><a href=\"https:\/\/efeshukuk.com\/en\/hagb-nedir\/\" target=\"_blank\" rel=\"noreferrer noopener\">What is HAGB?<\/a><\/li>\n\n\n\n<li><a href=\"https:\/\/efeshukuk.com\/en\/bilincli-taksir-nedir\/\" target=\"_blank\" rel=\"noreferrer noopener\">What is conscious negligence?<\/a><\/li>\n\n\n\n<li><a href=\"https:\/\/efeshukuk.com\/en\/beraat-nedir\/\" target=\"_blank\" rel=\"noreferrer noopener\">What is acquittal?<\/a><\/li>\n\n\n\n<li><a href=\"https:\/\/efeshukuk.com\/en\/katalog-suclar\/\" target=\"_blank\" rel=\"noreferrer noopener\">What are cataloged crimes?<\/a><\/li>\n\n\n\n<li><a href=\"https:\/\/efeshukuk.com\/en\/darp-raporu-nedir\/\" target=\"_blank\" rel=\"noreferrer noopener\">What is a Medical Report? How to Obtain One?<\/a><\/li>\n\n\n\n<li><a href=\"https:\/\/efeshukuk.com\/en\/tekerrur-ne-demek\/\">What does recurrence mean?<\/a><\/li>\n<\/ul>\n<\/div>\n<\/div>\n<\/div>\n\n\n\n<div data-wp-context=\"{ &quot;autoclose&quot;: false, &quot;accordionItems&quot;: [] }\" data-wp-interactive=\"core\/accordion\" role=\"group\" class=\"wp-block-accordion is-layout-flow wp-block-accordion-is-layout-flow\">\n<div data-wp-class--is-open=\"state.isOpen\" data-wp-context=\"{ &quot;id&quot;: &quot;accordion-item-2&quot;, &quot;openByDefault&quot;: false }\" data-wp-init=\"callbacks.initAccordionItems\" data-wp-on-window--hashchange=\"callbacks.hashChange\" class=\"wp-block-accordion-item is-layout-flow wp-block-accordion-item-is-layout-flow\">\n<h3 class=\"wp-block-accordion-heading has-small-font-size\"><button aria-expanded=\"false\" aria-controls=\"accordion-item-2-panel\" data-wp-bind--aria-expanded=\"state.isOpen\" data-wp-on--click=\"actions.toggle\" data-wp-on--keydown=\"actions.handleKeyDown\" id=\"accordion-item-2\" type=\"button\" class=\"wp-block-accordion-heading__toggle\"><span class=\"wp-block-accordion-heading__toggle-title\">Types of Crimes in the Turkish Penal Code<\/span><span class=\"wp-block-accordion-heading__toggle-icon\" aria-hidden=\"true\">+<\/span><\/button><\/h3>\n\n\n\n<div inert aria-labelledby=\"accordion-item-2\" data-wp-bind--inert=\"!state.isOpen\" id=\"accordion-item-2-panel\" role=\"region\" class=\"wp-block-accordion-panel is-layout-flow wp-block-accordion-panel-is-layout-flow\">\n<ul class=\"wp-block-list\">\n<li><a href=\"https:\/\/efeshukuk.com\/en\/nitelikli-dolandiricilik-sucu-cezasi\/\" target=\"_blank\" rel=\"noreferrer noopener\">The Crime and Punishment of Qualified Fraud<\/a><\/li>\n\n\n\n<li><a href=\"https:\/\/efeshukuk.com\/en\/israrli-takip-nedir\/\" target=\"_blank\" rel=\"noreferrer noopener\">What is stalking?<\/a><\/li>\n\n\n\n<li><a href=\"https:\/\/efeshukuk.com\/en\/mustehcenlik-sucu\/\" target=\"_blank\" rel=\"noreferrer noopener\">Crime of Obscenity<\/a><\/li>\n\n\n\n<li><a href=\"https:\/\/efeshukuk.com\/en\/dini-degerleri-asagilama-sucu\/\">The Crime of Insulting Religious Values<\/a><\/li>\n\n\n\n<li><a href=\"https:\/\/efeshukuk.com\/en\/israrli-takip-sucu\/\" target=\"_blank\" rel=\"noreferrer noopener\">The Crime of Stalking<\/a><\/li>\n\n\n\n<li><a href=\"https:\/\/efeshukuk.com\/en\/hakaret-sucu-nedir\/\" target=\"_blank\" rel=\"noreferrer noopener\">What is the crime of insult?<\/a><\/li>\n\n\n\n<li><a href=\"https:\/\/efeshukuk.com\/en\/yasadisi-bahis-sucu\/\" target=\"_blank\" rel=\"noreferrer noopener\">Illegal Gambling Crime<\/a><\/li>\n\n\n\n<li><a href=\"https:\/\/efeshukuk.com\/en\/uyusturucu-ve-uyarici-madde-kullanma-sucu\/\" target=\"_blank\" rel=\"noreferrer noopener\">Crime of Using Narcotic and Stimulant Substances<\/a><\/li>\n\n\n\n<li><a href=\"https:\/\/efeshukuk.com\/en\/tck-316\/\" target=\"_blank\" rel=\"noreferrer noopener\">Conspiracy to Commit a Crime<\/a><\/li>\n\n\n\n<li><a href=\"https:\/\/efeshukuk.com\/en\/tehdit-sucu\/\" target=\"_blank\" rel=\"noreferrer noopener\">Threat Crime &amp; Punishment<\/a><\/li>\n\n\n\n<li><a href=\"https:\/\/efeshukuk.com\/en\/yagma-sucu-nedir\/\" target=\"_blank\" rel=\"noreferrer noopener\">What is the crime of looting?<\/a><\/li>\n\n\n\n<li><a href=\"https:\/\/efeshukuk.com\/en\/guvani-kotuye-kullanma-sucu\/\">Breach of Trust Crime<\/a><\/li>\n\n\n\n<li><a href=\"https:\/\/efeshukuk.com\/en\/yalan-taniklik\/\" target=\"_blank\" rel=\"noreferrer noopener\">Perjury<\/a><\/li>\n\n\n\n<li><a href=\"https:\/\/efeshukuk.com\/en\/halki-kin-ve-dusmanliga-tahrik\/\" target=\"_blank\" rel=\"noreferrer noopener\">Inciting hatred and hostility or humiliation among the public<\/a><\/li>\n\n\n\n<li><a href=\"https:\/\/efeshukuk.com\/en\/belgede-sahtecilik-sucu\/\" target=\"_blank\" rel=\"noreferrer noopener\">Crime of Forgery of Documents<\/a><\/li>\n\n\n\n<li><a href=\"https:\/\/www.google.com\/url?sa=E&amp;source=gmail&amp;q=https:\/\/www.efeshukuk.com\/guveni-kotuye-kullanma-sucu\/\">Breach of Trust Crime<\/a><\/li>\n\n\n\n<li><a href=\"https:\/\/efeshukuk.com\/en\/kahve-fali-bakmanin-cezasi\/\">The Penalty for Reading Coffee Grounds<\/a><\/li>\n\n\n\n<li><a href=\"https:\/\/efeshukuk.com\/en\/adliyeden-tebligat-gelmesi\/\">Receiving a Notification from the Courthouse<\/a><\/li>\n<\/ul>\n<\/div>\n<\/div>\n<\/div>\n\n\n\n<div data-wp-context=\"{ &quot;autoclose&quot;: false, &quot;accordionItems&quot;: [] }\" data-wp-interactive=\"core\/accordion\" role=\"group\" class=\"wp-block-accordion is-layout-flow wp-block-accordion-is-layout-flow\">\n<div data-wp-class--is-open=\"state.isOpen\" data-wp-context=\"{ &quot;id&quot;: &quot;accordion-item-3&quot;, &quot;openByDefault&quot;: false }\" data-wp-init=\"callbacks.initAccordionItems\" data-wp-on-window--hashchange=\"callbacks.hashChange\" class=\"wp-block-accordion-item is-layout-flow wp-block-accordion-item-is-layout-flow\">\n<h3 class=\"wp-block-accordion-heading has-small-font-size\"><button aria-expanded=\"false\" aria-controls=\"accordion-item-3-panel\" data-wp-bind--aria-expanded=\"state.isOpen\" data-wp-on--click=\"actions.toggle\" data-wp-on--keydown=\"actions.handleKeyDown\" id=\"accordion-item-3\" type=\"button\" class=\"wp-block-accordion-heading__toggle\"><span class=\"wp-block-accordion-heading__toggle-title\">CYBERCRIMES AND INTERNET CRIMES<\/span><span class=\"wp-block-accordion-heading__toggle-icon\" aria-hidden=\"true\">+<\/span><\/button><\/h3>\n\n\n\n<div inert aria-labelledby=\"accordion-item-3\" data-wp-bind--inert=\"!state.isOpen\" id=\"accordion-item-3-panel\" role=\"region\" class=\"wp-block-accordion-panel is-layout-flow wp-block-accordion-panel-is-layout-flow\">\n<ul class=\"wp-block-list\">\n<li><a href=\"https:\/\/efeshukuk.com\/en\/instagram-hesabi-calma\/\" target=\"_blank\" rel=\"noreferrer noopener\">Instagram Account Hacking Under the Turkish Penal Code<\/a><\/li>\n\n\n\n<li><a href=\"https:\/\/efeshukuk.com\/en\/sahte-instagram-hesabi-olusturma\/\" target=\"_blank\" rel=\"noreferrer noopener\">Creating a Fake Instagram Account Under the Turkish Penal Code<\/a><\/li>\n\n\n\n<li><a href=\"https:\/\/efeshukuk.com\/en\/sosyal-medya-uzerinden-taciz\/\">Harassment via Social Media<\/a><\/li>\n\n\n\n<li><a href=\"https:\/\/efeshukuk.com\/en\/sehta-hesap-acmak-suc-mu\/\">Is Creating a Fake Account on Social Media a Crime?<\/a><\/li>\n<\/ul>\n<\/div>\n<\/div>\n<\/div>\n\n\n\n<div data-wp-context=\"{ &quot;autoclose&quot;: false, &quot;accordionItems&quot;: [] }\" data-wp-interactive=\"core\/accordion\" role=\"group\" class=\"wp-block-accordion is-layout-flow wp-block-accordion-is-layout-flow\">\n<div data-wp-class--is-open=\"state.isOpen\" data-wp-context=\"{ &quot;id&quot;: &quot;accordion-item-4&quot;, &quot;openByDefault&quot;: false }\" data-wp-init=\"callbacks.initAccordionItems\" data-wp-on-window--hashchange=\"callbacks.hashChange\" class=\"wp-block-accordion-item is-layout-flow wp-block-accordion-item-is-layout-flow\">\n<h3 class=\"wp-block-accordion-heading has-small-font-size\"><button aria-expanded=\"false\" aria-controls=\"accordion-item-4-panel\" data-wp-bind--aria-expanded=\"state.isOpen\" data-wp-on--click=\"actions.toggle\" data-wp-on--keydown=\"actions.handleKeyDown\" id=\"accordion-item-4\" type=\"button\" class=\"wp-block-accordion-heading__toggle\"><span class=\"wp-block-accordion-heading__toggle-title\">Trial, Punishments, Execution, and Criminal Record<\/span><span class=\"wp-block-accordion-heading__toggle-icon\" aria-hidden=\"true\">+<\/span><\/button><\/h3>\n\n\n\n<div inert aria-labelledby=\"accordion-item-4\" data-wp-bind--inert=\"!state.isOpen\" id=\"accordion-item-4-panel\" role=\"region\" class=\"wp-block-accordion-panel is-layout-flow wp-block-accordion-panel-is-layout-flow\">\n<ul class=\"wp-block-list\">\n<li><a href=\"https:\/\/efeshukuk.com\/en\/adli-sabika-kaydi-nasil-okunur\/\" target=\"_blank\" rel=\"noreferrer noopener\">How to Read a Criminal Record?<\/a><\/li>\n\n\n\n<li><a href=\"https:\/\/efeshukuk.com\/en\/adli-para-cezasi-nedir\/\" target=\"_blank\" rel=\"noreferrer noopener\">What is a judicial fine?<\/a><\/li>\n\n\n\n<li><a href=\"https:\/\/efeshukuk.com\/en\/seri-muhakeme-usulu\/\" target=\"_blank\" rel=\"noreferrer noopener\">Expedited Trial Procedure<\/a><\/li>\n\n\n\n<li><a href=\"https:\/\/efeshukuk.com\/en\/hagb\/\" target=\"_blank\" rel=\"noreferrer noopener\">HAGB (Suspension of the Pronouncement of the Verdict) and Postponement of the Prison Sentence<\/a><\/li>\n\n\n\n<li><a href=\"https:\/\/efeshukuk.com\/en\/ceza-muhakemesinde-seri-yargilama-usulu\/\" target=\"_blank\" rel=\"noreferrer noopener\">Quick Trial Procedure in Criminal Procedure<\/a><\/li>\n\n\n\n<li><a href=\"https:\/\/efeshukuk.com\/en\/seri-muhakemeye-tabii-suclar\/\" target=\"_blank\" rel=\"noreferrer noopener\">Crimes Subject to Expedited Trial<\/a><\/li>\n\n\n\n<li><a href=\"https:\/\/efeshukuk.com\/en\/uzlastirmaciliga-tabi-suclar\/\" target=\"_blank\" rel=\"noreferrer noopener\">Crimes Subject to Mediation<\/a><\/li>\n\n\n\n<li><a href=\"https:\/\/efeshukuk.com\/en\/zorunlu-mudafilik-halleri\/\" target=\"_blank\" rel=\"noreferrer noopener\">Cases Requiring Compulsory Legal Representation<\/a><\/li>\n\n\n\n<li><a href=\"https:\/\/efeshukuk.com\/en\/cezaevi-turleri\/\" target=\"_blank\" rel=\"noreferrer noopener\">Types of Prisons<\/a><\/li>\n\n\n\n<li><a href=\"https:\/\/efeshukuk.com\/en\/trafik-cezas-itiraz\/\" target=\"_blank\" rel=\"noreferrer noopener\">Objection to the Traffic Penalty<\/a><\/li>\n\n\n\n<li><a href=\"https:\/\/efeshukuk.com\/en\/adli-arama\/\" target=\"_blank\" rel=\"noreferrer noopener\">Search Warrant<\/a><\/li>\n\n\n\n<li><a href=\"https:\/\/efeshukuk.com\/en\/kusurlulugu-etkileyen-haller\/\" target=\"_blank\" rel=\"noreferrer noopener\">Factors Affecting Defectiveness<\/a><\/li>\n\n\n\n<li><a href=\"https:\/\/efeshukuk.com\/en\/onleme-aramasi\/\" target=\"_blank\" rel=\"noreferrer noopener\">Prevention Search<\/a><\/li>\n\n\n\n<li><a href=\"https:\/\/efeshukuk.com\/en\/zorla-getirme-karari-nedir\/\" target=\"_blank\" rel=\"noreferrer noopener\">Arrest Warrant<\/a><\/li>\n\n\n\n<li><a href=\"https:\/\/efeshukuk.com\/en\/savciliga-suc-duyurusunda-bulunmak\/\" target=\"_blank\" rel=\"noreferrer noopener\">Filing a Criminal Complaint with the Prosecutor&#039;s Office<\/a><\/li>\n\n\n\n<li><a href=\"https:\/\/efeshukuk.com\/en\/ceza-yargilamasinda-takdiri-indirim\/\" target=\"_blank\" rel=\"noreferrer noopener\">Discretionary Reduction in Criminal Proceedings<\/a><\/li>\n\n\n\n<li><a href=\"https:\/\/efeshukuk.com\/en\/gozaltina-alma\/\" target=\"_blank\" rel=\"noreferrer noopener\">Detention<\/a><\/li>\n\n\n\n<li><a href=\"https:\/\/efeshukuk.com\/en\/ceza-davalari-ne-kadar-surer\/\" target=\"_blank\" rel=\"noreferrer noopener\">How Long Do Criminal Trials Last?<\/a><\/li>\n\n\n\n<li><a href=\"https:\/\/efeshukuk.com\/en\/muebbet-hapis-kac-yil\/\">How many years is life imprisonment?<\/a><\/li>\n<\/ul>\n<\/div>\n<\/div>\n<\/div>\n\n\n\n<div data-wp-context=\"{ &quot;autoclose&quot;: false, &quot;accordionItems&quot;: [] }\" data-wp-interactive=\"core\/accordion\" role=\"group\" class=\"wp-block-accordion is-layout-flow wp-block-accordion-is-layout-flow\">\n<div data-wp-class--is-open=\"state.isOpen\" data-wp-context=\"{ &quot;id&quot;: &quot;accordion-item-5&quot;, &quot;openByDefault&quot;: false }\" data-wp-init=\"callbacks.initAccordionItems\" data-wp-on-window--hashchange=\"callbacks.hashChange\" class=\"wp-block-accordion-item is-layout-flow wp-block-accordion-item-is-layout-flow\">\n<h3 class=\"wp-block-accordion-heading has-small-font-size\"><button aria-expanded=\"false\" aria-controls=\"accordion-item-5-panel\" data-wp-bind--aria-expanded=\"state.isOpen\" data-wp-on--click=\"actions.toggle\" data-wp-on--keydown=\"actions.handleKeyDown\" id=\"accordion-item-5\" type=\"button\" class=\"wp-block-accordion-heading__toggle\"><span class=\"wp-block-accordion-heading__toggle-title\">TRAFFIC, WEAPONS AND ADMINISTRATIVE REGULATIONS<\/span><span class=\"wp-block-accordion-heading__toggle-icon\" aria-hidden=\"true\">+<\/span><\/button><\/h3>\n\n\n\n<div inert aria-labelledby=\"accordion-item-5\" data-wp-bind--inert=\"!state.isOpen\" id=\"accordion-item-5-panel\" role=\"region\" class=\"wp-block-accordion-panel is-layout-flow wp-block-accordion-panel-is-layout-flow\">\n<ul class=\"wp-block-list\">\n<li><a href=\"https:\/\/efeshukuk.com\/en\/kuru-siki-tabanca-tasimak-yasal-mi\/\" target=\"_blank\" rel=\"noreferrer noopener\">Is it legal to carry a blank-firing pistol?<\/a><\/li>\n\n\n\n<li><a href=\"https:\/\/efeshukuk.com\/en\/bicak-tasimak-yasak-mi\/\" target=\"_blank\" rel=\"noreferrer noopener\">Is Carrying a Knife Forbidden?<\/a><\/li>\n\n\n\n<li><a href=\"https:\/\/efeshukuk.com\/en\/uluslararasi-bulten\/\" target=\"_blank\" rel=\"noreferrer noopener\">International Bulletin<\/a><\/li>\n\n\n\n<li><a href=\"https:\/\/efeshukuk.com\/en\/alkollu-arac-kullanma-cezasi\/\" target=\"_blank\" rel=\"noreferrer noopener\">Penalties for Drunk Driving<\/a><\/li>\n\n\n\n<li><a href=\"https:\/\/efeshukuk.com\/en\/sokaga-cikma-yasagi-para-cezasi\/\" target=\"_blank\" rel=\"noreferrer noopener\">What is a fine for violating a curfew? How can one appeal?<\/a><\/li>\n\n\n\n<li><a href=\"https:\/\/efeshukuk.com\/en\/deprem-nedeni-ile-idarenin-orumlulugu\/\" target=\"_blank\" rel=\"noreferrer noopener\">Administrative Responsibility Due to the Earthquake<\/a><\/li>\n<\/ul>\n<\/div>\n<\/div>\n<\/div>\n\n\n\n<p><a href=\"https:\/\/efeshukuk.com\/en\/calisma-alanlari\/izmir-ceza-avukati\/\" target=\"_blank\" rel=\"noreferrer noopener\">Izmir Criminal Lawyer<\/a><\/p>\n\n\n\n<div class=\"wp-block-media-text alignwide is-stacked-on-mobile\" style=\"grid-template-columns:30% auto\"><figure class=\"wp-block-media-text__media\"><img loading=\"lazy\" decoding=\"async\" width=\"720\" height=\"720\" src=\"https:\/\/www.efeshukuk.com\/wp-content\/uploads\/2021\/01\/Ephesus-Law-Firm-3.jpg\" alt=\"Logo\" class=\"wp-image-1057 size-full\" srcset=\"\" sizes=\"auto, (max-width: 720px) 100vw, 720px\" data-srcset=\"\" \/><\/figure><div class=\"wp-block-media-text__content\">\n<p class=\"has-black-color has-text-color translation-block\"><strong>Address:<\/strong> Nergis Neighborhood, Girne Boulevard No: 83, Floor 2, Apartment 2, Kar\u015f\u0131yaka, \u0130zmir<\/p>\n\n\n\n<p class=\"has-black-color has-text-color\"><strong>E-mail<\/strong>: <a href=\"mailto:contact@example.com\"><span class=\"has-inline-color has-vivid-cyan-blue-color\">info@efeshukuk.com<\/span><\/a><\/p>\n\n\n\n<p class=\"has-black-color has-text-color\"><strong>Phone<\/strong>: +90 534 415 52 56<\/p>\n\n\n\n<style>\n\/* --- Sosyal ve \u0130leti\u015fim \u0130kon Kapsay\u0131c\u0131 --- *\/\n.efes-social-wrapper {\n    display: flex;\n    gap: 12px;\n    justify-content: flex-start; \/* Sola yaslar, kart i\u00e7inde kullanacaksan\u0131z center yapabilirsiniz *\/\n    padding: 20px 0;\n    background: #ffffff;\n    flex-wrap: wrap; \/* Mobilde ta\u015fma yapmamas\u0131 i\u00e7in *\/\n}\n\n\/* --- \u0130kon Buton Stili --- *\/\n.efes-social-btn {\n    width: 40px;\n    height: 40px;\n    display: flex;\n    align-items: center;\n    justify-content: center;\n    text-decoration: none;\n    border-radius: 6px;\n    transition: all 0.3s ease;\n    border: 1px solid #e0e0e0;\n    background: #ffffff;\n}\n\n\/* --- SVG \u0130kon Renkleri --- *\/\n.efes-social-btn svg {\n    width: 20px;\n    height: 20px;\n    fill: #000000;\n    transition: all 0.3s ease;\n}\n\n\/* --- Hover Efekti --- *\/\n.efes-social-btn:hover {\n    background-color: #000000;\n    border-color: #000000;\n    transform: translateY(-3px);\n}\n\n.efes-social-btn:hover svg {\n    fill: #ffffff;\n}\n\n\/* --- Mobil D\u00fczenleme --- *\/\n@media (max-width: 768px) {\n    .efes-social-btn { width: 38px; height: 38px; }\n}\n<\/style>\n\n<div class=\"efes-social-wrapper\">\n    <a href=\"https:\/\/facebook.com\/efeshukukburosu\" class=\"efes-social-btn\" target=\"_blank\" rel=\"noopener\" aria-label=\"Facebook\">\n        <svg viewbox=\"0 0 24 24\"><path d=\"M18 2h-3a5 5 0 0 0-5 5v3H7v4h3v8h4v-8h3l1-4h-4V7a1 1 0 0 1 1-1h3z\"><\/path><\/svg>\n    <\/a>\n\n    <a href=\"https:\/\/linkedin.com\/company\/efeshukuk\/\" class=\"efes-social-btn\" target=\"_blank\" rel=\"noopener\" aria-label=\"LinkedIn\">\n        <svg viewbox=\"0 0 24 24\"><path d=\"M16 8a6 6 0 0 1 6 6v7h-4v-7a2 2 0 0 0-2-2 2 2 0 0 0-2 2v7h-4v-7a6 6 0 0 1 6-6z\"><\/path><rect x=\"2\" y=\"9\" width=\"4\" height=\"12\"><\/rect><circle cx=\"4\" cy=\"4\" r=\"2\"><\/circle><\/svg>\n    <\/a>\n\n    <a href=\"https:\/\/instagram.com\/efeshukukburosu\" class=\"efes-social-btn\" target=\"_blank\" rel=\"noopener\" aria-label=\"Instagram\">\n        <svg viewbox=\"0 0 24 24\"><path d=\"M12 2.163c3.204 0 3.584.012 4.85.07 3.252.148 4.771 1.691 4.919 4.919.058 1.265.069 1.645.069 4.849 0 3.205-.012 3.584-.069 4.849-.149 3.225-1.664 4.771-4.919 4.919-1.266.058-1.644.07-4.85.07-3.204 0-3.584-.012-4.849-.07-3.26-.149-4.771-1.699-4.919-4.92-.058-1.265-.07-1.644-.07-4.849 0-3.204.013-3.583.07-4.849.149-3.227 1.664-4.771 4.919-4.919 1.266-.057 1.645-.069 4.849-.069zm0-2.163c-3.259 0-3.667.014-4.947.072-4.358.2-6.78 2.618-6.98 6.98-.059 1.281-.073 1.689-.073 4.948 0 3.259.014 3.668.072 4.948.2 4.358 2.618 6.78 6.98 6.98 1.281.058 1.689.072 4.948.072 3.259 0 3.668-.014 4.948-.072 4.354-.2 6.782-2.618 6.979-6.98.059-1.28.073-1.689.073-4.948 0-3.259-.014-3.667-.072-4.947-.196-4.354-2.617-6.78-6.979-6.98-1.281-.059-1.69-.073-4.949-.073zm0 5.838c-3.403 0-6.162 2.759-6.162 6.162s2.759 6.163 6.162 6.163 6.162-2.759 6.162-6.163-2.759-6.162-6.162-6.162zm0 10.162c-2.209 0-4-1.79-4-4 0-2.209 1.791-4 4-4s4 1.791 4 4c0 2.21-1.791 4-4 4zm6.406-11.845c-.796 0-1.441.645-1.441 1.44s.645 1.44 1.441 1.44c.795 0 1.439-.645 1.439-1.44s-.644-1.44-1.439-1.44z\"\/><\/svg>\n    <\/a>\n\n    <a href=\"mailto:info@efeshukuk.com\" class=\"efes-social-btn\" aria-label=\"Send Email\">\n        <svg viewbox=\"0 0 24 24\"><path d=\"M0 3v18h24v-18h-24zm6.623 7.929l-4.623 5.712v-9.458l4.623 3.746zm-4.141-5.929h19.035l-9.517 7.713-9.518-7.713zm5.694 7.188l3.824 3.099l3.83-3.104 5.612 8.138h-18.745l5.479-8.133zm8.171-1.259l4.653-3.771v9.487l-4.653-5.716z\"\/><\/svg>\n    <\/a>\n\n    <a href=\"https:\/\/www.google.com\/maps\/place\/Efes+Hukuk+B%C3%BCrosu+-+Kar%C5%9F%C4%B1yaka+Avukat\/@38.458734,27.107183,17z\/data=!3m1!4b1!4m6!3m5!1s0x14bbd9b483567e9d:0xdad9b9deb6d6c709!8m2!3d38.458734!4d27.107183!16s%2Fg%2F11r9ctjdcx?entry=ttu&#038;g_ep=EgoyMDI2MDMyNC4wIKXMDSoASAFQAw%3D%3D\" class=\"efes-social-btn\" target=\"_blank\" rel=\"noopener\" aria-label=\"View on Map\">\n        <svg viewbox=\"0 0 24 24\"><path d=\"M12 2C8.13 2 5 5.13 5 9c0 5.25 7 13 7 13s7-7.75 7-13c0-3.87-3.13-7-7-7zm0 9.5a2.5 2.5 0 0 1 0-5 2.5 2.5 0 0 1 0 5z\"\/><\/svg>\n    <\/a>\n\n    <a href=\"tel:+905344155256\" class=\"efes-social-btn\" aria-label=\"Call by phone\">\n        <svg viewbox=\"0 0 24 24\"><path d=\"M6.62 10.79a15.05 15.05 0 0 0 6.59 6.59l2.2-2.2c.27-.27.67-.36 1.02-.24 1.12.37 2.33.57 3.57.57.55 0 1 .45 1 1V20c0 .55-.45 1-1 1-9.39 0-17-7.61-17-17 0-.55.45-1 1-1h3.5c.55 0 1 .45 1 1 0 1.25.2 2.45.57 3.57.11.35.03.74-.25 1.02l-2.2 2.2z\"\/><\/svg>\n    <\/a>\n<\/div>\n<\/div><\/div>","protected":false},"excerpt":{"rendered":"<p>Administrative Responsibility Due to Earthquakes \u2013 Izmir Lawyer It is a foreseeable fact that people will lose their lives if structurally sound buildings are not constructed. In the face of foreseeable situations, individuals and institutions have legal responsibilities\u2026<\/p>","protected":false},"author":1,"featured_media":0,"comment_status":"open","ping_status":"closed","sticky":false,"template":"","format":"standard","meta":{"footnotes":""},"categories":[24],"tags":[],"class_list":["post-8768","post","type-post","status-publish","format-standard","hentry","category-idare-avukati"],"yoast_head":"<!-- This site is optimized with the Yoast SEO Premium plugin v27.0 (Yoast SEO v27.5) - https:\/\/yoast.com\/product\/yoast-seo-premium-wordpress\/ -->\n<title>Deprem Nedeni \u0130le \u0130darenin Sorumlulu\u011fu - Efes Hukuk B\u00fcrosu<\/title>\n<meta name=\"description\" content=\"\u0130darenin tutum ve davran\u0131\u015flar\u0131ndan, kusurlu olmasa da sorumlu tutulmas\u0131na &#039;&#039;kusursuz sorumluluk&#039;&#039; denir. Nitekim, 1999 G\u00f6lc\u00fck...\" \/>\n<meta name=\"robots\" content=\"index, follow, max-snippet:-1, max-image-preview:large, max-video-preview:-1\" \/>\n<link rel=\"canonical\" href=\"https:\/\/efeshukuk.com\/en\/deprem-nedeni-ile-idarenin-orumlulugu\/\" \/>\n<meta property=\"og:locale\" content=\"en_US\" \/>\n<meta property=\"og:type\" content=\"article\" \/>\n<meta property=\"og:title\" content=\"Deprem Nedeni \u0130le \u0130darenin Sorumlulu\u011fu\" \/>\n<meta property=\"og:description\" content=\"Deprem Nedeni \u0130le \u0130darenin Sorumlulu\u011fu Deprem Nedeni \u0130le \u0130darenin Sorumlulu\u011fu - \u0130zmir Avukat Sa\u011flam binalar\u0131n yap\u0131lmamas\u0131 halinde insanlar\u0131n ya\u015fam\u0131n\u0131\" \/>\n<meta property=\"og:url\" content=\"https:\/\/efeshukuk.com\/en\/deprem-nedeni-ile-idarenin-orumlulugu\/\" \/>\n<meta property=\"og:site_name\" content=\"Efes Hukuk B\u00fcrosu\" \/>\n<meta property=\"article:publisher\" content=\"https:\/\/www.facebook.com\/efeshukukburosu\" \/>\n<meta property=\"article:published_time\" content=\"2023-02-15T12:46:16+00:00\" \/>\n<meta property=\"article:modified_time\" content=\"2026-04-01T12:35:26+00:00\" \/>\n<meta property=\"og:image\" content=\"https:\/\/efeshukuk.com\/wp-content\/uploads\/2023\/02\/Markanin-Kullanmama-Sebebi-Ile-Iptali-13.png\" \/>\n\t<meta property=\"og:image:width\" content=\"1200\" \/>\n\t<meta property=\"og:image:height\" content=\"630\" \/>\n\t<meta property=\"og:image:type\" content=\"image\/png\" \/>\n<meta name=\"author\" content=\"Av. Mustafa Yolcu\" \/>\n<meta name=\"twitter:card\" content=\"summary_large_image\" \/>\n<meta name=\"twitter:label1\" content=\"Written by\" \/>\n\t<meta name=\"twitter:data1\" content=\"Av. Mustafa Yolcu\" \/>\n\t<meta name=\"twitter:label2\" content=\"Est. reading time\" \/>\n\t<meta name=\"twitter:data2\" content=\"7 minutes\" \/>\n<script type=\"application\/ld+json\" class=\"yoast-schema-graph\">{\"@context\":\"https:\\\/\\\/schema.org\",\"@graph\":[{\"@type\":\"Article\",\"@id\":\"https:\\\/\\\/efeshukuk.com\\\/deprem-nedeni-ile-idarenin-orumlulugu\\\/#article\",\"isPartOf\":{\"@id\":\"https:\\\/\\\/efeshukuk.com\\\/deprem-nedeni-ile-idarenin-orumlulugu\\\/\"},\"author\":{\"name\":\"Av. Mustafa Yolcu\",\"@id\":\"https:\\\/\\\/efeshukuk.com\\\/#\\\/schema\\\/person\\\/3669273e38fd03f3f3ca1d7225da67ac\"},\"headline\":\"Deprem Nedeni \u0130le \u0130darenin Sorumlulu\u011fu\",\"datePublished\":\"2023-02-15T12:46:16+00:00\",\"dateModified\":\"2026-04-01T12:35:26+00:00\",\"mainEntityOfPage\":{\"@id\":\"https:\\\/\\\/efeshukuk.com\\\/deprem-nedeni-ile-idarenin-orumlulugu\\\/\"},\"wordCount\":1492,\"commentCount\":0,\"publisher\":{\"@id\":\"https:\\\/\\\/efeshukuk.com\\\/#organization\"},\"image\":{\"@id\":\"https:\\\/\\\/efeshukuk.com\\\/deprem-nedeni-ile-idarenin-orumlulugu\\\/#primaryimage\"},\"thumbnailUrl\":\"https:\\\/\\\/www.efeshukuk.com\\\/wp-content\\\/uploads\\\/2023\\\/02\\\/Markanin-Kullanmama-Sebebi-Ile-Iptali-13-1024x538.png\",\"articleSection\":[\"\u0130dare &amp; Vergi Hukuku\"],\"inLanguage\":\"en-US\",\"potentialAction\":[{\"@type\":\"CommentAction\",\"name\":\"Comment\",\"target\":[\"https:\\\/\\\/efeshukuk.com\\\/deprem-nedeni-ile-idarenin-orumlulugu\\\/#respond\"]}]},{\"@type\":\"WebPage\",\"@id\":\"https:\\\/\\\/efeshukuk.com\\\/deprem-nedeni-ile-idarenin-orumlulugu\\\/\",\"url\":\"https:\\\/\\\/efeshukuk.com\\\/deprem-nedeni-ile-idarenin-orumlulugu\\\/\",\"name\":\"Deprem Nedeni \u0130le \u0130darenin Sorumlulu\u011fu - Efes Hukuk B\u00fcrosu\",\"isPartOf\":{\"@id\":\"https:\\\/\\\/efeshukuk.com\\\/#website\"},\"primaryImageOfPage\":{\"@id\":\"https:\\\/\\\/efeshukuk.com\\\/deprem-nedeni-ile-idarenin-orumlulugu\\\/#primaryimage\"},\"image\":{\"@id\":\"https:\\\/\\\/efeshukuk.com\\\/deprem-nedeni-ile-idarenin-orumlulugu\\\/#primaryimage\"},\"thumbnailUrl\":\"https:\\\/\\\/www.efeshukuk.com\\\/wp-content\\\/uploads\\\/2023\\\/02\\\/Markanin-Kullanmama-Sebebi-Ile-Iptali-13-1024x538.png\",\"datePublished\":\"2023-02-15T12:46:16+00:00\",\"dateModified\":\"2026-04-01T12:35:26+00:00\",\"description\":\"\u0130darenin tutum ve davran\u0131\u015flar\u0131ndan, kusurlu olmasa da sorumlu tutulmas\u0131na ''kusursuz sorumluluk'' denir. Nitekim, 1999 G\u00f6lc\u00fck...\",\"breadcrumb\":{\"@id\":\"https:\\\/\\\/efeshukuk.com\\\/deprem-nedeni-ile-idarenin-orumlulugu\\\/#breadcrumb\"},\"inLanguage\":\"en-US\",\"potentialAction\":[{\"@type\":\"ReadAction\",\"target\":[\"https:\\\/\\\/efeshukuk.com\\\/deprem-nedeni-ile-idarenin-orumlulugu\\\/\"]}]},{\"@type\":\"ImageObject\",\"inLanguage\":\"en-US\",\"@id\":\"https:\\\/\\\/efeshukuk.com\\\/deprem-nedeni-ile-idarenin-orumlulugu\\\/#primaryimage\",\"url\":\"https:\\\/\\\/www.efeshukuk.com\\\/wp-content\\\/uploads\\\/2023\\\/02\\\/Markanin-Kullanmama-Sebebi-Ile-Iptali-13-1024x538.png\",\"contentUrl\":\"https:\\\/\\\/www.efeshukuk.com\\\/wp-content\\\/uploads\\\/2023\\\/02\\\/Markanin-Kullanmama-Sebebi-Ile-Iptali-13-1024x538.png\"},{\"@type\":\"BreadcrumbList\",\"@id\":\"https:\\\/\\\/efeshukuk.com\\\/deprem-nedeni-ile-idarenin-orumlulugu\\\/#breadcrumb\",\"itemListElement\":[{\"@type\":\"ListItem\",\"position\":1,\"name\":\"Ana sayfa\",\"item\":\"https:\\\/\\\/efeshukuk.com\\\/\"},{\"@type\":\"ListItem\",\"position\":2,\"name\":\"Deprem Nedeni \u0130le \u0130darenin Sorumlulu\u011fu\"}]},{\"@type\":\"WebSite\",\"@id\":\"https:\\\/\\\/efeshukuk.com\\\/#website\",\"url\":\"https:\\\/\\\/efeshukuk.com\\\/\",\"name\":\"Efes Hukuk B\u00fcrosu\",\"description\":\"\u0130zmir&#039;deki Avukat\u0131n\u0131z\",\"publisher\":{\"@id\":\"https:\\\/\\\/efeshukuk.com\\\/#organization\"},\"potentialAction\":[{\"@type\":\"SearchAction\",\"target\":{\"@type\":\"EntryPoint\",\"urlTemplate\":\"https:\\\/\\\/efeshukuk.com\\\/?s={search_term_string}\"},\"query-input\":{\"@type\":\"PropertyValueSpecification\",\"valueRequired\":true,\"valueName\":\"search_term_string\"}}],\"inLanguage\":\"en-US\"},{\"@type\":[\"Organization\",\"Place\",\"LegalService\"],\"@id\":\"https:\\\/\\\/efeshukuk.com\\\/#organization\",\"name\":\"Efes Hukuk B\u00fcrosu\",\"url\":\"https:\\\/\\\/efeshukuk.com\\\/\",\"logo\":{\"@id\":\"https:\\\/\\\/efeshukuk.com\\\/deprem-nedeni-ile-idarenin-orumlulugu\\\/#local-main-organization-logo\"},\"image\":{\"@id\":\"https:\\\/\\\/efeshukuk.com\\\/deprem-nedeni-ile-idarenin-orumlulugu\\\/#local-main-organization-logo\"},\"sameAs\":[\"https:\\\/\\\/www.facebook.com\\\/efeshukukburosu\",\"https:\\\/\\\/www.instagram.com\\\/efeshukukburosu\\\/\",\"https:\\\/\\\/www.linkedin.com\\\/company\\\/efes-law\\\/\"],\"description\":\"Efes Hukuk B\u00fcrosu, farkl\u0131 hukuk alanlar\u0131nda uzmanla\u015fm\u0131\u015f avukat kadrosuyla bireysel ve kurumsal m\u00fcvekkillerine etkili ve \u00e7\u00f6z\u00fcm odakl\u0131 hukuki dan\u0131\u015fmanl\u0131k hizmeti sunmaktad\u0131r. Ticaret hukuku, t\u00fcketici hukuku, aile hukuku, icra ve iflas hukuku gibi bir\u00e7ok alanda derin bilgiye sahip avukatlar\u0131m\u0131zla; m\u00fcvekkillerimizin haklar\u0131n\u0131 en iyi \u015fekilde korumay\u0131 ama\u00e7l\u0131yoruz. D\u00fcnyadaki hukuki de\u011fi\u015fimleri yak\u0131ndan takip ediyor, her yeni sorunu titizlikle analiz ediyoruz. M\u00fcvekkillerimizle g\u00fcvene dayal\u0131, \u015feffaf ve yak\u0131n bir ileti\u015fim kurarak, do\u011fru kararlar almalar\u0131na destek oluyoruz. Akademik d\u00fczeyde \u00e7al\u0131\u015fan \u00e7\u00f6z\u00fcm ortaklar\u0131m\u0131z ve alan\u0131nda uzman avukatlar\u0131m\u0131zla; hukuka, meslek eti\u011fine ve Atat\u00fcrk ilke ve ink\u0131laplar\u0131na ba\u011fl\u0131 bir \u015fekilde \u00e7al\u0131\u015fmay\u0131 ilke ediniyoruz.\",\"legalName\":\"Efes Hukuk B\u00fcrosu\",\"numberOfEmployees\":{\"@type\":\"QuantitativeValue\",\"minValue\":\"1\",\"maxValue\":\"10\"},\"address\":{\"@id\":\"https:\\\/\\\/efeshukuk.com\\\/deprem-nedeni-ile-idarenin-orumlulugu\\\/#local-main-place-address\"},\"geo\":{\"@type\":\"GeoCoordinates\",\"latitude\":\"38.467687\",\"longitude\":\"27.109998\"},\"telephone\":[\"+905344155256\"],\"contactPoint\":{\"@type\":\"ContactPoint\",\"telephone\":\"+905344155256\",\"email\":\"info@efeshukuk.com\"},\"openingHoursSpecification\":[{\"@type\":\"OpeningHoursSpecification\",\"dayOfWeek\":[\"Monday\",\"Tuesday\",\"Wednesday\",\"Thursday\",\"Friday\"],\"opens\":\"09:00\",\"closes\":\"18:00\"},{\"@type\":\"OpeningHoursSpecification\",\"dayOfWeek\":[\"Saturday\",\"Sunday\"],\"opens\":\"00:00\",\"closes\":\"00:00\"}],\"email\":\"info@efeshukuk.com\"},{\"@type\":\"Person\",\"@id\":\"https:\\\/\\\/efeshukuk.com\\\/#\\\/schema\\\/person\\\/3669273e38fd03f3f3ca1d7225da67ac\",\"name\":\"Av. Mustafa Yolcu\",\"image\":{\"@type\":\"ImageObject\",\"inLanguage\":\"en-US\",\"@id\":\"https:\\\/\\\/secure.gravatar.com\\\/avatar\\\/0870d5084e90c1476b180296601f5d8b1406305a23f86e567dfdfe264922c60d?s=96&d=retro&r=g\",\"url\":\"https:\\\/\\\/secure.gravatar.com\\\/avatar\\\/0870d5084e90c1476b180296601f5d8b1406305a23f86e567dfdfe264922c60d?s=96&d=retro&r=g\",\"contentUrl\":\"https:\\\/\\\/secure.gravatar.com\\\/avatar\\\/0870d5084e90c1476b180296601f5d8b1406305a23f86e567dfdfe264922c60d?s=96&d=retro&r=g\",\"caption\":\"Av. Mustafa Yolcu\"},\"sameAs\":[\"http:\\\/\\\/www.efeshukuk.com\"],\"url\":\"https:\\\/\\\/efeshukuk.com\\\/en\\\/author\\\/yztyi2\\\/\"},{\"@type\":\"PostalAddress\",\"@id\":\"https:\\\/\\\/efeshukuk.com\\\/deprem-nedeni-ile-idarenin-orumlulugu\\\/#local-main-place-address\",\"streetAddress\":\"Nergiz Mahallesi Girne Blv No:83, Kat 2 D 2, 35600 Kar\u015f\u0131yaka\",\"addressLocality\":\"\u0130zmir\",\"postalCode\":\"35600\",\"addressCountry\":\"TR\"},{\"@type\":\"ImageObject\",\"inLanguage\":\"en-US\",\"@id\":\"https:\\\/\\\/efeshukuk.com\\\/deprem-nedeni-ile-idarenin-orumlulugu\\\/#local-main-organization-logo\",\"url\":\"https:\\\/\\\/efeshukuk.com\\\/wp-content\\\/uploads\\\/2020\\\/11\\\/5.png\",\"contentUrl\":\"https:\\\/\\\/efeshukuk.com\\\/wp-content\\\/uploads\\\/2020\\\/11\\\/5.png\",\"width\":500,\"height\":500,\"caption\":\"Efes Hukuk B\u00fcrosu\"}]}<\/script>\n<meta name=\"geo.placename\" content=\"\u0130zmir\" \/>\n<meta name=\"geo.position\" content=\"38.467687;27.109998\" \/>\n<meta name=\"geo.region\" content=\"Turkey\" \/>\n<!-- \/ Yoast SEO Premium plugin. -->","yoast_head_json":{"title":"Deprem Nedeni \u0130le \u0130darenin Sorumlulu\u011fu - Efes Hukuk B\u00fcrosu","description":"\u0130darenin tutum ve davran\u0131\u015flar\u0131ndan, kusurlu olmasa da sorumlu tutulmas\u0131na ''kusursuz sorumluluk'' denir. Nitekim, 1999 G\u00f6lc\u00fck...","robots":{"index":"index","follow":"follow","max-snippet":"max-snippet:-1","max-image-preview":"max-image-preview:large","max-video-preview":"max-video-preview:-1"},"canonical":"https:\/\/efeshukuk.com\/en\/deprem-nedeni-ile-idarenin-orumlulugu\/","og_locale":"en_US","og_type":"article","og_title":"Deprem Nedeni \u0130le \u0130darenin Sorumlulu\u011fu","og_description":"Deprem Nedeni \u0130le \u0130darenin Sorumlulu\u011fu Deprem Nedeni \u0130le \u0130darenin Sorumlulu\u011fu - \u0130zmir Avukat Sa\u011flam binalar\u0131n yap\u0131lmamas\u0131 halinde insanlar\u0131n ya\u015fam\u0131n\u0131","og_url":"https:\/\/efeshukuk.com\/en\/deprem-nedeni-ile-idarenin-orumlulugu\/","og_site_name":"Efes Hukuk B\u00fcrosu","article_publisher":"https:\/\/www.facebook.com\/efeshukukburosu","article_published_time":"2023-02-15T12:46:16+00:00","article_modified_time":"2026-04-01T12:35:26+00:00","og_image":[{"width":1200,"height":630,"url":"https:\/\/efeshukuk.com\/wp-content\/uploads\/2023\/02\/Markanin-Kullanmama-Sebebi-Ile-Iptali-13.png","type":"image\/png"}],"author":"Av. Mustafa Yolcu","twitter_card":"summary_large_image","twitter_misc":{"Written by":"Av. Mustafa Yolcu","Est. reading time":"7 minutes"},"schema":{"@context":"https:\/\/schema.org","@graph":[{"@type":"Article","@id":"https:\/\/efeshukuk.com\/deprem-nedeni-ile-idarenin-orumlulugu\/#article","isPartOf":{"@id":"https:\/\/efeshukuk.com\/deprem-nedeni-ile-idarenin-orumlulugu\/"},"author":{"name":"Av. Mustafa Yolcu","@id":"https:\/\/efeshukuk.com\/#\/schema\/person\/3669273e38fd03f3f3ca1d7225da67ac"},"headline":"Deprem Nedeni \u0130le \u0130darenin Sorumlulu\u011fu","datePublished":"2023-02-15T12:46:16+00:00","dateModified":"2026-04-01T12:35:26+00:00","mainEntityOfPage":{"@id":"https:\/\/efeshukuk.com\/deprem-nedeni-ile-idarenin-orumlulugu\/"},"wordCount":1492,"commentCount":0,"publisher":{"@id":"https:\/\/efeshukuk.com\/#organization"},"image":{"@id":"https:\/\/efeshukuk.com\/deprem-nedeni-ile-idarenin-orumlulugu\/#primaryimage"},"thumbnailUrl":"https:\/\/www.efeshukuk.com\/wp-content\/uploads\/2023\/02\/Markanin-Kullanmama-Sebebi-Ile-Iptali-13-1024x538.png","articleSection":["\u0130dare &amp; Vergi Hukuku"],"inLanguage":"en-US","potentialAction":[{"@type":"CommentAction","name":"Comment","target":["https:\/\/efeshukuk.com\/deprem-nedeni-ile-idarenin-orumlulugu\/#respond"]}]},{"@type":"WebPage","@id":"https:\/\/efeshukuk.com\/deprem-nedeni-ile-idarenin-orumlulugu\/","url":"https:\/\/efeshukuk.com\/deprem-nedeni-ile-idarenin-orumlulugu\/","name":"Deprem Nedeni \u0130le \u0130darenin Sorumlulu\u011fu - Efes Hukuk B\u00fcrosu","isPartOf":{"@id":"https:\/\/efeshukuk.com\/#website"},"primaryImageOfPage":{"@id":"https:\/\/efeshukuk.com\/deprem-nedeni-ile-idarenin-orumlulugu\/#primaryimage"},"image":{"@id":"https:\/\/efeshukuk.com\/deprem-nedeni-ile-idarenin-orumlulugu\/#primaryimage"},"thumbnailUrl":"https:\/\/www.efeshukuk.com\/wp-content\/uploads\/2023\/02\/Markanin-Kullanmama-Sebebi-Ile-Iptali-13-1024x538.png","datePublished":"2023-02-15T12:46:16+00:00","dateModified":"2026-04-01T12:35:26+00:00","description":"\u0130darenin tutum ve davran\u0131\u015flar\u0131ndan, kusurlu olmasa da sorumlu tutulmas\u0131na ''kusursuz sorumluluk'' denir. Nitekim, 1999 G\u00f6lc\u00fck...","breadcrumb":{"@id":"https:\/\/efeshukuk.com\/deprem-nedeni-ile-idarenin-orumlulugu\/#breadcrumb"},"inLanguage":"en-US","potentialAction":[{"@type":"ReadAction","target":["https:\/\/efeshukuk.com\/deprem-nedeni-ile-idarenin-orumlulugu\/"]}]},{"@type":"ImageObject","inLanguage":"en-US","@id":"https:\/\/efeshukuk.com\/deprem-nedeni-ile-idarenin-orumlulugu\/#primaryimage","url":"https:\/\/www.efeshukuk.com\/wp-content\/uploads\/2023\/02\/Markanin-Kullanmama-Sebebi-Ile-Iptali-13-1024x538.png","contentUrl":"https:\/\/www.efeshukuk.com\/wp-content\/uploads\/2023\/02\/Markanin-Kullanmama-Sebebi-Ile-Iptali-13-1024x538.png"},{"@type":"BreadcrumbList","@id":"https:\/\/efeshukuk.com\/deprem-nedeni-ile-idarenin-orumlulugu\/#breadcrumb","itemListElement":[{"@type":"ListItem","position":1,"name":"Ana sayfa","item":"https:\/\/efeshukuk.com\/"},{"@type":"ListItem","position":2,"name":"Deprem Nedeni \u0130le \u0130darenin Sorumlulu\u011fu"}]},{"@type":"WebSite","@id":"https:\/\/efeshukuk.com\/#website","url":"https:\/\/efeshukuk.com\/","name":"Ephesus Law Firm","description":"Your Lawyer in Izmir","publisher":{"@id":"https:\/\/efeshukuk.com\/#organization"},"potentialAction":[{"@type":"SearchAction","target":{"@type":"EntryPoint","urlTemplate":"https:\/\/efeshukuk.com\/?s={search_term_string}"},"query-input":{"@type":"PropertyValueSpecification","valueRequired":true,"valueName":"search_term_string"}}],"inLanguage":"en-US"},{"@type":["Organization","Place","LegalService"],"@id":"https:\/\/efeshukuk.com\/#organization","name":"Ephesus Law Firm","url":"https:\/\/efeshukuk.com\/","logo":{"@id":"https:\/\/efeshukuk.com\/deprem-nedeni-ile-idarenin-orumlulugu\/#local-main-organization-logo"},"image":{"@id":"https:\/\/efeshukuk.com\/deprem-nedeni-ile-idarenin-orumlulugu\/#local-main-organization-logo"},"sameAs":["https:\/\/www.facebook.com\/efeshukukburosu","https:\/\/www.instagram.com\/efeshukukburosu\/","https:\/\/www.linkedin.com\/company\/efes-law\/"],"description":"Efes Law Firm provides effective and solution-oriented legal consultancy services to individual and corporate clients with its team of lawyers specializing in various legal fields. With lawyers possessing in-depth knowledge in numerous areas such as commercial law, consumer law, family law, and enforcement and bankruptcy law, we aim to best protect our clients&#039; rights. We closely follow legal developments worldwide and meticulously analyze every new issue. We support our clients in making informed decisions by establishing trust-based, transparent, and close communication with them. With our academically qualified partners and expert lawyers, we are committed to working in accordance with the law, professional ethics, and the principles and reforms of Atat\u00fcrk.","legalName":"Efes Hukuk B\u00fcrosu","numberOfEmployees":{"@type":"QuantitativeValue","minValue":"1","maxValue":"10"},"address":{"@id":"https:\/\/efeshukuk.com\/deprem-nedeni-ile-idarenin-orumlulugu\/#local-main-place-address"},"geo":{"@type":"GeoCoordinates","latitude":"38.467687","longitude":"27.109998"},"telephone":["+905344155256"],"contactPoint":{"@type":"ContactPoint","telephone":"+905344155256","email":"info@efeshukuk.com"},"openingHoursSpecification":[{"@type":"OpeningHoursSpecification","dayOfWeek":["Monday","Tuesday","Wednesday","Thursday","Friday"],"opens":"09:00","closes":"18:00"},{"@type":"OpeningHoursSpecification","dayOfWeek":["Saturday","Sunday"],"opens":"00:00","closes":"00:00"}],"email":"info@efeshukuk.com"},{"@type":"Person","@id":"https:\/\/efeshukuk.com\/#\/schema\/person\/3669273e38fd03f3f3ca1d7225da67ac","name":"Mustafa Yolcu","image":{"@type":"ImageObject","inLanguage":"en-US","@id":"https:\/\/secure.gravatar.com\/avatar\/0870d5084e90c1476b180296601f5d8b1406305a23f86e567dfdfe264922c60d?s=96&d=retro&r=g","url":"https:\/\/secure.gravatar.com\/avatar\/0870d5084e90c1476b180296601f5d8b1406305a23f86e567dfdfe264922c60d?s=96&d=retro&r=g","contentUrl":"https:\/\/secure.gravatar.com\/avatar\/0870d5084e90c1476b180296601f5d8b1406305a23f86e567dfdfe264922c60d?s=96&d=retro&r=g","caption":"Av. Mustafa Yolcu"},"sameAs":["http:\/\/www.efeshukuk.com"],"url":"https:\/\/efeshukuk.com\/en\/author\/yztyi2\/"},{"@type":"PostalAddress","@id":"https:\/\/efeshukuk.com\/deprem-nedeni-ile-idarenin-orumlulugu\/#local-main-place-address","streetAddress":"Nergiz Mahallesi Girne Blv No:83, Kat 2 D 2, 35600 Kar\u015f\u0131yaka","addressLocality":"\u0130zmir","postalCode":"35600","addressCountry":"TR"},{"@type":"ImageObject","inLanguage":"en-US","@id":"https:\/\/efeshukuk.com\/deprem-nedeni-ile-idarenin-orumlulugu\/#local-main-organization-logo","url":"https:\/\/efeshukuk.com\/wp-content\/uploads\/2020\/11\/5.png","contentUrl":"https:\/\/efeshukuk.com\/wp-content\/uploads\/2020\/11\/5.png","width":500,"height":500,"caption":"Efes Hukuk B\u00fcrosu"}]},"geo.placename":"\u0130zmir","geo.position":{"lat":"38.467687","long":"27.109998"},"geo.region":"Turkey"},"amp_enabled":true,"_links":{"self":[{"href":"https:\/\/efeshukuk.com\/en\/wp-json\/wp\/v2\/posts\/8768","targetHints":{"allow":["GET"]}}],"collection":[{"href":"https:\/\/efeshukuk.com\/en\/wp-json\/wp\/v2\/posts"}],"about":[{"href":"https:\/\/efeshukuk.com\/en\/wp-json\/wp\/v2\/types\/post"}],"author":[{"embeddable":true,"href":"https:\/\/efeshukuk.com\/en\/wp-json\/wp\/v2\/users\/1"}],"replies":[{"embeddable":true,"href":"https:\/\/efeshukuk.com\/en\/wp-json\/wp\/v2\/comments?post=8768"}],"version-history":[{"count":1,"href":"https:\/\/efeshukuk.com\/en\/wp-json\/wp\/v2\/posts\/8768\/revisions"}],"predecessor-version":[{"id":9764,"href":"https:\/\/efeshukuk.com\/en\/wp-json\/wp\/v2\/posts\/8768\/revisions\/9764"}],"wp:attachment":[{"href":"https:\/\/efeshukuk.com\/en\/wp-json\/wp\/v2\/media?parent=8768"}],"wp:term":[{"taxonomy":"category","embeddable":true,"href":"https:\/\/efeshukuk.com\/en\/wp-json\/wp\/v2\/categories?post=8768"},{"taxonomy":"post_tag","embeddable":true,"href":"https:\/\/efeshukuk.com\/en\/wp-json\/wp\/v2\/tags?post=8768"}],"curies":[{"name":"wp","href":"https:\/\/api.w.org\/{rel}","templated":true}]}}