{"id":8725,"date":"2023-02-04T16:08:11","date_gmt":"2023-02-04T13:08:11","guid":{"rendered":"https:\/\/www.efeshukuk.com\/?p=8725"},"modified":"2026-04-29T12:17:47","modified_gmt":"2026-04-29T09:17:47","slug":"on-yillik-kiracinin-tahliyesi","status":"publish","type":"post","link":"https:\/\/efeshukuk.com\/en\/on-yillik-kiracinin-tahliyesi\/","title":{"rendered":"Eviction of a Ten-Year Tenant"},"content":{"rendered":"<figure class=\"wp-block-image size-large\"><img loading=\"lazy\" decoding=\"async\" width=\"1024\" height=\"538\" src=\"https:\/\/www.efeshukuk.com\/wp-content\/uploads\/2023\/02\/Markanin-Kullanmama-Sebebi-Ile-Iptali-6-1024x538.png\" alt=\"On Y\u0131ll\u0131k Kirac\u0131n\u0131n Tahliyesi\" class=\"wp-image-8727\" srcset=\"https:\/\/efeshukuk.com\/wp-content\/uploads\/2023\/02\/Markanin-Kullanmama-Sebebi-Ile-Iptali-6-1024x538.png 1024w, https:\/\/efeshukuk.com\/wp-content\/uploads\/2023\/02\/Markanin-Kullanmama-Sebebi-Ile-Iptali-6-300x158.png 300w, https:\/\/efeshukuk.com\/wp-content\/uploads\/2023\/02\/Markanin-Kullanmama-Sebebi-Ile-Iptali-6-768x403.png 768w, https:\/\/efeshukuk.com\/wp-content\/uploads\/2023\/02\/Markanin-Kullanmama-Sebebi-Ile-Iptali-6-18x9.png 18w, https:\/\/efeshukuk.com\/wp-content\/uploads\/2023\/02\/Markanin-Kullanmama-Sebebi-Ile-Iptali-6.png 1200w\" sizes=\"auto, (max-width: 1024px) 100vw, 1024px\" \/><figcaption class=\"wp-element-caption\">Eviction of a Ten-Year Tenant<\/figcaption><\/figure>\n\n\n\n<h2 class=\"wp-block-heading\" id=\"h-on-yillik-kiracinin-tahliyesi-izmir-avukat\">Eviction of a Ten-Year Tenant \u2013 Lawyer in Izmir<\/h2>\n\n\n\n<p class=\"has-text-align-justify\">In fixed-term lease agreements, the landlord&#039;s right to terminate the lease by giving notice only arises at the end of the ten-year extension period. At the end of the ten-year extension period, the landlord may terminate the contract without giving any reason, provided that they give notice at least three months before the end of each subsequent extension year.<\/p>\n\n\n\n<h3 class=\"wp-block-heading\" id=\"h-fesih-bildirimi\">Fesih Bildirimi<\/h3>\n\n\n\n<p class=\"has-text-align-justify\">On y\u0131ll\u0131k kirac\u0131n\u0131n tahliyesi\u00a0i\u015flemi i\u00e7in kiraya verenin fesih bildirimini yaz\u0131l\u0131 olarak yapmas\u0131 gerekir. Yaz\u0131l\u0131 bi\u00e7imde yap\u0131lmayan fesih bildirimlerinin hukuki bir de\u011fere sahip olmamas\u0131 nedeni ile ge\u00e7erlili\u011fi de s\u00f6z konusu olmayacakt\u0131r. Fesih bildirimi haz\u0131rlan\u0131rken kanunda belirlenen \u015fekle uygunlu\u011fu \u00f6nem ta\u015f\u0131r. ihtarnamenin i\u00e7erik a\u00e7\u0131s\u0131ndan amac\u0131na uygun olarak haz\u0131rlanmas\u0131 gerekirken kirac\u0131n\u0131n kiralanandan \u00e7\u0131kmas\u0131 i\u00e7in g\u00f6nderildi\u011fi a\u00e7\u0131k ve anla\u015f\u0131l\u0131r bi\u00e7imde ifade edilmelidir. On y\u0131ll\u0131k kirac\u0131n\u0131n tahliyesi\u00a0i\u00e7in g\u00f6nderilecek ihtarnamede yer almas\u0131 gerekenler aras\u0131nda kirac\u0131n\u0131n kiralanan\u0131 tahliye etmemesi durumunda hukuk yoluna ba\u015fvurulaca\u011f\u0131 da bulunur. Bu durumda tahliye davas\u0131 a\u00e7\u0131lmak sureti ile kiralayan\u0131n yasal haklar\u0131n\u0131 kullanabilece\u011fi a\u00e7\u0131k bir \u015fekilde ifade edilmelidir.<\/p>\n\n\n\n<p class=\"has-text-align-justify\">When a landlord wishes to evict a tenant due to the expiration of the ten-year lease extension, they must send a formal notice. It is recommended to send this notice via a notary public, as such a document has legal force. Notices sent through a notary public are considered legally admissible due to their evidentiary value. <strong>Eviction of a tenant who has lived there for ten years.<\/strong>&nbsp;If the termination process is to be carried out, the landlord must provide written notice. This notice, which must be given at least three months before the end of the contract, has no legal value if given verbally. Therefore, in addition to compliance with the formal requirements, giving the notice at the right time is also a factor supporting the validity of the termination notice.<\/p>\n\n\n\n<p class=\"has-text-align-justify\">(<a href=\"https:\/\/www.mevzuat.gov.tr\/mevzuatmetin\/1.5.6098.pdf\" target=\"_blank\" rel=\"noreferrer noopener\">Turkish Code of Obligations<\/a> Article 347) &quot;...In this case, the landlord does not need to give any reason for termination. The eviction notice must be given at least three months before the end of the lease agreement.&quot;\u2018<\/p>\n\n\n\n<h3 class=\"wp-block-heading\" id=\"h-sozlesmenin-fesih-suresi-baslangici\">S\u00f6zle\u015fmenin Fesih S\u00fcresi Ba\u015flang\u0131c\u0131<\/h3>\n\n\n\n<p class=\"has-text-align-justify\">On y\u0131ll\u0131k uzama s\u00fcresi\u00a0sonunda\u00a0kirac\u0131n\u0131n tahliyesinde dikkat edilmesi gereken husus, kira s\u00f6zle\u015fmesinin ba\u015flang\u0131\u00e7 tarihi \u00fczerinden ge\u00e7mesi gereken s\u00fcrenin hesab\u0131d\u0131r. Kanun, belirli s\u00fcreli kira s\u00f6zle\u015fmelerinde\u00a0on y\u0131ll\u0131k s\u00fcrenin ba\u015flang\u0131c\u0131nda, kira s\u00f6zle\u015fmesinin ba\u015flang\u0131\u00e7 tarihini esas almam\u0131\u015ft\u0131r. D\u00fczenlemeye g\u00f6re, kira s\u00f6zle\u015fmesinin\u00a0on y\u0131l\u00a0uzam\u0131\u015f olmas\u0131 gerekmekte ve bundan sonraki her y\u0131l i\u00e7in s\u00f6zle\u015fmeyi sonland\u0131rma hakk\u0131 olmaktad\u0131r. Bu durumda, kira s\u00f6zle\u015fmesinin ilk y\u0131l\u0131 hesaba kat\u0131lmayacakt\u0131r. S\u00f6zle\u015fmenin uzama s\u00fcresi, ikinci y\u0131l\u0131n ba\u015f\u0131nda ba\u015flam\u0131\u015f olacakt\u0131r. <strong>Kira s\u00f6zle\u015fmesinin ba\u015flang\u0131c\u0131ndan itibaren toplamda on bir y\u0131l ge\u00e7tikten sonra, kiraya veren bildirim ko\u015fuluna uymak \u015fart\u0131yla ancak\u00a0on ikinci y\u0131l\u0131n sonunda kirac\u0131n\u0131n bu yolla tahliyesini\u00a0talep edebilecektir.<\/strong><\/p>\n\n\n\n<h3 class=\"wp-block-heading\" id=\"h-10-yillik-kiraci-tahliye-sureci-ve-sartlari\"><strong>10 Y\u0131ll\u0131k Kirac\u0131 Tahliye S\u00fcreci ve \u015eartlar\u0131<\/strong><\/h3>\n\n\n\n<ul class=\"wp-block-list\">\n<li><strong>S\u00fcre Hesab\u0131:<\/strong>\u00a0\u0130lk s\u00f6zle\u015fme s\u00fcresinin (\u00f6rne\u011fin 1 y\u0131l) bitiminden itibaren 10 y\u0131l daha uzam\u0131\u015f olmas\u0131 gerekir (toplam 11. y\u0131l\u0131n sonu).<\/li>\n\n\n\n<li><strong>\u0130htarname \u015eart\u0131:<\/strong>\u00a0Uzama y\u0131l\u0131n\u0131n bitiminden\u00a0en az 3 ay \u00f6nce\u00a0noterden yaz\u0131l\u0131 fesih bildirimi g\u00f6nderilmelidir. Bu ihtarname, kirac\u0131ya s\u00f6zle\u015fmeyi yenilemeyece\u011finizi bildirir.<\/li>\n\n\n\n<li><strong>Gerek\u00e7e G\u00f6stermeme:<\/strong>\u00a010 y\u0131l dolduktan sonra, ev sahibinin ihtiyac\u0131 veya ba\u015fka bir sebep g\u00f6stermesine gerek kalmaks\u0131z\u0131n tahliye talep edilebilir.<\/li>\n\n\n\n<li><strong>Dava A\u00e7ma:<\/strong>\u00a0\u0130htarnameye ra\u011fmen \u00e7\u0131kmayan kirac\u0131ya kar\u015f\u0131, yeni kira d\u00f6nemi i\u00e7inde tahliye davas\u0131 a\u00e7\u0131lmal\u0131d\u0131r<\/li>\n<\/ul>\n\n\n\n<p class=\"has-text-align-justify\">In indefinite-term lease agreements, the law takes the commencement date of the lease relationship as the basis. In this case, from the start of the lease...<strong>\u00a0<\/strong>on y\u0131l\u00a0ge\u00e7tikten sonra, \u00fc\u00e7 ay \u00f6nceden bildirimde bulunmak kayd\u0131yla, kiralaya veren\u00a0kirac\u0131n\u0131n tahliyesini isteyebilir. A\u00e7\u0131lacak tahliye davalar\u0131nda g\u00f6revli mahkeme Sulh Hukuk Mahkemesidir. Bu t\u00fcr tahliye davalar\u0131 i\u00e7in yetkili mahkeme ise kiralanan ta\u015f\u0131nmaz\u0131n oldu\u011fu yer mahkemeleridir. Tahliye davas\u0131 s\u00f6z konusu oldu\u011funda kiraya verenin hukuki a\u00e7\u0131dan istenilen sonuca k\u0131sa s\u00fcrede ula\u015fabilmesi i\u00e7in i\u015flemlerinin yasal yollarla yap\u0131lm\u0131\u015f olmas\u0131 \u00f6nem ta\u015f\u0131r. Bu durumda da kirac\u0131ya yap\u0131lacak fesih bildirimlerinde \u015fekil \u015fart\u0131na uygunlu\u011fun yan\u0131 s\u0131ra fesih bildirimi s\u00f6zl\u00fc olarak yap\u0131lmamal\u0131 ve noter kanal\u0131 ile bu belge kirac\u0131ya iletilmelidir. On y\u0131ll\u0131k kirac\u0131n\u0131n tahliyesi\u00a0i\u015flemleri i\u00e7in dava a\u00e7\u0131lmas\u0131 gerekti\u011finde fesih bildirimi g\u00f6nderilirken s\u00f6zle\u015fme s\u00fcrelerinin do\u011fru hesaplanmas\u0131 da ayr\u0131 bir \u00f6nem ta\u015f\u0131yacakt\u0131r. Bu t\u00fcr davalarda hukuki destek al\u0131nmas\u0131 taraflar\u0131n haklar\u0131n\u0131n korunabilmesi a\u00e7\u0131s\u0131ndan \u00f6nem ta\u015f\u0131r.<\/p>\n\n\n\n<p><mark style=\"background-color:rgba(0, 0, 0, 0)\" class=\"has-inline-color has-black-color\">Here are some other articles that might interest you:<\/mark><\/p>\n\n\n\n<div data-wp-context=\"{ &quot;autoclose&quot;: false, &quot;accordionItems&quot;: [] }\" data-wp-interactive=\"core\/accordion\" role=\"group\" class=\"wp-block-accordion is-layout-flow wp-block-accordion-is-layout-flow\">\n<div data-wp-class--is-open=\"state.isOpen\" data-wp-context=\"{ &quot;id&quot;: &quot;accordion-item-1&quot;, &quot;openByDefault&quot;: false }\" data-wp-init=\"callbacks.initAccordionItems\" data-wp-on-window--hashchange=\"callbacks.hashChange\" class=\"wp-block-accordion-item is-layout-flow wp-block-accordion-item-is-layout-flow\">\n<h3 class=\"wp-block-accordion-heading has-small-font-size\"><button aria-expanded=\"false\" aria-controls=\"accordion-item-1-panel\" data-wp-bind--aria-expanded=\"state.isOpen\" data-wp-on--click=\"actions.toggle\" data-wp-on--keydown=\"actions.handleKeyDown\" id=\"accordion-item-1\" type=\"button\" class=\"wp-block-accordion-heading__toggle\"><span class=\"wp-block-accordion-heading__toggle-title\">RENTAL LAW<\/span><span class=\"wp-block-accordion-heading__toggle-icon\" aria-hidden=\"true\">+<\/span><\/button><\/h3>\n\n\n\n<div inert aria-labelledby=\"accordion-item-1\" data-wp-bind--inert=\"!state.isOpen\" id=\"accordion-item-1-panel\" role=\"region\" class=\"wp-block-accordion-panel is-layout-flow wp-block-accordion-panel-is-layout-flow\">\n<ul class=\"wp-block-list\">\n<li><a href=\"https:\/\/efeshukuk.com\/en\/kira-iliskisinde-iki-hakli-ihtar\/\">Two Valid Notices in a Rental Agreement<\/a><\/li>\n\n\n\n<li><a href=\"https:\/\/efeshukuk.com\/en\/kiraci-evden-cikarken-evi-boyatmak-zorunda-mi\/\">Does the Tenant Have to Paint and Whitewash the House When Leaving?<\/a><\/li>\n\n\n\n<li><a href=\"https:\/\/efeshukuk.com\/en\/ogrenciler-ortak-ev-kiralarken-veya-evinize-bir-ev-arkadasi-alirken-nelere-dikkat-etmelisiniz\/\">What should students consider when renting a shared apartment or taking in a roommate?<\/a><\/li>\n\n\n\n<li><a href=\"https:\/\/efeshukuk.com\/en\/kira-sozlesmesinde-dikkat-edilmesi-gereken-hususlar\/\">Important Considerations in a Lease Agreement<\/a><\/li>\n\n\n\n<li><a href=\"https:\/\/efeshukuk.com\/en\/satin-alinan-evden-kiracinin-cikartilmasi\/\" target=\"_blank\" rel=\"noreferrer noopener\">Eviction of a Tenant from a Purchased Property<\/a><\/li>\n\n\n\n<li><a href=\"https:\/\/efeshukuk.com\/en\/kiraci-evi-gostermek-zorunda-mi\/\" target=\"_blank\" rel=\"noreferrer noopener\">Is the tenant required to show the property?<\/a><\/li>\n\n\n\n<li><a href=\"https:\/\/efeshukuk.com\/en\/on-yillik-kiracinin-tahliyesi\/\" target=\"_blank\" rel=\"noreferrer noopener\">Eviction of a Ten-Year Tenant<\/a><\/li>\n\n\n\n<li><a href=\"https:\/\/efeshukuk.com\/en\/kiraya-verenin-hapis-hakki\/\" target=\"_blank\" rel=\"noreferrer noopener\">Landlord&#039;s Right of Retention<\/a><\/li>\n\n\n\n<li><a href=\"https:\/\/efeshukuk.com\/en\/kiralanan-tasinmazda-tadilat\/\" target=\"_blank\" rel=\"noreferrer noopener\">Renovation in a Rented Property<\/a><\/li>\n\n\n\n<li><a href=\"https:\/\/efeshukuk.com\/en\/2022-kira-artis-duzenlemesi\/\" target=\"_blank\" rel=\"noreferrer noopener\">2022 Rent Increase Regulation<\/a><\/li>\n\n\n\n<li><a href=\"https:\/\/efeshukuk.com\/en\/kira-sozlesmesi-bitmeden-evden-cikmak\/\" target=\"_blank\" rel=\"noreferrer noopener\">Moving Out Before the Lease Agreement Expires<\/a><\/li>\n\n\n\n<li><a href=\"https:\/\/efeshukuk.com\/en\/ev-sahibi-geriye-donuk-kira-artisi-bedelini-isteyebilir-i\/\" target=\"_blank\" rel=\"noreferrer noopener\">Can a landlord demand retroactive rent increase?<\/a><\/li>\n\n\n\n<li><a href=\"https:\/\/efeshukuk.com\/en\/kira-sozlesmesi-tahliye-taahudu-ile-sona-erme\/\" target=\"_blank\" rel=\"noreferrer noopener\">Termination of the Lease Agreement by Undertaking to Evict<\/a><\/li>\n\n\n\n<li><a href=\"https:\/\/efeshukuk.com\/en\/tasinmaz-sahipleri-ve-kiracilari-ilgilendiren-kira-artis-miktari-nasil-belirlenir\/\">How is the amount of rent increase determined, affecting property owners and tenants?<\/a><\/li>\n<\/ul>\n<\/div>\n<\/div>\n<\/div>\n\n\n\n<div data-wp-context=\"{ &quot;autoclose&quot;: false, &quot;accordionItems&quot;: [] }\" data-wp-interactive=\"core\/accordion\" role=\"group\" class=\"wp-block-accordion is-layout-flow wp-block-accordion-is-layout-flow\">\n<div data-wp-class--is-open=\"state.isOpen\" data-wp-context=\"{ &quot;id&quot;: &quot;accordion-item-2&quot;, &quot;openByDefault&quot;: false }\" data-wp-init=\"callbacks.initAccordionItems\" data-wp-on-window--hashchange=\"callbacks.hashChange\" class=\"wp-block-accordion-item is-layout-flow wp-block-accordion-item-is-layout-flow\">\n<h3 class=\"wp-block-accordion-heading has-small-font-size\"><button aria-expanded=\"false\" aria-controls=\"accordion-item-2-panel\" data-wp-bind--aria-expanded=\"state.isOpen\" data-wp-on--click=\"actions.toggle\" data-wp-on--keydown=\"actions.handleKeyDown\" id=\"accordion-item-2\" type=\"button\" class=\"wp-block-accordion-heading__toggle\"><span class=\"wp-block-accordion-heading__toggle-title\">REAL ESTATE LAW<\/span><span class=\"wp-block-accordion-heading__toggle-icon\" aria-hidden=\"true\">+<\/span><\/button><\/h3>\n\n\n\n<div inert aria-labelledby=\"accordion-item-2\" data-wp-bind--inert=\"!state.isOpen\" id=\"accordion-item-2-panel\" role=\"region\" class=\"wp-block-accordion-panel is-layout-flow wp-block-accordion-panel-is-layout-flow\">\n<div class=\"wp-block-columns is-layout-flex wp-container-core-columns-is-layout-9d6595d7 wp-block-columns-is-layout-flex\">\n<div class=\"wp-block-column is-layout-flow wp-block-column-is-layout-flow\">\n<ul class=\"wp-block-list\">\n<li><a href=\"https:\/\/efeshukuk.com\/en\/turk-medeni-kanununa-gore-onalim-hakki\/\">Right of Pre-emption According to the Turkish Civil Code<\/a><\/li>\n\n\n\n<li><a href=\"https:\/\/efeshukuk.com\/en\/el-atmanin-onlenmesi\/\" target=\"_blank\" rel=\"noreferrer noopener\">Case for Prevention of Interference (Prohibition of Interference)<\/a><\/li>\n\n\n\n<li><a href=\"https:\/\/efeshukuk.com\/en\/imar-barisi-surecleri\/\" target=\"_blank\" rel=\"noreferrer noopener\">Construction Amnesty Processes<\/a><\/li>\n\n\n\n<li><a href=\"https:\/\/efeshukuk.com\/en\/izale-i-suyu-nedir\/\" target=\"_blank\" rel=\"noreferrer noopener\">What is Partition of Joint Ownership?<\/a><\/li>\n\n\n\n<li><a href=\"https:\/\/efeshukuk.com\/en\/gecit-hakki\/\" target=\"_blank\" rel=\"noreferrer noopener\">Right of Way<\/a><\/li>\n\n\n\n<li><a href=\"https:\/\/efeshukuk.com\/en\/irtifak-hakki-nedir\/\" target=\"_blank\" rel=\"noreferrer noopener\">What is an easement?<\/a><\/li>\n\n\n\n<li><a href=\"https:\/\/efeshukuk.com\/en\/ruhsata-aykiri-kacak-yapi\/\" target=\"_blank\" rel=\"noreferrer noopener\">Illegal Construction Without Permit<\/a><\/li>\n\n\n\n<li><a href=\"https:\/\/efeshukuk.com\/en\/arabuluculuk-anlasma-belgesi-ile-tasinmaz-satisi\/\">It is possible to sell real estate with a Mediation Agreement Document.<\/a><\/li>\n<\/ul>\n<\/div>\n\n\n\n<div class=\"wp-block-column is-layout-flow wp-block-column-is-layout-flow\">\n<ul class=\"wp-block-list\">\n<li><a href=\"https:\/\/efeshukuk.com\/en\/tasinmaz-satis-vaadi-sozlesmesi\/\" target=\"_blank\" rel=\"noreferrer noopener\">Real Estate Sales Promise Agreement<\/a><\/li>\n\n\n\n<li><a href=\"https:\/\/efeshukuk.com\/en\/tapu-tescil-davasi\/\" target=\"_blank\" rel=\"noreferrer noopener\">Property Registration Case &amp; Property Cancellation Case<\/a><\/li>\n\n\n\n<li><a href=\"https:\/\/efeshukuk.com\/en\/kat-karsiligi-insaat-sozlesmesi\/\" target=\"_blank\" rel=\"noreferrer noopener\">Construction Contract in Exchange for Land Share<\/a><\/li>\n\n\n\n<li><a href=\"https:\/\/efeshukuk.com\/en\/muteahhidin-temerrudu\/\" target=\"_blank\" rel=\"noreferrer noopener\">Contractor&#039;s\/Subcontractor&#039;s Default<\/a><\/li>\n\n\n\n<li><a href=\"https:\/\/efeshukuk.com\/en\/kentsel-donusum-harc-muafiyeti\/\" target=\"_blank\" rel=\"noreferrer noopener\">Urban Transformation Fee Exemption<\/a><\/li>\n\n\n\n<li><a href=\"https:\/\/efeshukuk.com\/en\/mulkiyeti-muhafaza-kaydi-ile-satis\/\" target=\"_blank\" rel=\"noreferrer noopener\">Sale with Retention of Title<\/a><\/li>\n\n\n\n<li><a href=\"https:\/\/efeshukuk.com\/en\/ecrimisil-nedir\/\" target=\"_blank\" rel=\"noreferrer noopener\">What is Ecrimisil?<\/a><\/li>\n\n\n\n<li><a href=\"https:\/\/efeshukuk.com\/en\/tapu-kayitlarinin-duzeltilmesi-davasi\/\" target=\"_blank\" rel=\"noreferrer noopener\">Lawsuit for Correction of Land Registry Records<\/a><\/li>\n\n\n\n<li><a href=\"https:\/\/efeshukuk.com\/en\/on-odemeli-konut-satisi\/\" target=\"_blank\" rel=\"noreferrer noopener\">Prepaid Housing Sales <\/a><\/li>\n<\/ul>\n<\/div>\n<\/div>\n<\/div>\n<\/div>\n<\/div>\n\n\n\n<div data-wp-context=\"{ &quot;autoclose&quot;: false, &quot;accordionItems&quot;: [] }\" data-wp-interactive=\"core\/accordion\" role=\"group\" class=\"wp-block-accordion is-layout-flow wp-block-accordion-is-layout-flow\">\n<div data-wp-class--is-open=\"state.isOpen\" data-wp-context=\"{ &quot;id&quot;: &quot;accordion-item-3&quot;, &quot;openByDefault&quot;: false }\" data-wp-init=\"callbacks.initAccordionItems\" data-wp-on-window--hashchange=\"callbacks.hashChange\" class=\"wp-block-accordion-item is-layout-flow wp-block-accordion-item-is-layout-flow\">\n<h3 class=\"wp-block-accordion-heading has-small-font-size\"><button aria-expanded=\"false\" aria-controls=\"accordion-item-3-panel\" data-wp-bind--aria-expanded=\"state.isOpen\" data-wp-on--click=\"actions.toggle\" data-wp-on--keydown=\"actions.handleKeyDown\" id=\"accordion-item-3\" type=\"button\" class=\"wp-block-accordion-heading__toggle\"><span class=\"wp-block-accordion-heading__toggle-title\">CONDOMINIUM OWNERSHIP &amp; SITE MANAGEMENT<\/span><span class=\"wp-block-accordion-heading__toggle-icon\" aria-hidden=\"true\">+<\/span><\/button><\/h3>\n\n\n\n<div inert aria-labelledby=\"accordion-item-3\" data-wp-bind--inert=\"!state.isOpen\" id=\"accordion-item-3-panel\" role=\"region\" class=\"wp-block-accordion-panel is-layout-flow wp-block-accordion-panel-is-layout-flow\">\n<ul class=\"wp-block-list\">\n<li><a href=\"https:\/\/efeshukuk.com\/en\/apartman-yoneticisi-nasil-secilir\/\" target=\"_blank\" rel=\"noreferrer noopener\">How are apartment building managers selected?<\/a><\/li>\n\n\n\n<li><a href=\"https:\/\/efeshukuk.com\/en\/apartman-yoneticisinin-gorevleri\/\" target=\"_blank\" rel=\"noreferrer noopener\">What are the responsibilities of an apartment building manager?<\/a><\/li>\n\n\n\n<li><a href=\"https:\/\/efeshukuk.com\/en\/apartman-yoneticisinin-ibrasi\/\" target=\"_blank\" rel=\"noreferrer noopener\">Discharge of the Apartment Manager<\/a><\/li>\n\n\n\n<li><a href=\"https:\/\/efeshukuk.com\/en\/site-yonetiminde-hukuki-danismanlik\/\" target=\"_blank\" rel=\"noreferrer noopener\">Legal Consultancy in Site Management<\/a><\/li>\n\n\n\n<li><a href=\"https:\/\/efeshukuk.com\/en\/gurultu-komsu\/\" target=\"_blank\" rel=\"noreferrer noopener\">What can be done about a noisy neighbor?<\/a><\/li>\n<\/ul>\n<\/div>\n<\/div>\n<\/div>\n\n\n\n<div class=\"wp-block-media-text alignwide is-stacked-on-mobile\" style=\"grid-template-columns:30% auto\"><figure class=\"wp-block-media-text__media\"><img loading=\"lazy\" decoding=\"async\" width=\"720\" height=\"720\" src=\"https:\/\/www.efeshukuk.com\/wp-content\/uploads\/2021\/01\/Ephesus-Law-Firm-3.jpg\" alt=\"Logo\" class=\"wp-image-1057 size-full\" srcset=\"\" sizes=\"auto, (max-width: 720px) 100vw, 720px\" data-srcset=\"\" \/><\/figure><div class=\"wp-block-media-text__content\">\n<p class=\"has-black-color has-text-color translation-block\"><strong>Address:<\/strong> Nergis Neighborhood, Girne Boulevard No: 83, Floor 2, Apartment 2, Kar\u015f\u0131yaka, \u0130zmir<\/p>\n\n\n\n<p class=\"has-black-color has-text-color\"><strong>E-mail<\/strong>: <a href=\"mailto:contact@example.com\"><span class=\"has-inline-color has-vivid-cyan-blue-color\">info@efeshukuk.com<\/span><\/a><\/p>\n\n\n\n<p class=\"has-black-color has-text-color\"><strong>Phone<\/strong>: +90 534 415 52 56<\/p>\n\n\n\n<style>\n\/* --- Sosyal ve \u0130leti\u015fim \u0130kon Kapsay\u0131c\u0131 --- *\/\n.efes-social-wrapper {\n    display: flex;\n    gap: 12px;\n    justify-content: flex-start; \/* Sola yaslar, kart i\u00e7inde kullanacaksan\u0131z center yapabilirsiniz *\/\n    padding: 20px 0;\n    background: #ffffff;\n    flex-wrap: wrap; \/* Mobilde ta\u015fma yapmamas\u0131 i\u00e7in *\/\n}\n\n\/* --- \u0130kon Buton Stili --- *\/\n.efes-social-btn {\n    width: 40px;\n    height: 40px;\n    display: flex;\n    align-items: center;\n    justify-content: center;\n    text-decoration: none;\n    border-radius: 6px;\n    transition: all 0.3s ease;\n    border: 1px solid #e0e0e0;\n    background: #ffffff;\n}\n\n\/* --- SVG \u0130kon Renkleri --- *\/\n.efes-social-btn svg {\n    width: 20px;\n    height: 20px;\n    fill: #000000;\n    transition: all 0.3s ease;\n}\n\n\/* --- Hover Efekti --- *\/\n.efes-social-btn:hover {\n    background-color: #000000;\n    border-color: #000000;\n    transform: translateY(-3px);\n}\n\n.efes-social-btn:hover svg {\n    fill: #ffffff;\n}\n\n\/* --- Mobil D\u00fczenleme --- *\/\n@media (max-width: 768px) {\n    .efes-social-btn { width: 38px; height: 38px; }\n}\n<\/style>\n\n<div class=\"efes-social-wrapper\">\n    <a href=\"https:\/\/facebook.com\/efeshukukburosu\" class=\"efes-social-btn\" target=\"_blank\" rel=\"noopener\" aria-label=\"Facebook\">\n        <svg viewbox=\"0 0 24 24\"><path d=\"M18 2h-3a5 5 0 0 0-5 5v3H7v4h3v8h4v-8h3l1-4h-4V7a1 1 0 0 1 1-1h3z\"><\/path><\/svg>\n    <\/a>\n\n    <a href=\"https:\/\/linkedin.com\/company\/efeshukuk\/\" class=\"efes-social-btn\" target=\"_blank\" rel=\"noopener\" aria-label=\"LinkedIn\">\n        <svg viewbox=\"0 0 24 24\"><path d=\"M16 8a6 6 0 0 1 6 6v7h-4v-7a2 2 0 0 0-2-2 2 2 0 0 0-2 2v7h-4v-7a6 6 0 0 1 6-6z\"><\/path><rect x=\"2\" y=\"9\" width=\"4\" height=\"12\"><\/rect><circle cx=\"4\" cy=\"4\" r=\"2\"><\/circle><\/svg>\n    <\/a>\n\n    <a href=\"https:\/\/instagram.com\/efeshukukburosu\" class=\"efes-social-btn\" target=\"_blank\" rel=\"noopener\" aria-label=\"Instagram\">\n        <svg viewbox=\"0 0 24 24\"><path d=\"M12 2.163c3.204 0 3.584.012 4.85.07 3.252.148 4.771 1.691 4.919 4.919.058 1.265.069 1.645.069 4.849 0 3.205-.012 3.584-.069 4.849-.149 3.225-1.664 4.771-4.919 4.919-1.266.058-1.644.07-4.85.07-3.204 0-3.584-.012-4.849-.07-3.26-.149-4.771-1.699-4.919-4.92-.058-1.265-.07-1.644-.07-4.849 0-3.204.013-3.583.07-4.849.149-3.227 1.664-4.771 4.919-4.919 1.266-.057 1.645-.069 4.849-.069zm0-2.163c-3.259 0-3.667.014-4.947.072-4.358.2-6.78 2.618-6.98 6.98-.059 1.281-.073 1.689-.073 4.948 0 3.259.014 3.668.072 4.948.2 4.358 2.618 6.78 6.98 6.98 1.281.058 1.689.072 4.948.072 3.259 0 3.668-.014 4.948-.072 4.354-.2 6.782-2.618 6.979-6.98.059-1.28.073-1.689.073-4.948 0-3.259-.014-3.667-.072-4.947-.196-4.354-2.617-6.78-6.979-6.98-1.281-.059-1.69-.073-4.949-.073zm0 5.838c-3.403 0-6.162 2.759-6.162 6.162s2.759 6.163 6.162 6.163 6.162-2.759 6.162-6.163-2.759-6.162-6.162-6.162zm0 10.162c-2.209 0-4-1.79-4-4 0-2.209 1.791-4 4-4s4 1.791 4 4c0 2.21-1.791 4-4 4zm6.406-11.845c-.796 0-1.441.645-1.441 1.44s.645 1.44 1.441 1.44c.795 0 1.439-.645 1.439-1.44s-.644-1.44-1.439-1.44z\"\/><\/svg>\n    <\/a>\n\n    <a href=\"mailto:info@efeshukuk.com\" class=\"efes-social-btn\" aria-label=\"Send Email\">\n        <svg viewbox=\"0 0 24 24\"><path d=\"M0 3v18h24v-18h-24zm6.623 7.929l-4.623 5.712v-9.458l4.623 3.746zm-4.141-5.929h19.035l-9.517 7.713-9.518-7.713zm5.694 7.188l3.824 3.099l3.83-3.104 5.612 8.138h-18.745l5.479-8.133zm8.171-1.259l4.653-3.771v9.487l-4.653-5.716z\"\/><\/svg>\n    <\/a>\n\n    <a href=\"https:\/\/www.google.com\/maps\/place\/Efes+Hukuk+B%C3%BCrosu+-+Kar%C5%9F%C4%B1yaka+Avukat\/@38.458734,27.107183,17z\/data=!3m1!4b1!4m6!3m5!1s0x14bbd9b483567e9d:0xdad9b9deb6d6c709!8m2!3d38.458734!4d27.107183!16s%2Fg%2F11r9ctjdcx?entry=ttu&#038;g_ep=EgoyMDI2MDMyNC4wIKXMDSoASAFQAw%3D%3D\" class=\"efes-social-btn\" target=\"_blank\" rel=\"noopener\" aria-label=\"View on Map\">\n        <svg viewbox=\"0 0 24 24\"><path d=\"M12 2C8.13 2 5 5.13 5 9c0 5.25 7 13 7 13s7-7.75 7-13c0-3.87-3.13-7-7-7zm0 9.5a2.5 2.5 0 0 1 0-5 2.5 2.5 0 0 1 0 5z\"\/><\/svg>\n    <\/a>\n\n    <a href=\"tel:+905344155256\" class=\"efes-social-btn\" aria-label=\"Call by phone\">\n        <svg viewbox=\"0 0 24 24\"><path d=\"M6.62 10.79a15.05 15.05 0 0 0 6.59 6.59l2.2-2.2c.27-.27.67-.36 1.02-.24 1.12.37 2.33.57 3.57.57.55 0 1 .45 1 1V20c0 .55-.45 1-1 1-9.39 0-17-7.61-17-17 0-.55.45-1 1-1h3.5c.55 0 1 .45 1 1 0 1.25.2 2.45.57 3.57.11.35.03.74-.25 1.02l-2.2 2.2z\"\/><\/svg>\n    <\/a>\n<\/div>\n<\/div><\/div>","protected":false},"excerpt":{"rendered":"<p>Eviction of a Ten-Year Tenant \u2013 Izmir Lawyer In fixed-term lease agreements, the landlord&#039;s right to terminate the lease agreement by notice only expires at the end of the ten-year extension period of the lease agreement\u2026<\/p>","protected":false},"author":1,"featured_media":0,"comment_status":"open","ping_status":"closed","sticky":false,"template":"","format":"standard","meta":{"footnotes":""},"categories":[23],"tags":[],"class_list":["post-8725","post","type-post","status-publish","format-standard","hentry","category-kira-hukuku"],"yoast_head":"<!-- This site is optimized with the Yoast SEO Premium plugin v27.0 (Yoast SEO v27.5) - https:\/\/yoast.com\/product\/yoast-seo-premium-wordpress\/ -->\n<title>On Y\u0131ll\u0131k Kirac\u0131n\u0131n Tahliyesi - Efes Hukuk B\u00fcrosu<\/title>\n<meta name=\"description\" content=\"On y\u0131ll\u0131k s\u00fcre sonunda kiraya veren, en az \u00fc\u00e7 ay \u00f6nce bildirimde bulunmak ko\u015fuluyla, bir sebep g\u00f6stermeksizin s\u00f6zle\u015fmeye son verebilir.\" \/>\n<meta name=\"robots\" content=\"index, follow, max-snippet:-1, max-image-preview:large, max-video-preview:-1\" \/>\n<link rel=\"canonical\" href=\"https:\/\/efeshukuk.com\/en\/on-yillik-kiracinin-tahliyesi\/\" \/>\n<meta property=\"og:locale\" content=\"en_US\" \/>\n<meta property=\"og:type\" content=\"article\" \/>\n<meta property=\"og:title\" content=\"On Y\u0131ll\u0131k Kirac\u0131n\u0131n Tahliyesi\" \/>\n<meta property=\"og:description\" content=\"On Y\u0131ll\u0131k Kirac\u0131n\u0131n Tahliyesi On Y\u0131ll\u0131k Kirac\u0131n\u0131n Tahliyesi - \u0130zmir Avukat Belirli s\u00fcreli kira s\u00f6zle\u015fmelerinde, kiraya verenin kira s\u00f6zle\u015fmesini bildirim\" \/>\n<meta property=\"og:url\" content=\"https:\/\/efeshukuk.com\/en\/on-yillik-kiracinin-tahliyesi\/\" \/>\n<meta property=\"og:site_name\" content=\"Efes Hukuk B\u00fcrosu\" \/>\n<meta property=\"article:publisher\" content=\"https:\/\/www.facebook.com\/efeshukukburosu\" \/>\n<meta property=\"article:published_time\" content=\"2023-02-04T13:08:11+00:00\" \/>\n<meta property=\"article:modified_time\" content=\"2026-04-29T09:17:47+00:00\" \/>\n<meta property=\"og:image\" content=\"https:\/\/efeshukuk.com\/wp-content\/uploads\/2023\/02\/Markanin-Kullanmama-Sebebi-Ile-Iptali-6.png\" \/>\n\t<meta property=\"og:image:width\" content=\"1200\" \/>\n\t<meta property=\"og:image:height\" content=\"630\" \/>\n\t<meta property=\"og:image:type\" content=\"image\/png\" \/>\n<meta name=\"author\" content=\"Av. Mustafa Yolcu\" \/>\n<meta name=\"twitter:card\" content=\"summary_large_image\" \/>\n<meta name=\"twitter:label1\" content=\"Written by\" \/>\n\t<meta name=\"twitter:data1\" content=\"Av. Mustafa Yolcu\" \/>\n\t<meta name=\"twitter:label2\" content=\"Est. reading time\" \/>\n\t<meta name=\"twitter:data2\" content=\"6 minutes\" \/>\n<script type=\"application\/ld+json\" class=\"yoast-schema-graph\">{\"@context\":\"https:\\\/\\\/schema.org\",\"@graph\":[{\"@type\":\"Article\",\"@id\":\"https:\\\/\\\/efeshukuk.com\\\/on-yillik-kiracinin-tahliyesi\\\/#article\",\"isPartOf\":{\"@id\":\"https:\\\/\\\/efeshukuk.com\\\/on-yillik-kiracinin-tahliyesi\\\/\"},\"author\":{\"name\":\"Av. Mustafa Yolcu\",\"@id\":\"https:\\\/\\\/efeshukuk.com\\\/#\\\/schema\\\/person\\\/3669273e38fd03f3f3ca1d7225da67ac\"},\"headline\":\"On Y\u0131ll\u0131k Kirac\u0131n\u0131n Tahliyesi\",\"datePublished\":\"2023-02-04T13:08:11+00:00\",\"dateModified\":\"2026-04-29T09:17:47+00:00\",\"mainEntityOfPage\":{\"@id\":\"https:\\\/\\\/efeshukuk.com\\\/on-yillik-kiracinin-tahliyesi\\\/\"},\"wordCount\":892,\"commentCount\":0,\"publisher\":{\"@id\":\"https:\\\/\\\/efeshukuk.com\\\/#organization\"},\"image\":{\"@id\":\"https:\\\/\\\/efeshukuk.com\\\/on-yillik-kiracinin-tahliyesi\\\/#primaryimage\"},\"thumbnailUrl\":\"https:\\\/\\\/www.efeshukuk.com\\\/wp-content\\\/uploads\\\/2023\\\/02\\\/Markanin-Kullanmama-Sebebi-Ile-Iptali-6-1024x538.png\",\"articleSection\":[\"Kira Hukuku\"],\"inLanguage\":\"en-US\",\"potentialAction\":[{\"@type\":\"CommentAction\",\"name\":\"Comment\",\"target\":[\"https:\\\/\\\/efeshukuk.com\\\/on-yillik-kiracinin-tahliyesi\\\/#respond\"]}]},{\"@type\":\"WebPage\",\"@id\":\"https:\\\/\\\/efeshukuk.com\\\/on-yillik-kiracinin-tahliyesi\\\/\",\"url\":\"https:\\\/\\\/efeshukuk.com\\\/on-yillik-kiracinin-tahliyesi\\\/\",\"name\":\"On Y\u0131ll\u0131k Kirac\u0131n\u0131n Tahliyesi - Efes Hukuk B\u00fcrosu\",\"isPartOf\":{\"@id\":\"https:\\\/\\\/efeshukuk.com\\\/#website\"},\"primaryImageOfPage\":{\"@id\":\"https:\\\/\\\/efeshukuk.com\\\/on-yillik-kiracinin-tahliyesi\\\/#primaryimage\"},\"image\":{\"@id\":\"https:\\\/\\\/efeshukuk.com\\\/on-yillik-kiracinin-tahliyesi\\\/#primaryimage\"},\"thumbnailUrl\":\"https:\\\/\\\/www.efeshukuk.com\\\/wp-content\\\/uploads\\\/2023\\\/02\\\/Markanin-Kullanmama-Sebebi-Ile-Iptali-6-1024x538.png\",\"datePublished\":\"2023-02-04T13:08:11+00:00\",\"dateModified\":\"2026-04-29T09:17:47+00:00\",\"description\":\"On y\u0131ll\u0131k s\u00fcre sonunda kiraya veren, en az \u00fc\u00e7 ay \u00f6nce bildirimde bulunmak ko\u015fuluyla, bir sebep g\u00f6stermeksizin s\u00f6zle\u015fmeye son verebilir.\",\"breadcrumb\":{\"@id\":\"https:\\\/\\\/efeshukuk.com\\\/on-yillik-kiracinin-tahliyesi\\\/#breadcrumb\"},\"inLanguage\":\"en-US\",\"potentialAction\":[{\"@type\":\"ReadAction\",\"target\":[\"https:\\\/\\\/efeshukuk.com\\\/on-yillik-kiracinin-tahliyesi\\\/\"]}]},{\"@type\":\"ImageObject\",\"inLanguage\":\"en-US\",\"@id\":\"https:\\\/\\\/efeshukuk.com\\\/on-yillik-kiracinin-tahliyesi\\\/#primaryimage\",\"url\":\"https:\\\/\\\/www.efeshukuk.com\\\/wp-content\\\/uploads\\\/2023\\\/02\\\/Markanin-Kullanmama-Sebebi-Ile-Iptali-6-1024x538.png\",\"contentUrl\":\"https:\\\/\\\/www.efeshukuk.com\\\/wp-content\\\/uploads\\\/2023\\\/02\\\/Markanin-Kullanmama-Sebebi-Ile-Iptali-6-1024x538.png\"},{\"@type\":\"BreadcrumbList\",\"@id\":\"https:\\\/\\\/efeshukuk.com\\\/on-yillik-kiracinin-tahliyesi\\\/#breadcrumb\",\"itemListElement\":[{\"@type\":\"ListItem\",\"position\":1,\"name\":\"Ana sayfa\",\"item\":\"https:\\\/\\\/efeshukuk.com\\\/\"},{\"@type\":\"ListItem\",\"position\":2,\"name\":\"On Y\u0131ll\u0131k Kirac\u0131n\u0131n Tahliyesi\"}]},{\"@type\":\"WebSite\",\"@id\":\"https:\\\/\\\/efeshukuk.com\\\/#website\",\"url\":\"https:\\\/\\\/efeshukuk.com\\\/\",\"name\":\"Efes Hukuk B\u00fcrosu\",\"description\":\"\u0130zmir&#039;deki Avukat\u0131n\u0131z\",\"publisher\":{\"@id\":\"https:\\\/\\\/efeshukuk.com\\\/#organization\"},\"potentialAction\":[{\"@type\":\"SearchAction\",\"target\":{\"@type\":\"EntryPoint\",\"urlTemplate\":\"https:\\\/\\\/efeshukuk.com\\\/?s={search_term_string}\"},\"query-input\":{\"@type\":\"PropertyValueSpecification\",\"valueRequired\":true,\"valueName\":\"search_term_string\"}}],\"inLanguage\":\"en-US\"},{\"@type\":[\"Organization\",\"Place\",\"LegalService\"],\"@id\":\"https:\\\/\\\/efeshukuk.com\\\/#organization\",\"name\":\"Efes Hukuk B\u00fcrosu\",\"url\":\"https:\\\/\\\/efeshukuk.com\\\/\",\"logo\":{\"@id\":\"https:\\\/\\\/efeshukuk.com\\\/on-yillik-kiracinin-tahliyesi\\\/#local-main-organization-logo\"},\"image\":{\"@id\":\"https:\\\/\\\/efeshukuk.com\\\/on-yillik-kiracinin-tahliyesi\\\/#local-main-organization-logo\"},\"sameAs\":[\"https:\\\/\\\/www.facebook.com\\\/efeshukukburosu\",\"https:\\\/\\\/www.instagram.com\\\/efeshukukburosu\\\/\",\"https:\\\/\\\/www.linkedin.com\\\/company\\\/efes-law\\\/\"],\"description\":\"Efes Hukuk B\u00fcrosu, farkl\u0131 hukuk alanlar\u0131nda uzmanla\u015fm\u0131\u015f avukat kadrosuyla bireysel ve kurumsal m\u00fcvekkillerine etkili ve \u00e7\u00f6z\u00fcm odakl\u0131 hukuki dan\u0131\u015fmanl\u0131k hizmeti sunmaktad\u0131r. Ticaret hukuku, t\u00fcketici hukuku, aile hukuku, icra ve iflas hukuku gibi bir\u00e7ok alanda derin bilgiye sahip avukatlar\u0131m\u0131zla; m\u00fcvekkillerimizin haklar\u0131n\u0131 en iyi \u015fekilde korumay\u0131 ama\u00e7l\u0131yoruz. D\u00fcnyadaki hukuki de\u011fi\u015fimleri yak\u0131ndan takip ediyor, her yeni sorunu titizlikle analiz ediyoruz. M\u00fcvekkillerimizle g\u00fcvene dayal\u0131, \u015feffaf ve yak\u0131n bir ileti\u015fim kurarak, do\u011fru kararlar almalar\u0131na destek oluyoruz. Akademik d\u00fczeyde \u00e7al\u0131\u015fan \u00e7\u00f6z\u00fcm ortaklar\u0131m\u0131z ve alan\u0131nda uzman avukatlar\u0131m\u0131zla; hukuka, meslek eti\u011fine ve Atat\u00fcrk ilke ve ink\u0131laplar\u0131na ba\u011fl\u0131 bir \u015fekilde \u00e7al\u0131\u015fmay\u0131 ilke ediniyoruz.\",\"legalName\":\"Efes Hukuk B\u00fcrosu\",\"numberOfEmployees\":{\"@type\":\"QuantitativeValue\",\"minValue\":\"1\",\"maxValue\":\"10\"},\"address\":{\"@id\":\"https:\\\/\\\/efeshukuk.com\\\/on-yillik-kiracinin-tahliyesi\\\/#local-main-place-address\"},\"geo\":{\"@type\":\"GeoCoordinates\",\"latitude\":\"38.467687\",\"longitude\":\"27.109998\"},\"telephone\":[\"+905344155256\"],\"contactPoint\":{\"@type\":\"ContactPoint\",\"telephone\":\"+905344155256\",\"email\":\"info@efeshukuk.com\"},\"openingHoursSpecification\":[{\"@type\":\"OpeningHoursSpecification\",\"dayOfWeek\":[\"Monday\",\"Tuesday\",\"Wednesday\",\"Thursday\",\"Friday\"],\"opens\":\"09:00\",\"closes\":\"18:00\"},{\"@type\":\"OpeningHoursSpecification\",\"dayOfWeek\":[\"Saturday\",\"Sunday\"],\"opens\":\"00:00\",\"closes\":\"00:00\"}],\"email\":\"info@efeshukuk.com\"},{\"@type\":\"Person\",\"@id\":\"https:\\\/\\\/efeshukuk.com\\\/#\\\/schema\\\/person\\\/3669273e38fd03f3f3ca1d7225da67ac\",\"name\":\"Av. Mustafa Yolcu\",\"image\":{\"@type\":\"ImageObject\",\"inLanguage\":\"en-US\",\"@id\":\"https:\\\/\\\/secure.gravatar.com\\\/avatar\\\/0870d5084e90c1476b180296601f5d8b1406305a23f86e567dfdfe264922c60d?s=96&d=retro&r=g\",\"url\":\"https:\\\/\\\/secure.gravatar.com\\\/avatar\\\/0870d5084e90c1476b180296601f5d8b1406305a23f86e567dfdfe264922c60d?s=96&d=retro&r=g\",\"contentUrl\":\"https:\\\/\\\/secure.gravatar.com\\\/avatar\\\/0870d5084e90c1476b180296601f5d8b1406305a23f86e567dfdfe264922c60d?s=96&d=retro&r=g\",\"caption\":\"Av. Mustafa Yolcu\"},\"sameAs\":[\"http:\\\/\\\/www.efeshukuk.com\"],\"url\":\"https:\\\/\\\/efeshukuk.com\\\/en\\\/author\\\/yztyi2\\\/\"},{\"@type\":\"PostalAddress\",\"@id\":\"https:\\\/\\\/efeshukuk.com\\\/on-yillik-kiracinin-tahliyesi\\\/#local-main-place-address\",\"streetAddress\":\"Nergiz Mahallesi Girne Blv No:83, Kat 2 D 2, 35600 Kar\u015f\u0131yaka\",\"addressLocality\":\"\u0130zmir\",\"postalCode\":\"35600\",\"addressCountry\":\"TR\"},{\"@type\":\"ImageObject\",\"inLanguage\":\"en-US\",\"@id\":\"https:\\\/\\\/efeshukuk.com\\\/on-yillik-kiracinin-tahliyesi\\\/#local-main-organization-logo\",\"url\":\"https:\\\/\\\/efeshukuk.com\\\/wp-content\\\/uploads\\\/2020\\\/11\\\/5.png\",\"contentUrl\":\"https:\\\/\\\/efeshukuk.com\\\/wp-content\\\/uploads\\\/2020\\\/11\\\/5.png\",\"width\":500,\"height\":500,\"caption\":\"Efes Hukuk B\u00fcrosu\"}]}<\/script>\n<meta name=\"geo.placename\" content=\"\u0130zmir\" \/>\n<meta name=\"geo.position\" content=\"38.467687;27.109998\" \/>\n<meta name=\"geo.region\" content=\"Turkey\" \/>\n<!-- \/ Yoast SEO Premium plugin. -->","yoast_head_json":{"title":"On Y\u0131ll\u0131k Kirac\u0131n\u0131n Tahliyesi - Efes Hukuk B\u00fcrosu","description":"On y\u0131ll\u0131k s\u00fcre sonunda kiraya veren, en az \u00fc\u00e7 ay \u00f6nce bildirimde bulunmak ko\u015fuluyla, bir sebep g\u00f6stermeksizin s\u00f6zle\u015fmeye son verebilir.","robots":{"index":"index","follow":"follow","max-snippet":"max-snippet:-1","max-image-preview":"max-image-preview:large","max-video-preview":"max-video-preview:-1"},"canonical":"https:\/\/efeshukuk.com\/en\/on-yillik-kiracinin-tahliyesi\/","og_locale":"en_US","og_type":"article","og_title":"On Y\u0131ll\u0131k Kirac\u0131n\u0131n Tahliyesi","og_description":"On Y\u0131ll\u0131k Kirac\u0131n\u0131n Tahliyesi On Y\u0131ll\u0131k Kirac\u0131n\u0131n Tahliyesi - \u0130zmir Avukat Belirli s\u00fcreli kira s\u00f6zle\u015fmelerinde, kiraya verenin kira s\u00f6zle\u015fmesini bildirim","og_url":"https:\/\/efeshukuk.com\/en\/on-yillik-kiracinin-tahliyesi\/","og_site_name":"Efes Hukuk B\u00fcrosu","article_publisher":"https:\/\/www.facebook.com\/efeshukukburosu","article_published_time":"2023-02-04T13:08:11+00:00","article_modified_time":"2026-04-29T09:17:47+00:00","og_image":[{"width":1200,"height":630,"url":"https:\/\/efeshukuk.com\/wp-content\/uploads\/2023\/02\/Markanin-Kullanmama-Sebebi-Ile-Iptali-6.png","type":"image\/png"}],"author":"Av. Mustafa Yolcu","twitter_card":"summary_large_image","twitter_misc":{"Written by":"Av. Mustafa Yolcu","Est. reading time":"6 minutes"},"schema":{"@context":"https:\/\/schema.org","@graph":[{"@type":"Article","@id":"https:\/\/efeshukuk.com\/on-yillik-kiracinin-tahliyesi\/#article","isPartOf":{"@id":"https:\/\/efeshukuk.com\/on-yillik-kiracinin-tahliyesi\/"},"author":{"name":"Av. Mustafa Yolcu","@id":"https:\/\/efeshukuk.com\/#\/schema\/person\/3669273e38fd03f3f3ca1d7225da67ac"},"headline":"On Y\u0131ll\u0131k Kirac\u0131n\u0131n Tahliyesi","datePublished":"2023-02-04T13:08:11+00:00","dateModified":"2026-04-29T09:17:47+00:00","mainEntityOfPage":{"@id":"https:\/\/efeshukuk.com\/on-yillik-kiracinin-tahliyesi\/"},"wordCount":892,"commentCount":0,"publisher":{"@id":"https:\/\/efeshukuk.com\/#organization"},"image":{"@id":"https:\/\/efeshukuk.com\/on-yillik-kiracinin-tahliyesi\/#primaryimage"},"thumbnailUrl":"https:\/\/www.efeshukuk.com\/wp-content\/uploads\/2023\/02\/Markanin-Kullanmama-Sebebi-Ile-Iptali-6-1024x538.png","articleSection":["Kira Hukuku"],"inLanguage":"en-US","potentialAction":[{"@type":"CommentAction","name":"Comment","target":["https:\/\/efeshukuk.com\/on-yillik-kiracinin-tahliyesi\/#respond"]}]},{"@type":"WebPage","@id":"https:\/\/efeshukuk.com\/on-yillik-kiracinin-tahliyesi\/","url":"https:\/\/efeshukuk.com\/on-yillik-kiracinin-tahliyesi\/","name":"On Y\u0131ll\u0131k Kirac\u0131n\u0131n Tahliyesi - Efes Hukuk B\u00fcrosu","isPartOf":{"@id":"https:\/\/efeshukuk.com\/#website"},"primaryImageOfPage":{"@id":"https:\/\/efeshukuk.com\/on-yillik-kiracinin-tahliyesi\/#primaryimage"},"image":{"@id":"https:\/\/efeshukuk.com\/on-yillik-kiracinin-tahliyesi\/#primaryimage"},"thumbnailUrl":"https:\/\/www.efeshukuk.com\/wp-content\/uploads\/2023\/02\/Markanin-Kullanmama-Sebebi-Ile-Iptali-6-1024x538.png","datePublished":"2023-02-04T13:08:11+00:00","dateModified":"2026-04-29T09:17:47+00:00","description":"On y\u0131ll\u0131k s\u00fcre sonunda kiraya veren, en az \u00fc\u00e7 ay \u00f6nce bildirimde bulunmak ko\u015fuluyla, bir sebep g\u00f6stermeksizin s\u00f6zle\u015fmeye son verebilir.","breadcrumb":{"@id":"https:\/\/efeshukuk.com\/on-yillik-kiracinin-tahliyesi\/#breadcrumb"},"inLanguage":"en-US","potentialAction":[{"@type":"ReadAction","target":["https:\/\/efeshukuk.com\/on-yillik-kiracinin-tahliyesi\/"]}]},{"@type":"ImageObject","inLanguage":"en-US","@id":"https:\/\/efeshukuk.com\/on-yillik-kiracinin-tahliyesi\/#primaryimage","url":"https:\/\/www.efeshukuk.com\/wp-content\/uploads\/2023\/02\/Markanin-Kullanmama-Sebebi-Ile-Iptali-6-1024x538.png","contentUrl":"https:\/\/www.efeshukuk.com\/wp-content\/uploads\/2023\/02\/Markanin-Kullanmama-Sebebi-Ile-Iptali-6-1024x538.png"},{"@type":"BreadcrumbList","@id":"https:\/\/efeshukuk.com\/on-yillik-kiracinin-tahliyesi\/#breadcrumb","itemListElement":[{"@type":"ListItem","position":1,"name":"Ana sayfa","item":"https:\/\/efeshukuk.com\/"},{"@type":"ListItem","position":2,"name":"On Y\u0131ll\u0131k Kirac\u0131n\u0131n Tahliyesi"}]},{"@type":"WebSite","@id":"https:\/\/efeshukuk.com\/#website","url":"https:\/\/efeshukuk.com\/","name":"Ephesus Law Firm","description":"Your Lawyer in Izmir","publisher":{"@id":"https:\/\/efeshukuk.com\/#organization"},"potentialAction":[{"@type":"SearchAction","target":{"@type":"EntryPoint","urlTemplate":"https:\/\/efeshukuk.com\/?s={search_term_string}"},"query-input":{"@type":"PropertyValueSpecification","valueRequired":true,"valueName":"search_term_string"}}],"inLanguage":"en-US"},{"@type":["Organization","Place","LegalService"],"@id":"https:\/\/efeshukuk.com\/#organization","name":"Ephesus Law Firm","url":"https:\/\/efeshukuk.com\/","logo":{"@id":"https:\/\/efeshukuk.com\/on-yillik-kiracinin-tahliyesi\/#local-main-organization-logo"},"image":{"@id":"https:\/\/efeshukuk.com\/on-yillik-kiracinin-tahliyesi\/#local-main-organization-logo"},"sameAs":["https:\/\/www.facebook.com\/efeshukukburosu","https:\/\/www.instagram.com\/efeshukukburosu\/","https:\/\/www.linkedin.com\/company\/efes-law\/"],"description":"Efes Law Firm provides effective and solution-oriented legal consultancy services to individual and corporate clients with its team of lawyers specializing in various legal fields. With lawyers possessing in-depth knowledge in numerous areas such as commercial law, consumer law, family law, and enforcement and bankruptcy law, we aim to best protect our clients&#039; rights. We closely follow legal developments worldwide and meticulously analyze every new issue. We support our clients in making informed decisions by establishing trust-based, transparent, and close communication with them. With our academically qualified partners and expert lawyers, we are committed to working in accordance with the law, professional ethics, and the principles and reforms of Atat\u00fcrk.","legalName":"Efes Hukuk B\u00fcrosu","numberOfEmployees":{"@type":"QuantitativeValue","minValue":"1","maxValue":"10"},"address":{"@id":"https:\/\/efeshukuk.com\/on-yillik-kiracinin-tahliyesi\/#local-main-place-address"},"geo":{"@type":"GeoCoordinates","latitude":"38.467687","longitude":"27.109998"},"telephone":["+905344155256"],"contactPoint":{"@type":"ContactPoint","telephone":"+905344155256","email":"info@efeshukuk.com"},"openingHoursSpecification":[{"@type":"OpeningHoursSpecification","dayOfWeek":["Monday","Tuesday","Wednesday","Thursday","Friday"],"opens":"09:00","closes":"18:00"},{"@type":"OpeningHoursSpecification","dayOfWeek":["Saturday","Sunday"],"opens":"00:00","closes":"00:00"}],"email":"info@efeshukuk.com"},{"@type":"Person","@id":"https:\/\/efeshukuk.com\/#\/schema\/person\/3669273e38fd03f3f3ca1d7225da67ac","name":"Mustafa Yolcu","image":{"@type":"ImageObject","inLanguage":"en-US","@id":"https:\/\/secure.gravatar.com\/avatar\/0870d5084e90c1476b180296601f5d8b1406305a23f86e567dfdfe264922c60d?s=96&d=retro&r=g","url":"https:\/\/secure.gravatar.com\/avatar\/0870d5084e90c1476b180296601f5d8b1406305a23f86e567dfdfe264922c60d?s=96&d=retro&r=g","contentUrl":"https:\/\/secure.gravatar.com\/avatar\/0870d5084e90c1476b180296601f5d8b1406305a23f86e567dfdfe264922c60d?s=96&d=retro&r=g","caption":"Av. Mustafa Yolcu"},"sameAs":["http:\/\/www.efeshukuk.com"],"url":"https:\/\/efeshukuk.com\/en\/author\/yztyi2\/"},{"@type":"PostalAddress","@id":"https:\/\/efeshukuk.com\/on-yillik-kiracinin-tahliyesi\/#local-main-place-address","streetAddress":"Nergiz Mahallesi Girne Blv No:83, Kat 2 D 2, 35600 Kar\u015f\u0131yaka","addressLocality":"\u0130zmir","postalCode":"35600","addressCountry":"TR"},{"@type":"ImageObject","inLanguage":"en-US","@id":"https:\/\/efeshukuk.com\/on-yillik-kiracinin-tahliyesi\/#local-main-organization-logo","url":"https:\/\/efeshukuk.com\/wp-content\/uploads\/2020\/11\/5.png","contentUrl":"https:\/\/efeshukuk.com\/wp-content\/uploads\/2020\/11\/5.png","width":500,"height":500,"caption":"Efes Hukuk B\u00fcrosu"}]},"geo.placename":"\u0130zmir","geo.position":{"lat":"38.467687","long":"27.109998"},"geo.region":"Turkey"},"amp_enabled":true,"_links":{"self":[{"href":"https:\/\/efeshukuk.com\/en\/wp-json\/wp\/v2\/posts\/8725","targetHints":{"allow":["GET"]}}],"collection":[{"href":"https:\/\/efeshukuk.com\/en\/wp-json\/wp\/v2\/posts"}],"about":[{"href":"https:\/\/efeshukuk.com\/en\/wp-json\/wp\/v2\/types\/post"}],"author":[{"embeddable":true,"href":"https:\/\/efeshukuk.com\/en\/wp-json\/wp\/v2\/users\/1"}],"replies":[{"embeddable":true,"href":"https:\/\/efeshukuk.com\/en\/wp-json\/wp\/v2\/comments?post=8725"}],"version-history":[{"count":2,"href":"https:\/\/efeshukuk.com\/en\/wp-json\/wp\/v2\/posts\/8725\/revisions"}],"predecessor-version":[{"id":9944,"href":"https:\/\/efeshukuk.com\/en\/wp-json\/wp\/v2\/posts\/8725\/revisions\/9944"}],"wp:attachment":[{"href":"https:\/\/efeshukuk.com\/en\/wp-json\/wp\/v2\/media?parent=8725"}],"wp:term":[{"taxonomy":"category","embeddable":true,"href":"https:\/\/efeshukuk.com\/en\/wp-json\/wp\/v2\/categories?post=8725"},{"taxonomy":"post_tag","embeddable":true,"href":"https:\/\/efeshukuk.com\/en\/wp-json\/wp\/v2\/tags?post=8725"}],"curies":[{"name":"wp","href":"https:\/\/api.w.org\/{rel}","templated":true}]}}