{"id":547,"date":"2020-11-08T23:06:50","date_gmt":"2020-11-08T20:06:50","guid":{"rendered":"http:\/\/www.efeshukuk.com\/?p=547"},"modified":"2026-04-28T11:33:58","modified_gmt":"2026-04-28T08:33:58","slug":"tasinmaz-sahipleri-ve-kiracilari-ilgilendiren-kira-artis-miktari-nasil-belirlenir","status":"publish","type":"post","link":"https:\/\/efeshukuk.com\/en\/tasinmaz-sahipleri-ve-kiracilari-ilgilendiren-kira-artis-miktari-nasil-belirlenir\/","title":{"rendered":"How is the amount of rent increase determined, affecting property owners and tenants?"},"content":{"rendered":"<div class=\"wp-block-image is-style-rounded\">\n<figure class=\"aligncenter size-large is-resized\"><img loading=\"lazy\" decoding=\"async\" width=\"1024\" height=\"623\" src=\"https:\/\/www.efeshukuk.com\/wp-content\/uploads\/2020\/12\/AdobeStock_242471109-scaled-1-1024x623.jpeg\" alt=\"Kira Art\u0131\u015f Miktar\u0131\" class=\"wp-image-1804\" style=\"width:512px;height:312px\" srcset=\"https:\/\/efeshukuk.com\/wp-content\/uploads\/2020\/12\/AdobeStock_242471109-scaled-1-1024x623.jpeg 1024w, https:\/\/efeshukuk.com\/wp-content\/uploads\/2020\/12\/AdobeStock_242471109-scaled-1-300x183.jpeg 300w, https:\/\/efeshukuk.com\/wp-content\/uploads\/2020\/12\/AdobeStock_242471109-scaled-1-768x467.jpeg 768w, https:\/\/efeshukuk.com\/wp-content\/uploads\/2020\/12\/AdobeStock_242471109-scaled-1-1536x935.jpeg 1536w, https:\/\/efeshukuk.com\/wp-content\/uploads\/2020\/12\/AdobeStock_242471109-scaled-1-2048x1246.jpeg 2048w, https:\/\/efeshukuk.com\/wp-content\/uploads\/2020\/12\/AdobeStock_242471109-scaled-1-16x10.jpeg 16w\" sizes=\"auto, (max-width: 1024px) 100vw, 1024px\" \/><\/figure>\n<\/div>\n\n\n<p class=\"has-black-color has-text-color\"><strong>Kira Art\u0131\u015f Miktar\u0131 | Kira Hukuku | \u0130zmir Avukat | \u0130zmir Avukatl\u0131k B\u00fcrosu<\/strong><\/p>\n\n\n\n<p class=\"has-black-color has-text-color\">Kira art\u0131\u015f\u0131 i\u00e7in ilk bak\u0131lacak nokta kira s\u00f6zle\u015fmesidir. Kira s\u00f6zle\u015fmesinde kira art\u0131\u015f maddesi varsa \u00f6ncelikle bu maddedeki oran esas al\u0131n\u0131r. Kira s\u00f6zle\u015fmesindeki oran\u0131n ise kanuni s\u0131n\u0131rlamalara uygun olmas\u0131 gerekmektedir. T\u00fcrk Bor\u00e7lar Kanunu madde 345&#8217;e g\u00f6re kira art\u0131\u015f oran\u0131 on iki ayl\u0131k ortalamalara g\u00f6re al\u0131nan T\u00dcFE oran\u0131n\u0131 ge\u00e7memek kayd\u0131yla uygulanabilir. <\/p>\n\n\n\n<p class=\"has-black-color has-text-color\">Kira Art\u0131\u015f Miktar\u0131 Nas\u0131l Belirlenir? Cevap basittir. Kira art\u0131\u015flar\u0131 T\u00dcFE ile s\u0131n\u0131rl\u0131d\u0131r. Bu oran, her ay T\u00fcrkiye istatistik kurumu (<strong>Turkish Statistical Institute (T\u00dc\u0130K)<\/strong>) taraf\u0131ndan a\u00e7\u0131klan\u0131r.<\/p>\n\n\n\n<p class=\"has-text-align-justify has-black-color has-text-color\"><strong><a href=\"https:\/\/www.mevzuat.gov.tr\/mevzuat?MevzuatNo=6098&amp;MevzuatTur=1&amp;MevzuatTertip=5\" target=\"_blank\" rel=\"noreferrer noopener\">Turkish Code of Obligations<\/a><\/strong><\/p>\n\n\n\n<p class=\"has-text-align-justify has-black-color has-text-color\"><strong>Madde 344 &#8211;<\/strong>&nbsp;&#8221;Taraflar\u0131n yenilenen kira d\u00f6nemlerinde uygulanacak kira bedeline ili\u015fkin anla\u015fmalar\u0131, <strong>bir \u00f6nceki kira y\u0131l\u0131nda t\u00fcketici fiyat endeksindeki oniki ayl\u0131k ortalamalara g\u00f6re de\u011fi\u015fim oran\u0131n\u0131 ge\u00e7memek ko\u015fuluyla ge\u00e7erlidir.<\/strong> Bu kural, bir y\u0131ldan daha uzun s\u00fcreli kira s\u00f6zle\u015fmelerinde de uygulan\u0131r. Taraflarca bu konuda bir anla\u015fma yap\u0131lmam\u0131\u015fsa, kira bedeli, bir \u00f6nceki kira y\u0131l\u0131n\u0131n t\u00fcketici fiyat endeksindeki on iki ayl\u0131k ortalamalara g\u00f6re de\u011fi\u015fim oran\u0131n\u0131 ge\u00e7memek ko\u015fuluyla h\u00e2kim taraf\u0131ndan, kiralanan\u0131n durumu g\u00f6z \u00f6n\u00fcne al\u0131narak hakkaniyete g\u00f6re belirlenir.&#8221; \u015eeklindedir.<\/p>\n\n\n\n<p class=\"has-black-color has-text-color\">Buna g\u00f6re;<\/p>\n\n\n\n<ol class=\"wp-block-list\">\n<li> Kira s\u00f6zle\u015fmesinde T\u00dcFE\u2019den daha d\u00fc\u015f\u00fck oranda bir art\u0131\u015f yap\u0131lmas\u0131 \u00f6ng\u00f6r\u00fclm\u00fc\u015fse kira art\u0131\u015f miktar\u0131 s\u00f6zle\u015fmede belirtilen oran \u00fczerinden yap\u0131l\u0131r.<\/li>\n\n\n\n<li> Kira s\u00f6zle\u015fmesinde belirlenen ya da kiraya verilen taraf\u0131ndan ileri s\u00fcr\u00fclen oran T\u00dcFE\u2019den y\u00fcksekse, T\u00dcFE art\u0131\u015f\u0131 yeterli olup \u00fczerinde bir art\u0131\u015f yap\u0131lmaz.<\/li>\n\n\n\n<li> Kira art\u0131\u015flar\u0131ndaki T\u00dcFE s\u0131n\u0131r\u0131 hem i\u015fyeri, hem de konut kiralar\u0131nda uygulan\u0131r.<\/li>\n<\/ol>\n\n\n\n<p class=\"has-black-color has-text-color\">\u0130zah edilen t\u00fcm bu hususlar\u0131n s\u00f6zle\u015fme esnas\u0131nda sizin lehinize olacak \u015fekilde d\u00fczenlenmesi i\u00e7in bir avukat\u0131n haz\u0131rlayaca\u011f\u0131 kira s\u00f6zle\u015fmeleri bu sebeple ileride size kar\u015f\u0131 uzun y\u0131llar avantaj sa\u011flayacakt\u0131r.<\/p>\n\n\n\n<h5 class=\"wp-block-heading\" id=\"h-mal-sahibi-kiraya-veren-bu-oranin-uzerinde-artis-talep-edemez-karsilastirma-yapilmasi-icin-2026-yilina-ait-olan-birkac-aydaki-kira-artis-sinirlarini-asagida-bulabilirsiniz\"><em>Mal sahibi \/ kiraya veren bu oran\u0131n \u00fczerinde art\u0131\u015f talep edemez. Kar\u015f\u0131la\u015ft\u0131rma yap\u0131lmas\u0131 i\u00e7in, 2026 y\u0131l\u0131na ait olan birka\u00e7 aydaki kira art\u0131\u015f s\u0131n\u0131rlar\u0131n\u0131 a\u015fa\u011f\u0131da bulabilirsiniz:<\/em><\/h5>\n\n\n\n<p class=\"has-black-color has-text-color\">\u2022<strong>2026 Kira Art\u0131\u015f Oranlar\u0131 (T\u00dcFE 12 Ayl\u0131k Ortalama):<\/strong><\/p>\n\n\n\n<p><strong>Ocak 2026:<\/strong>\u00a0%34,88<\/p>\n\n\n\n<p><strong>Mart 2026:<\/strong>\u00a0%33,39<\/p>\n\n\n\n<p><strong>Nisan 2026:<\/strong>\u00a0%32,82\u00a0<\/p>\n\n\n\n<h3 class=\"wp-block-heading\" id=\"h-kira-sozlesmesinde-artis-maddesi-yoksa-artis-yapilabilir-mi\">Kira s\u00f6zle\u015fmesinde art\u0131\u015f maddesi yoksa art\u0131\u015f yap\u0131labilir mi?<\/h3>\n\n\n\n<p id=\"viewer-ujljq240\">Kira s\u00f6zle\u015fmesinde art\u0131\u015f maddesi yoksa veya belirli ve muayyen de\u011filse bu durumda kira bedelinde art\u0131\u015f yap\u0131lamaz.<\/p>\n\n\n\n<p id=\"viewer-9cc01244\">Yarg\u0131tay 3. Hukuk Dairesi, E. 2018\/1628 K. 2018\/2674 T. 19.03.2018:&#8221;Somut olayda;taraflar aras\u0131nda d\u00fczenlenen 30.07.2008 tarihli kira s\u00f6zle\u015fmesi incelendi\u011finde, s\u00f6zle\u015fmenin 6. maddesinde &#8221;kirac\u0131 kontrat bitiminde kira rayi\u00e7 bedelini % &#8230;. oran\u0131nda art\u0131\u015f\u0131n\u0131 \u015fimdiden kabul ve taahh\u00fct eder.&#8221; d\u00fczenlemesinin yer ald\u0131\u011f\u0131 anla\u015f\u0131lmaktad\u0131r.S\u00f6z konusu h\u00fck\u00fcmde art\u0131\u015f oran\u0131 belirtilmedi\u011fine g\u00f6re,bu art\u0131\u015f \u015fart\u0131 belirli ve muayyen olmad\u0131\u011f\u0131ndan ge\u00e7erli de\u011fildir.Dosya kapsam\u0131nda yer alan &#8230; 18. \u0130cra M\u00fcd\u00fcrl\u00fc\u011f\u00fc&#8217;n\u00fcn 2011\/1648 Esas say\u0131l\u0131 takip dosyas\u0131 incelendi\u011finde ise, ayl\u0131k 440 TL kira bedeli \u00fczerinden icra takibi yap\u0131lm\u0131\u015f olmakla,kira s\u00f6zle\u015fmesinde ayl\u0131k &#8221;400 TL&#8217; olarak belirlenen bedelin ayl\u0131k &#8221;440TL&#8221; \u015feklinde art\u0131\u015fl\u0131 olarak talep edilebilmesi m\u00fcmk\u00fcn olmad\u0131\u011f\u0131ndan mahkemece bu y\u00f6n g\u00f6zetilmeden h\u00fck\u00fcm tesisi usul ve yasaya ayk\u0131r\u0131 olup bozmay\u0131 gerektirmi\u015ftir&#8221;<\/p>\n\n\n\n<h3 class=\"wp-block-heading\" id=\"viewer-ejhkv264\">Kira s\u00f6zle\u015fmesinde art\u0131\u015f maddesi yoksa art\u0131\u015f nas\u0131l yap\u0131l\u0131r?<\/h3>\n\n\n\n<p id=\"viewer-hed9w266\">Bu durumda TBK m. 344\/2&#8217;ye g\u00f6re hakimden on iki ayl\u0131k ortalama T\u00dcFE oran\u0131na g\u00f6re art\u0131\u015f yapmas\u0131 istenebilir. Ayr\u0131ca kirac\u0131n\u0131n kabul etti\u011fi oranda zam yap\u0131labilir.<\/p>\n\n\n\n<h3 class=\"wp-block-heading\" id=\"viewer-iijj4311\">Kira art\u0131\u015f\u0131 ne zaman yap\u0131lmal\u0131?<\/h3>\n\n\n\n<p id=\"h-\">Kira art\u0131\u015f\u0131 yenilenen kira d\u00f6neminin ba\u015f\u0131nda yap\u0131lmal\u0131d\u0131r. \u00d6rne\u011fin, Eyl\u00fcl 2026 ay\u0131nda ba\u015flayan 1 sene s\u00fcreli bir kira s\u00f6zle\u015fmesinin Eyl\u00fcl 2027 ay\u0131nda zaml\u0131 olarak yat\u0131r\u0131lmas\u0131 gerekmektedir.<\/p>\n\n\n\n<p class=\"has-black-color has-text-color\">Kira ili\u015fkisi kapsam\u0131nda do\u011fan uyu\u015fmazl\u0131klara y\u00f6nelik bizimle <a href=\"https:\/\/efeshukuk.com\/en\/iletisim\/\"><span class=\"has-inline-color has-vivid-cyan-blue-color\">\u0130leti\u015fime <\/span><\/a>page.<\/p>\n\n\n\n<p><mark style=\"background-color:rgba(0, 0, 0, 0)\" class=\"has-inline-color has-black-color\">Here are some other articles that might interest you:<\/mark><\/p>\n\n\n\n<div data-wp-context=\"{ &quot;autoclose&quot;: false, &quot;accordionItems&quot;: [] }\" data-wp-interactive=\"core\/accordion\" role=\"group\" class=\"wp-block-accordion is-layout-flow wp-block-accordion-is-layout-flow\">\n<div data-wp-class--is-open=\"state.isOpen\" data-wp-context=\"{ &quot;id&quot;: &quot;accordion-item-1&quot;, &quot;openByDefault&quot;: false }\" data-wp-init=\"callbacks.initAccordionItems\" data-wp-on-window--hashchange=\"callbacks.hashChange\" class=\"wp-block-accordion-item is-layout-flow wp-block-accordion-item-is-layout-flow\">\n<h3 class=\"wp-block-accordion-heading has-small-font-size\"><button aria-expanded=\"false\" aria-controls=\"accordion-item-1-panel\" data-wp-bind--aria-expanded=\"state.isOpen\" data-wp-on--click=\"actions.toggle\" data-wp-on--keydown=\"actions.handleKeyDown\" id=\"accordion-item-1\" type=\"button\" class=\"wp-block-accordion-heading__toggle\"><span class=\"wp-block-accordion-heading__toggle-title\">RENTAL LAW<\/span><span class=\"wp-block-accordion-heading__toggle-icon\" aria-hidden=\"true\">+<\/span><\/button><\/h3>\n\n\n\n<div inert aria-labelledby=\"accordion-item-1\" data-wp-bind--inert=\"!state.isOpen\" id=\"accordion-item-1-panel\" role=\"region\" class=\"wp-block-accordion-panel is-layout-flow wp-block-accordion-panel-is-layout-flow\">\n<ul class=\"wp-block-list\">\n<li><a href=\"https:\/\/efeshukuk.com\/en\/kira-iliskisinde-iki-hakli-ihtar\/\">Two Valid Notices in a Rental Agreement<\/a><\/li>\n\n\n\n<li><a href=\"https:\/\/efeshukuk.com\/en\/kiraci-evden-cikarken-evi-boyatmak-zorunda-mi\/\">Does the Tenant Have to Paint and Whitewash the House When Leaving?<\/a><\/li>\n\n\n\n<li><a href=\"https:\/\/efeshukuk.com\/en\/ogrenciler-ortak-ev-kiralarken-veya-evinize-bir-ev-arkadasi-alirken-nelere-dikkat-etmelisiniz\/\">What should students consider when renting a shared apartment or taking in a roommate?<\/a><\/li>\n\n\n\n<li><a href=\"https:\/\/efeshukuk.com\/en\/kira-sozlesmesinde-dikkat-edilmesi-gereken-hususlar\/\">Important Considerations in a Lease Agreement<\/a><\/li>\n\n\n\n<li><a href=\"https:\/\/efeshukuk.com\/en\/satin-alinan-evden-kiracinin-cikartilmasi\/\" target=\"_blank\" rel=\"noreferrer noopener\">Eviction of a Tenant from a Purchased Property<\/a><\/li>\n\n\n\n<li><a href=\"https:\/\/efeshukuk.com\/en\/kiraci-evi-gostermek-zorunda-mi\/\" target=\"_blank\" rel=\"noreferrer noopener\">Is the tenant required to show the property?<\/a><\/li>\n\n\n\n<li><a href=\"https:\/\/efeshukuk.com\/en\/on-yillik-kiracinin-tahliyesi\/\" target=\"_blank\" rel=\"noreferrer noopener\">Eviction of a Ten-Year Tenant<\/a><\/li>\n\n\n\n<li><a href=\"https:\/\/efeshukuk.com\/en\/kiraya-verenin-hapis-hakki\/\" target=\"_blank\" rel=\"noreferrer noopener\">Landlord&#039;s Right of Retention<\/a><\/li>\n\n\n\n<li><a href=\"https:\/\/efeshukuk.com\/en\/kiralanan-tasinmazda-tadilat\/\" target=\"_blank\" rel=\"noreferrer noopener\">Renovation in a Rented Property<\/a><\/li>\n\n\n\n<li><a href=\"https:\/\/efeshukuk.com\/en\/2022-kira-artis-duzenlemesi\/\" target=\"_blank\" rel=\"noreferrer noopener\">2022 Rent Increase Regulation<\/a><\/li>\n\n\n\n<li><a href=\"https:\/\/efeshukuk.com\/en\/kira-sozlesmesi-bitmeden-evden-cikmak\/\" target=\"_blank\" rel=\"noreferrer noopener\">Moving Out Before the Lease Agreement Expires<\/a><\/li>\n\n\n\n<li><a href=\"https:\/\/efeshukuk.com\/en\/ev-sahibi-geriye-donuk-kira-artisi-bedelini-isteyebilir-i\/\" target=\"_blank\" rel=\"noreferrer noopener\">Can a landlord demand retroactive rent increase?<\/a><\/li>\n\n\n\n<li><a href=\"https:\/\/efeshukuk.com\/en\/kira-sozlesmesi-tahliye-taahudu-ile-sona-erme\/\" target=\"_blank\" rel=\"noreferrer noopener\">Termination of the Lease Agreement by Undertaking to Evict<\/a><\/li>\n\n\n\n<li><a href=\"https:\/\/efeshukuk.com\/en\/tasinmaz-sahipleri-ve-kiracilari-ilgilendiren-kira-artis-miktari-nasil-belirlenir\/\">How is the amount of rent increase determined, affecting property owners and tenants?<\/a><\/li>\n<\/ul>\n<\/div>\n<\/div>\n<\/div>\n\n\n\n<div data-wp-context=\"{ &quot;autoclose&quot;: false, &quot;accordionItems&quot;: [] }\" data-wp-interactive=\"core\/accordion\" role=\"group\" class=\"wp-block-accordion is-layout-flow wp-block-accordion-is-layout-flow\">\n<div data-wp-class--is-open=\"state.isOpen\" data-wp-context=\"{ &quot;id&quot;: &quot;accordion-item-2&quot;, &quot;openByDefault&quot;: false }\" data-wp-init=\"callbacks.initAccordionItems\" data-wp-on-window--hashchange=\"callbacks.hashChange\" class=\"wp-block-accordion-item is-layout-flow wp-block-accordion-item-is-layout-flow\">\n<h3 class=\"wp-block-accordion-heading has-small-font-size\"><button aria-expanded=\"false\" aria-controls=\"accordion-item-2-panel\" data-wp-bind--aria-expanded=\"state.isOpen\" data-wp-on--click=\"actions.toggle\" data-wp-on--keydown=\"actions.handleKeyDown\" id=\"accordion-item-2\" type=\"button\" class=\"wp-block-accordion-heading__toggle\"><span class=\"wp-block-accordion-heading__toggle-title\">REAL ESTATE LAW<\/span><span class=\"wp-block-accordion-heading__toggle-icon\" aria-hidden=\"true\">+<\/span><\/button><\/h3>\n\n\n\n<div inert aria-labelledby=\"accordion-item-2\" data-wp-bind--inert=\"!state.isOpen\" id=\"accordion-item-2-panel\" role=\"region\" class=\"wp-block-accordion-panel is-layout-flow wp-block-accordion-panel-is-layout-flow\">\n<div class=\"wp-block-columns is-layout-flex wp-container-core-columns-is-layout-9d6595d7 wp-block-columns-is-layout-flex\">\n<div class=\"wp-block-column is-layout-flow wp-block-column-is-layout-flow\">\n<ul class=\"wp-block-list\">\n<li><a href=\"https:\/\/efeshukuk.com\/en\/turk-medeni-kanununa-gore-onalim-hakki\/\">Right of Pre-emption According to the Turkish Civil Code<\/a><\/li>\n\n\n\n<li><a href=\"https:\/\/efeshukuk.com\/en\/el-atmanin-onlenmesi\/\" target=\"_blank\" rel=\"noreferrer noopener\">Case for Prevention of Interference (Prohibition of Interference)<\/a><\/li>\n\n\n\n<li><a href=\"https:\/\/efeshukuk.com\/en\/imar-barisi-surecleri\/\" target=\"_blank\" rel=\"noreferrer noopener\">Construction Amnesty Processes<\/a><\/li>\n\n\n\n<li><a href=\"https:\/\/efeshukuk.com\/en\/izale-i-suyu-nedir\/\" target=\"_blank\" rel=\"noreferrer noopener\">What is Partition of Joint Ownership?<\/a><\/li>\n\n\n\n<li><a href=\"https:\/\/efeshukuk.com\/en\/gecit-hakki\/\" target=\"_blank\" rel=\"noreferrer noopener\">Right of Way<\/a><\/li>\n\n\n\n<li><a href=\"https:\/\/efeshukuk.com\/en\/irtifak-hakki-nedir\/\" target=\"_blank\" rel=\"noreferrer noopener\">What is an easement?<\/a><\/li>\n\n\n\n<li><a href=\"https:\/\/efeshukuk.com\/en\/ruhsata-aykiri-kacak-yapi\/\" target=\"_blank\" rel=\"noreferrer noopener\">Illegal Construction Without Permit<\/a><\/li>\n\n\n\n<li><a href=\"https:\/\/efeshukuk.com\/en\/arabuluculuk-anlasma-belgesi-ile-tasinmaz-satisi\/\">It is possible to sell real estate with a Mediation Agreement Document.<\/a><\/li>\n<\/ul>\n<\/div>\n\n\n\n<div class=\"wp-block-column is-layout-flow wp-block-column-is-layout-flow\">\n<ul class=\"wp-block-list\">\n<li><a href=\"https:\/\/efeshukuk.com\/en\/tasinmaz-satis-vaadi-sozlesmesi\/\" target=\"_blank\" rel=\"noreferrer noopener\">Real Estate Sales Promise Agreement<\/a><\/li>\n\n\n\n<li><a href=\"https:\/\/efeshukuk.com\/en\/tapu-tescil-davasi\/\" target=\"_blank\" rel=\"noreferrer noopener\">Property Registration Case &amp; Property Cancellation Case<\/a><\/li>\n\n\n\n<li><a href=\"https:\/\/efeshukuk.com\/en\/kat-karsiligi-insaat-sozlesmesi\/\" target=\"_blank\" rel=\"noreferrer noopener\">Construction Contract in Exchange for Land Share<\/a><\/li>\n\n\n\n<li><a href=\"https:\/\/efeshukuk.com\/en\/muteahhidin-temerrudu\/\" target=\"_blank\" rel=\"noreferrer noopener\">Contractor&#039;s\/Subcontractor&#039;s Default<\/a><\/li>\n\n\n\n<li><a href=\"https:\/\/efeshukuk.com\/en\/kentsel-donusum-harc-muafiyeti\/\" target=\"_blank\" rel=\"noreferrer noopener\">Urban Transformation Fee Exemption<\/a><\/li>\n\n\n\n<li><a href=\"https:\/\/efeshukuk.com\/en\/mulkiyeti-muhafaza-kaydi-ile-satis\/\" target=\"_blank\" rel=\"noreferrer noopener\">Sale with Retention of Title<\/a><\/li>\n\n\n\n<li><a href=\"https:\/\/efeshukuk.com\/en\/ecrimisil-nedir\/\" target=\"_blank\" rel=\"noreferrer noopener\">What is Ecrimisil?<\/a><\/li>\n\n\n\n<li><a href=\"https:\/\/efeshukuk.com\/en\/tapu-kayitlarinin-duzeltilmesi-davasi\/\" target=\"_blank\" rel=\"noreferrer noopener\">Lawsuit for Correction of Land Registry Records<\/a><\/li>\n\n\n\n<li><a href=\"https:\/\/efeshukuk.com\/en\/on-odemeli-konut-satisi\/\" target=\"_blank\" rel=\"noreferrer noopener\">Prepaid Housing Sales <\/a><\/li>\n<\/ul>\n<\/div>\n<\/div>\n<\/div>\n<\/div>\n<\/div>\n\n\n\n<div data-wp-context=\"{ &quot;autoclose&quot;: false, &quot;accordionItems&quot;: [] }\" data-wp-interactive=\"core\/accordion\" role=\"group\" class=\"wp-block-accordion is-layout-flow wp-block-accordion-is-layout-flow\">\n<div data-wp-class--is-open=\"state.isOpen\" data-wp-context=\"{ &quot;id&quot;: &quot;accordion-item-3&quot;, &quot;openByDefault&quot;: false }\" data-wp-init=\"callbacks.initAccordionItems\" data-wp-on-window--hashchange=\"callbacks.hashChange\" class=\"wp-block-accordion-item is-layout-flow wp-block-accordion-item-is-layout-flow\">\n<h3 class=\"wp-block-accordion-heading has-small-font-size\"><button aria-expanded=\"false\" aria-controls=\"accordion-item-3-panel\" data-wp-bind--aria-expanded=\"state.isOpen\" data-wp-on--click=\"actions.toggle\" data-wp-on--keydown=\"actions.handleKeyDown\" id=\"accordion-item-3\" type=\"button\" class=\"wp-block-accordion-heading__toggle\"><span class=\"wp-block-accordion-heading__toggle-title\">CONDOMINIUM OWNERSHIP &amp; SITE MANAGEMENT<\/span><span class=\"wp-block-accordion-heading__toggle-icon\" aria-hidden=\"true\">+<\/span><\/button><\/h3>\n\n\n\n<div inert aria-labelledby=\"accordion-item-3\" data-wp-bind--inert=\"!state.isOpen\" id=\"accordion-item-3-panel\" role=\"region\" class=\"wp-block-accordion-panel is-layout-flow wp-block-accordion-panel-is-layout-flow\">\n<ul class=\"wp-block-list\">\n<li><a href=\"https:\/\/efeshukuk.com\/en\/apartman-yoneticisi-nasil-secilir\/\" target=\"_blank\" rel=\"noreferrer noopener\">How are apartment building managers selected?<\/a><\/li>\n\n\n\n<li><a href=\"https:\/\/efeshukuk.com\/en\/apartman-yoneticisinin-gorevleri\/\" target=\"_blank\" rel=\"noreferrer noopener\">What are the responsibilities of an apartment building manager?<\/a><\/li>\n\n\n\n<li><a href=\"https:\/\/efeshukuk.com\/en\/apartman-yoneticisinin-ibrasi\/\" target=\"_blank\" rel=\"noreferrer noopener\">Discharge of the Apartment Manager<\/a><\/li>\n\n\n\n<li><a href=\"https:\/\/efeshukuk.com\/en\/site-yonetiminde-hukuki-danismanlik\/\" target=\"_blank\" rel=\"noreferrer noopener\">Legal Consultancy in Site Management<\/a><\/li>\n\n\n\n<li><a href=\"https:\/\/efeshukuk.com\/en\/gurultu-komsu\/\" target=\"_blank\" rel=\"noreferrer noopener\">What can be done about a noisy neighbor?<\/a><\/li>\n<\/ul>\n<\/div>\n<\/div>\n<\/div>\n\n\n\n<div class=\"wp-block-media-text alignwide is-stacked-on-mobile\" style=\"grid-template-columns:30% auto\"><figure class=\"wp-block-media-text__media\"><img loading=\"lazy\" decoding=\"async\" width=\"720\" height=\"720\" src=\"https:\/\/www.efeshukuk.com\/wp-content\/uploads\/2021\/01\/Ephesus-Law-Firm-3.jpg\" alt=\"Logo\" class=\"wp-image-1057 size-full\" srcset=\"\" sizes=\"auto, (max-width: 720px) 100vw, 720px\" data-srcset=\"\" \/><\/figure><div class=\"wp-block-media-text__content\">\n<p class=\"has-black-color has-text-color translation-block\"><strong>Address:<\/strong> Nergis Neighborhood, Girne Boulevard No: 83, Floor 2, Apartment 2, Kar\u015f\u0131yaka, \u0130zmir<\/p>\n\n\n\n<p class=\"has-black-color has-text-color\"><strong>E-mail<\/strong>: <a href=\"mailto:contact@example.com\"><span class=\"has-inline-color has-vivid-cyan-blue-color\">info@efeshukuk.com<\/span><\/a><\/p>\n\n\n\n<p class=\"has-black-color has-text-color\"><strong>Phone<\/strong>: +90 534 415 52 56<\/p>\n\n\n\n<style>\n\/* --- Sosyal ve \u0130leti\u015fim \u0130kon Kapsay\u0131c\u0131 --- *\/\n.efes-social-wrapper {\n    display: flex;\n    gap: 12px;\n    justify-content: flex-start; \/* Sola yaslar, kart i\u00e7inde kullanacaksan\u0131z center yapabilirsiniz *\/\n    padding: 20px 0;\n    background: #ffffff;\n    flex-wrap: wrap; \/* Mobilde ta\u015fma yapmamas\u0131 i\u00e7in *\/\n}\n\n\/* --- \u0130kon Buton Stili --- *\/\n.efes-social-btn {\n    width: 40px;\n    height: 40px;\n    display: flex;\n    align-items: center;\n    justify-content: center;\n    text-decoration: none;\n    border-radius: 6px;\n    transition: all 0.3s ease;\n    border: 1px solid #e0e0e0;\n    background: #ffffff;\n}\n\n\/* --- SVG \u0130kon Renkleri --- *\/\n.efes-social-btn svg {\n    width: 20px;\n    height: 20px;\n    fill: #000000;\n    transition: all 0.3s ease;\n}\n\n\/* --- Hover Efekti --- *\/\n.efes-social-btn:hover {\n    background-color: #000000;\n    border-color: #000000;\n    transform: translateY(-3px);\n}\n\n.efes-social-btn:hover svg {\n    fill: #ffffff;\n}\n\n\/* --- Mobil D\u00fczenleme --- *\/\n@media (max-width: 768px) {\n    .efes-social-btn { width: 38px; height: 38px; }\n}\n<\/style>\n\n<div class=\"efes-social-wrapper\">\n    <a href=\"https:\/\/facebook.com\/efeshukukburosu\" class=\"efes-social-btn\" target=\"_blank\" rel=\"noopener\" aria-label=\"Facebook\">\n        <svg viewbox=\"0 0 24 24\"><path d=\"M18 2h-3a5 5 0 0 0-5 5v3H7v4h3v8h4v-8h3l1-4h-4V7a1 1 0 0 1 1-1h3z\"><\/path><\/svg>\n    <\/a>\n\n    <a href=\"https:\/\/linkedin.com\/company\/efeshukuk\/\" class=\"efes-social-btn\" target=\"_blank\" rel=\"noopener\" aria-label=\"LinkedIn\">\n        <svg viewbox=\"0 0 24 24\"><path d=\"M16 8a6 6 0 0 1 6 6v7h-4v-7a2 2 0 0 0-2-2 2 2 0 0 0-2 2v7h-4v-7a6 6 0 0 1 6-6z\"><\/path><rect x=\"2\" y=\"9\" width=\"4\" height=\"12\"><\/rect><circle cx=\"4\" cy=\"4\" r=\"2\"><\/circle><\/svg>\n    <\/a>\n\n    <a href=\"https:\/\/instagram.com\/efeshukukburosu\" class=\"efes-social-btn\" target=\"_blank\" rel=\"noopener\" aria-label=\"Instagram\">\n        <svg viewbox=\"0 0 24 24\"><path d=\"M12 2.163c3.204 0 3.584.012 4.85.07 3.252.148 4.771 1.691 4.919 4.919.058 1.265.069 1.645.069 4.849 0 3.205-.012 3.584-.069 4.849-.149 3.225-1.664 4.771-4.919 4.919-1.266.058-1.644.07-4.85.07-3.204 0-3.584-.012-4.849-.07-3.26-.149-4.771-1.699-4.919-4.92-.058-1.265-.07-1.644-.07-4.849 0-3.204.013-3.583.07-4.849.149-3.227 1.664-4.771 4.919-4.919 1.266-.057 1.645-.069 4.849-.069zm0-2.163c-3.259 0-3.667.014-4.947.072-4.358.2-6.78 2.618-6.98 6.98-.059 1.281-.073 1.689-.073 4.948 0 3.259.014 3.668.072 4.948.2 4.358 2.618 6.78 6.98 6.98 1.281.058 1.689.072 4.948.072 3.259 0 3.668-.014 4.948-.072 4.354-.2 6.782-2.618 6.979-6.98.059-1.28.073-1.689.073-4.948 0-3.259-.014-3.667-.072-4.947-.196-4.354-2.617-6.78-6.979-6.98-1.281-.059-1.69-.073-4.949-.073zm0 5.838c-3.403 0-6.162 2.759-6.162 6.162s2.759 6.163 6.162 6.163 6.162-2.759 6.162-6.163-2.759-6.162-6.162-6.162zm0 10.162c-2.209 0-4-1.79-4-4 0-2.209 1.791-4 4-4s4 1.791 4 4c0 2.21-1.791 4-4 4zm6.406-11.845c-.796 0-1.441.645-1.441 1.44s.645 1.44 1.441 1.44c.795 0 1.439-.645 1.439-1.44s-.644-1.44-1.439-1.44z\"\/><\/svg>\n    <\/a>\n\n    <a href=\"mailto:info@efeshukuk.com\" class=\"efes-social-btn\" aria-label=\"Send Email\">\n        <svg viewbox=\"0 0 24 24\"><path d=\"M0 3v18h24v-18h-24zm6.623 7.929l-4.623 5.712v-9.458l4.623 3.746zm-4.141-5.929h19.035l-9.517 7.713-9.518-7.713zm5.694 7.188l3.824 3.099l3.83-3.104 5.612 8.138h-18.745l5.479-8.133zm8.171-1.259l4.653-3.771v9.487l-4.653-5.716z\"\/><\/svg>\n    <\/a>\n\n    <a href=\"https:\/\/www.google.com\/maps\/place\/Efes+Hukuk+B%C3%BCrosu+-+Kar%C5%9F%C4%B1yaka+Avukat\/@38.458734,27.107183,17z\/data=!3m1!4b1!4m6!3m5!1s0x14bbd9b483567e9d:0xdad9b9deb6d6c709!8m2!3d38.458734!4d27.107183!16s%2Fg%2F11r9ctjdcx?entry=ttu&#038;g_ep=EgoyMDI2MDMyNC4wIKXMDSoASAFQAw%3D%3D\" class=\"efes-social-btn\" target=\"_blank\" rel=\"noopener\" aria-label=\"View on Map\">\n        <svg viewbox=\"0 0 24 24\"><path d=\"M12 2C8.13 2 5 5.13 5 9c0 5.25 7 13 7 13s7-7.75 7-13c0-3.87-3.13-7-7-7zm0 9.5a2.5 2.5 0 0 1 0-5 2.5 2.5 0 0 1 0 5z\"\/><\/svg>\n    <\/a>\n\n    <a href=\"tel:+905344155256\" class=\"efes-social-btn\" aria-label=\"Call by phone\">\n        <svg viewbox=\"0 0 24 24\"><path d=\"M6.62 10.79a15.05 15.05 0 0 0 6.59 6.59l2.2-2.2c.27-.27.67-.36 1.02-.24 1.12.37 2.33.57 3.57.57.55 0 1 .45 1 1V20c0 .55-.45 1-1 1-9.39 0-17-7.61-17-17 0-.55.45-1 1-1h3.5c.55 0 1 .45 1 1 0 1.25.2 2.45.57 3.57.11.35.03.74-.25 1.02l-2.2 2.2z\"\/><\/svg>\n    <\/a>\n<\/div>\n<\/div><\/div>","protected":false},"excerpt":{"rendered":"<p>Ta\u015f\u0131nmaz Sahipleri ve Kirac\u0131lar\u0131 \u0130lgilendiren &#8220;Kira Art\u0131\u015f Miktar\u0131&#8221; Nas\u0131l Belirlenir? Kira art\u0131\u015flar\u0131 T\u00dcFE ile s\u0131n\u0131rl\u0131d\u0131r. Bu oran, her ay T\u00fcrkiye istatistik kurumu (T\u00dc\u0130K) taraf\u0131ndan a\u00e7\u0131klan\u0131yor. Buna g\u00f6re;&#8230;.<\/p>","protected":false},"author":2,"featured_media":548,"comment_status":"open","ping_status":"open","sticky":false,"template":"","format":"standard","meta":{"footnotes":""},"categories":[23],"tags":[66,51],"class_list":["post-547","post","type-post","status-publish","format-standard","has-post-thumbnail","hentry","category-kira-hukuku","tag-artis-miktari","tag-kira"],"yoast_head":"<!-- This site is optimized with the Yoast SEO Premium plugin v27.0 (Yoast SEO v27.5) - https:\/\/yoast.com\/product\/yoast-seo-premium-wordpress\/ -->\n<title>Ta\u015f\u0131nmaz Sahipleri ve Kirac\u0131lar\u0131 \u0130lgilendiren Kira Art\u0131\u015f Miktar\u0131 Nas\u0131l Belirlenir? - Efes Hukuk B\u00fcrosu<\/title>\n<meta name=\"description\" content=\"Cevap basit. Kira Art\u0131\u015f Miktar\u0131 T\u00dcFE ile s\u0131n\u0131rl\u0131d\u0131r. Bu oran, her ay T\u00fcrkiye istatistik kurumu (T\u00dc\u0130K) taraf\u0131ndan a\u00e7\u0131klan\u0131yor. Buna g\u00f6re...\" \/>\n<meta name=\"robots\" content=\"index, follow, max-snippet:-1, max-image-preview:large, max-video-preview:-1\" \/>\n<link rel=\"canonical\" href=\"https:\/\/efeshukuk.com\/en\/tasinmaz-sahipleri-ve-kiracilari-ilgilendiren-kira-artis-miktari-nasil-belirlenir\/\" \/>\n<meta property=\"og:locale\" content=\"en_US\" \/>\n<meta property=\"og:type\" content=\"article\" \/>\n<meta property=\"og:title\" content=\"Ta\u015f\u0131nmaz Sahipleri ve Kirac\u0131lar\u0131 \u0130lgilendiren Kira Art\u0131\u015f Miktar\u0131 Nas\u0131l Belirlenir?\" \/>\n<meta property=\"og:description\" content=\"Ta\u015f\u0131nmaz Sahipleri ve Kirac\u0131lar\u0131 \u0130lgilendiren &quot;Kira Art\u0131\u015f Miktar\u0131&quot; Nas\u0131l Belirlenir? Kira art\u0131\u015flar\u0131 T\u00dcFE ile s\u0131n\u0131rl\u0131d\u0131r. Bu oran, her ay T\u00fcrkiye istatistik kurumu (T\u00dc\u0130K) taraf\u0131ndan a\u00e7\u0131klan\u0131yor. Buna g\u00f6re;....\" \/>\n<meta property=\"og:url\" content=\"https:\/\/efeshukuk.com\/en\/tasinmaz-sahipleri-ve-kiracilari-ilgilendiren-kira-artis-miktari-nasil-belirlenir\/\" \/>\n<meta property=\"og:site_name\" content=\"Efes Hukuk B\u00fcrosu\" \/>\n<meta property=\"article:publisher\" content=\"https:\/\/www.facebook.com\/efeshukukburosu\" \/>\n<meta property=\"article:published_time\" content=\"2020-11-08T20:06:50+00:00\" \/>\n<meta property=\"article:modified_time\" content=\"2026-04-28T08:33:58+00:00\" \/>\n<meta property=\"og:image\" content=\"https:\/\/efeshukuk.com\/wp-content\/uploads\/2020\/11\/0.jpg\" \/>\n\t<meta property=\"og:image:width\" content=\"1080\" \/>\n\t<meta property=\"og:image:height\" content=\"1080\" \/>\n\t<meta property=\"og:image:type\" content=\"image\/jpeg\" \/>\n<meta name=\"author\" content=\"Av. Dilek Yavuz Uysal\" \/>\n<meta name=\"twitter:card\" content=\"summary_large_image\" \/>\n<meta name=\"twitter:label1\" content=\"Written by\" \/>\n\t<meta name=\"twitter:data1\" content=\"Av. Dilek Yavuz Uysal\" \/>\n\t<meta name=\"twitter:label2\" content=\"Est. reading time\" \/>\n\t<meta name=\"twitter:data2\" content=\"5 minutes\" \/>\n<script type=\"application\/ld+json\" class=\"yoast-schema-graph\">{\"@context\":\"https:\\\/\\\/schema.org\",\"@graph\":[{\"@type\":\"Article\",\"@id\":\"https:\\\/\\\/efeshukuk.com\\\/tasinmaz-sahipleri-ve-kiracilari-ilgilendiren-kira-artis-miktari-nasil-belirlenir\\\/#article\",\"isPartOf\":{\"@id\":\"https:\\\/\\\/efeshukuk.com\\\/tasinmaz-sahipleri-ve-kiracilari-ilgilendiren-kira-artis-miktari-nasil-belirlenir\\\/\"},\"author\":{\"name\":\"Av. Dilek Yavuz Uysal\",\"@id\":\"https:\\\/\\\/efeshukuk.com\\\/#\\\/schema\\\/person\\\/81553d51adf1736027adc7b812cc163d\"},\"headline\":\"Ta\u015f\u0131nmaz Sahipleri ve Kirac\u0131lar\u0131 \u0130lgilendiren Kira Art\u0131\u015f Miktar\u0131 Nas\u0131l Belirlenir?\",\"datePublished\":\"2020-11-08T20:06:50+00:00\",\"dateModified\":\"2026-04-28T08:33:58+00:00\",\"mainEntityOfPage\":{\"@id\":\"https:\\\/\\\/efeshukuk.com\\\/tasinmaz-sahipleri-ve-kiracilari-ilgilendiren-kira-artis-miktari-nasil-belirlenir\\\/\"},\"wordCount\":707,\"commentCount\":0,\"publisher\":{\"@id\":\"https:\\\/\\\/efeshukuk.com\\\/#organization\"},\"image\":{\"@id\":\"https:\\\/\\\/efeshukuk.com\\\/tasinmaz-sahipleri-ve-kiracilari-ilgilendiren-kira-artis-miktari-nasil-belirlenir\\\/#primaryimage\"},\"thumbnailUrl\":\"https:\\\/\\\/efeshukuk.com\\\/wp-content\\\/uploads\\\/2020\\\/11\\\/0.jpg\",\"keywords\":[\"Art\u0131\u015f Miktar\u0131\",\"Kira\"],\"articleSection\":[\"Kira Hukuku\"],\"inLanguage\":\"en-US\",\"potentialAction\":[{\"@type\":\"CommentAction\",\"name\":\"Comment\",\"target\":[\"https:\\\/\\\/efeshukuk.com\\\/tasinmaz-sahipleri-ve-kiracilari-ilgilendiren-kira-artis-miktari-nasil-belirlenir\\\/#respond\"]}]},{\"@type\":\"WebPage\",\"@id\":\"https:\\\/\\\/efeshukuk.com\\\/tasinmaz-sahipleri-ve-kiracilari-ilgilendiren-kira-artis-miktari-nasil-belirlenir\\\/\",\"url\":\"https:\\\/\\\/efeshukuk.com\\\/tasinmaz-sahipleri-ve-kiracilari-ilgilendiren-kira-artis-miktari-nasil-belirlenir\\\/\",\"name\":\"Ta\u015f\u0131nmaz Sahipleri ve Kirac\u0131lar\u0131 \u0130lgilendiren Kira Art\u0131\u015f Miktar\u0131 Nas\u0131l Belirlenir? - Efes Hukuk B\u00fcrosu\",\"isPartOf\":{\"@id\":\"https:\\\/\\\/efeshukuk.com\\\/#website\"},\"primaryImageOfPage\":{\"@id\":\"https:\\\/\\\/efeshukuk.com\\\/tasinmaz-sahipleri-ve-kiracilari-ilgilendiren-kira-artis-miktari-nasil-belirlenir\\\/#primaryimage\"},\"image\":{\"@id\":\"https:\\\/\\\/efeshukuk.com\\\/tasinmaz-sahipleri-ve-kiracilari-ilgilendiren-kira-artis-miktari-nasil-belirlenir\\\/#primaryimage\"},\"thumbnailUrl\":\"https:\\\/\\\/efeshukuk.com\\\/wp-content\\\/uploads\\\/2020\\\/11\\\/0.jpg\",\"datePublished\":\"2020-11-08T20:06:50+00:00\",\"dateModified\":\"2026-04-28T08:33:58+00:00\",\"description\":\"Cevap basit. Kira Art\u0131\u015f Miktar\u0131 T\u00dcFE ile s\u0131n\u0131rl\u0131d\u0131r. Bu oran, her ay T\u00fcrkiye istatistik kurumu (T\u00dc\u0130K) taraf\u0131ndan a\u00e7\u0131klan\u0131yor. Buna g\u00f6re...\",\"breadcrumb\":{\"@id\":\"https:\\\/\\\/efeshukuk.com\\\/tasinmaz-sahipleri-ve-kiracilari-ilgilendiren-kira-artis-miktari-nasil-belirlenir\\\/#breadcrumb\"},\"inLanguage\":\"en-US\",\"potentialAction\":[{\"@type\":\"ReadAction\",\"target\":[\"https:\\\/\\\/efeshukuk.com\\\/tasinmaz-sahipleri-ve-kiracilari-ilgilendiren-kira-artis-miktari-nasil-belirlenir\\\/\"]}]},{\"@type\":\"ImageObject\",\"inLanguage\":\"en-US\",\"@id\":\"https:\\\/\\\/efeshukuk.com\\\/tasinmaz-sahipleri-ve-kiracilari-ilgilendiren-kira-artis-miktari-nasil-belirlenir\\\/#primaryimage\",\"url\":\"https:\\\/\\\/efeshukuk.com\\\/wp-content\\\/uploads\\\/2020\\\/11\\\/0.jpg\",\"contentUrl\":\"https:\\\/\\\/efeshukuk.com\\\/wp-content\\\/uploads\\\/2020\\\/11\\\/0.jpg\",\"width\":1080,\"height\":1080,\"caption\":\"Ta\u015f\u0131nmaz Sahipleri ve Kirac\u0131lar\u0131 \u0130lgilendiren \\\"Kira Art\u0131\u015f Miktar\u0131\\\" Nas\u0131l Belirlenir?\"},{\"@type\":\"BreadcrumbList\",\"@id\":\"https:\\\/\\\/efeshukuk.com\\\/tasinmaz-sahipleri-ve-kiracilari-ilgilendiren-kira-artis-miktari-nasil-belirlenir\\\/#breadcrumb\",\"itemListElement\":[{\"@type\":\"ListItem\",\"position\":1,\"name\":\"Ana sayfa\",\"item\":\"https:\\\/\\\/efeshukuk.com\\\/\"},{\"@type\":\"ListItem\",\"position\":2,\"name\":\"Ta\u015f\u0131nmaz Sahipleri ve Kirac\u0131lar\u0131 \u0130lgilendiren Kira Art\u0131\u015f Miktar\u0131 Nas\u0131l Belirlenir?\"}]},{\"@type\":\"WebSite\",\"@id\":\"https:\\\/\\\/efeshukuk.com\\\/#website\",\"url\":\"https:\\\/\\\/efeshukuk.com\\\/\",\"name\":\"Efes Hukuk B\u00fcrosu\",\"description\":\"\u0130zmir&#039;deki Avukat\u0131n\u0131z\",\"publisher\":{\"@id\":\"https:\\\/\\\/efeshukuk.com\\\/#organization\"},\"potentialAction\":[{\"@type\":\"SearchAction\",\"target\":{\"@type\":\"EntryPoint\",\"urlTemplate\":\"https:\\\/\\\/efeshukuk.com\\\/?s={search_term_string}\"},\"query-input\":{\"@type\":\"PropertyValueSpecification\",\"valueRequired\":true,\"valueName\":\"search_term_string\"}}],\"inLanguage\":\"en-US\"},{\"@type\":[\"Organization\",\"Place\",\"LegalService\"],\"@id\":\"https:\\\/\\\/efeshukuk.com\\\/#organization\",\"name\":\"Efes Hukuk B\u00fcrosu\",\"url\":\"https:\\\/\\\/efeshukuk.com\\\/\",\"logo\":{\"@id\":\"https:\\\/\\\/efeshukuk.com\\\/tasinmaz-sahipleri-ve-kiracilari-ilgilendiren-kira-artis-miktari-nasil-belirlenir\\\/#local-main-organization-logo\"},\"image\":{\"@id\":\"https:\\\/\\\/efeshukuk.com\\\/tasinmaz-sahipleri-ve-kiracilari-ilgilendiren-kira-artis-miktari-nasil-belirlenir\\\/#local-main-organization-logo\"},\"sameAs\":[\"https:\\\/\\\/www.facebook.com\\\/efeshukukburosu\",\"https:\\\/\\\/www.instagram.com\\\/efeshukukburosu\\\/\",\"https:\\\/\\\/www.linkedin.com\\\/company\\\/efes-law\\\/\"],\"description\":\"Efes Hukuk B\u00fcrosu, farkl\u0131 hukuk alanlar\u0131nda uzmanla\u015fm\u0131\u015f avukat kadrosuyla bireysel ve kurumsal m\u00fcvekkillerine etkili ve \u00e7\u00f6z\u00fcm odakl\u0131 hukuki dan\u0131\u015fmanl\u0131k hizmeti sunmaktad\u0131r. Ticaret hukuku, t\u00fcketici hukuku, aile hukuku, icra ve iflas hukuku gibi bir\u00e7ok alanda derin bilgiye sahip avukatlar\u0131m\u0131zla; m\u00fcvekkillerimizin haklar\u0131n\u0131 en iyi \u015fekilde korumay\u0131 ama\u00e7l\u0131yoruz. D\u00fcnyadaki hukuki de\u011fi\u015fimleri yak\u0131ndan takip ediyor, her yeni sorunu titizlikle analiz ediyoruz. M\u00fcvekkillerimizle g\u00fcvene dayal\u0131, \u015feffaf ve yak\u0131n bir ileti\u015fim kurarak, do\u011fru kararlar almalar\u0131na destek oluyoruz. Akademik d\u00fczeyde \u00e7al\u0131\u015fan \u00e7\u00f6z\u00fcm ortaklar\u0131m\u0131z ve alan\u0131nda uzman avukatlar\u0131m\u0131zla; hukuka, meslek eti\u011fine ve Atat\u00fcrk ilke ve ink\u0131laplar\u0131na ba\u011fl\u0131 bir \u015fekilde \u00e7al\u0131\u015fmay\u0131 ilke ediniyoruz.\",\"legalName\":\"Efes Hukuk B\u00fcrosu\",\"numberOfEmployees\":{\"@type\":\"QuantitativeValue\",\"minValue\":\"1\",\"maxValue\":\"10\"},\"address\":{\"@id\":\"https:\\\/\\\/efeshukuk.com\\\/tasinmaz-sahipleri-ve-kiracilari-ilgilendiren-kira-artis-miktari-nasil-belirlenir\\\/#local-main-place-address\"},\"geo\":{\"@type\":\"GeoCoordinates\",\"latitude\":\"38.467687\",\"longitude\":\"27.109998\"},\"telephone\":[\"+905344155256\"],\"contactPoint\":{\"@type\":\"ContactPoint\",\"telephone\":\"+905344155256\",\"email\":\"info@efeshukuk.com\"},\"openingHoursSpecification\":[{\"@type\":\"OpeningHoursSpecification\",\"dayOfWeek\":[\"Monday\",\"Tuesday\",\"Wednesday\",\"Thursday\",\"Friday\"],\"opens\":\"09:00\",\"closes\":\"18:00\"},{\"@type\":\"OpeningHoursSpecification\",\"dayOfWeek\":[\"Saturday\",\"Sunday\"],\"opens\":\"00:00\",\"closes\":\"00:00\"}],\"email\":\"info@efeshukuk.com\"},{\"@type\":\"Person\",\"@id\":\"https:\\\/\\\/efeshukuk.com\\\/#\\\/schema\\\/person\\\/81553d51adf1736027adc7b812cc163d\",\"name\":\"Av. Dilek Yavuz Uysal\",\"image\":{\"@type\":\"ImageObject\",\"inLanguage\":\"en-US\",\"@id\":\"https:\\\/\\\/secure.gravatar.com\\\/avatar\\\/0eba2c45e543cdcb8443d4067793449a748c102bc9a88389274a8023fb45ee18?s=96&d=retro&r=g\",\"url\":\"https:\\\/\\\/secure.gravatar.com\\\/avatar\\\/0eba2c45e543cdcb8443d4067793449a748c102bc9a88389274a8023fb45ee18?s=96&d=retro&r=g\",\"contentUrl\":\"https:\\\/\\\/secure.gravatar.com\\\/avatar\\\/0eba2c45e543cdcb8443d4067793449a748c102bc9a88389274a8023fb45ee18?s=96&d=retro&r=g\",\"caption\":\"Av. Dilek Yavuz Uysal\"},\"url\":\"https:\\\/\\\/efeshukuk.com\\\/en\\\/author\\\/dyavuz\\\/\"},{\"@type\":\"PostalAddress\",\"@id\":\"https:\\\/\\\/efeshukuk.com\\\/tasinmaz-sahipleri-ve-kiracilari-ilgilendiren-kira-artis-miktari-nasil-belirlenir\\\/#local-main-place-address\",\"streetAddress\":\"Nergiz Mahallesi Girne Blv No:83, Kat 2 D 2, 35600 Kar\u015f\u0131yaka\",\"addressLocality\":\"\u0130zmir\",\"postalCode\":\"35600\",\"addressCountry\":\"TR\"},{\"@type\":\"ImageObject\",\"inLanguage\":\"en-US\",\"@id\":\"https:\\\/\\\/efeshukuk.com\\\/tasinmaz-sahipleri-ve-kiracilari-ilgilendiren-kira-artis-miktari-nasil-belirlenir\\\/#local-main-organization-logo\",\"url\":\"https:\\\/\\\/efeshukuk.com\\\/wp-content\\\/uploads\\\/2020\\\/11\\\/5.png\",\"contentUrl\":\"https:\\\/\\\/efeshukuk.com\\\/wp-content\\\/uploads\\\/2020\\\/11\\\/5.png\",\"width\":500,\"height\":500,\"caption\":\"Efes Hukuk B\u00fcrosu\"}]}<\/script>\n<meta name=\"geo.placename\" content=\"\u0130zmir\" \/>\n<meta name=\"geo.position\" content=\"38.467687;27.109998\" \/>\n<meta name=\"geo.region\" content=\"Turkey\" \/>\n<!-- \/ Yoast SEO Premium plugin. -->","yoast_head_json":{"title":"Ta\u015f\u0131nmaz Sahipleri ve Kirac\u0131lar\u0131 \u0130lgilendiren Kira Art\u0131\u015f Miktar\u0131 Nas\u0131l Belirlenir? - Efes Hukuk B\u00fcrosu","description":"Cevap basit. Kira Art\u0131\u015f Miktar\u0131 T\u00dcFE ile s\u0131n\u0131rl\u0131d\u0131r. Bu oran, her ay T\u00fcrkiye istatistik kurumu (T\u00dc\u0130K) taraf\u0131ndan a\u00e7\u0131klan\u0131yor. Buna g\u00f6re...","robots":{"index":"index","follow":"follow","max-snippet":"max-snippet:-1","max-image-preview":"max-image-preview:large","max-video-preview":"max-video-preview:-1"},"canonical":"https:\/\/efeshukuk.com\/en\/tasinmaz-sahipleri-ve-kiracilari-ilgilendiren-kira-artis-miktari-nasil-belirlenir\/","og_locale":"en_US","og_type":"article","og_title":"Ta\u015f\u0131nmaz Sahipleri ve Kirac\u0131lar\u0131 \u0130lgilendiren Kira Art\u0131\u015f Miktar\u0131 Nas\u0131l Belirlenir?","og_description":"Ta\u015f\u0131nmaz Sahipleri ve Kirac\u0131lar\u0131 \u0130lgilendiren \"Kira Art\u0131\u015f Miktar\u0131\" Nas\u0131l Belirlenir? Kira art\u0131\u015flar\u0131 T\u00dcFE ile s\u0131n\u0131rl\u0131d\u0131r. Bu oran, her ay T\u00fcrkiye istatistik kurumu (T\u00dc\u0130K) taraf\u0131ndan a\u00e7\u0131klan\u0131yor. Buna g\u00f6re;....","og_url":"https:\/\/efeshukuk.com\/en\/tasinmaz-sahipleri-ve-kiracilari-ilgilendiren-kira-artis-miktari-nasil-belirlenir\/","og_site_name":"Efes Hukuk B\u00fcrosu","article_publisher":"https:\/\/www.facebook.com\/efeshukukburosu","article_published_time":"2020-11-08T20:06:50+00:00","article_modified_time":"2026-04-28T08:33:58+00:00","og_image":[{"width":1080,"height":1080,"url":"https:\/\/efeshukuk.com\/wp-content\/uploads\/2020\/11\/0.jpg","type":"image\/jpeg"}],"author":"Av. Dilek Yavuz Uysal","twitter_card":"summary_large_image","twitter_misc":{"Written by":"Av. Dilek Yavuz Uysal","Est. reading time":"5 minutes"},"schema":{"@context":"https:\/\/schema.org","@graph":[{"@type":"Article","@id":"https:\/\/efeshukuk.com\/tasinmaz-sahipleri-ve-kiracilari-ilgilendiren-kira-artis-miktari-nasil-belirlenir\/#article","isPartOf":{"@id":"https:\/\/efeshukuk.com\/tasinmaz-sahipleri-ve-kiracilari-ilgilendiren-kira-artis-miktari-nasil-belirlenir\/"},"author":{"name":"Av. Dilek Yavuz Uysal","@id":"https:\/\/efeshukuk.com\/#\/schema\/person\/81553d51adf1736027adc7b812cc163d"},"headline":"Ta\u015f\u0131nmaz Sahipleri ve Kirac\u0131lar\u0131 \u0130lgilendiren Kira Art\u0131\u015f Miktar\u0131 Nas\u0131l Belirlenir?","datePublished":"2020-11-08T20:06:50+00:00","dateModified":"2026-04-28T08:33:58+00:00","mainEntityOfPage":{"@id":"https:\/\/efeshukuk.com\/tasinmaz-sahipleri-ve-kiracilari-ilgilendiren-kira-artis-miktari-nasil-belirlenir\/"},"wordCount":707,"commentCount":0,"publisher":{"@id":"https:\/\/efeshukuk.com\/#organization"},"image":{"@id":"https:\/\/efeshukuk.com\/tasinmaz-sahipleri-ve-kiracilari-ilgilendiren-kira-artis-miktari-nasil-belirlenir\/#primaryimage"},"thumbnailUrl":"https:\/\/efeshukuk.com\/wp-content\/uploads\/2020\/11\/0.jpg","keywords":["Art\u0131\u015f Miktar\u0131","Kira"],"articleSection":["Kira Hukuku"],"inLanguage":"en-US","potentialAction":[{"@type":"CommentAction","name":"Comment","target":["https:\/\/efeshukuk.com\/tasinmaz-sahipleri-ve-kiracilari-ilgilendiren-kira-artis-miktari-nasil-belirlenir\/#respond"]}]},{"@type":"WebPage","@id":"https:\/\/efeshukuk.com\/tasinmaz-sahipleri-ve-kiracilari-ilgilendiren-kira-artis-miktari-nasil-belirlenir\/","url":"https:\/\/efeshukuk.com\/tasinmaz-sahipleri-ve-kiracilari-ilgilendiren-kira-artis-miktari-nasil-belirlenir\/","name":"Ta\u015f\u0131nmaz Sahipleri ve Kirac\u0131lar\u0131 \u0130lgilendiren Kira Art\u0131\u015f Miktar\u0131 Nas\u0131l Belirlenir? - Efes Hukuk B\u00fcrosu","isPartOf":{"@id":"https:\/\/efeshukuk.com\/#website"},"primaryImageOfPage":{"@id":"https:\/\/efeshukuk.com\/tasinmaz-sahipleri-ve-kiracilari-ilgilendiren-kira-artis-miktari-nasil-belirlenir\/#primaryimage"},"image":{"@id":"https:\/\/efeshukuk.com\/tasinmaz-sahipleri-ve-kiracilari-ilgilendiren-kira-artis-miktari-nasil-belirlenir\/#primaryimage"},"thumbnailUrl":"https:\/\/efeshukuk.com\/wp-content\/uploads\/2020\/11\/0.jpg","datePublished":"2020-11-08T20:06:50+00:00","dateModified":"2026-04-28T08:33:58+00:00","description":"Cevap basit. Kira Art\u0131\u015f Miktar\u0131 T\u00dcFE ile s\u0131n\u0131rl\u0131d\u0131r. Bu oran, her ay T\u00fcrkiye istatistik kurumu (T\u00dc\u0130K) taraf\u0131ndan a\u00e7\u0131klan\u0131yor. Buna g\u00f6re...","breadcrumb":{"@id":"https:\/\/efeshukuk.com\/tasinmaz-sahipleri-ve-kiracilari-ilgilendiren-kira-artis-miktari-nasil-belirlenir\/#breadcrumb"},"inLanguage":"en-US","potentialAction":[{"@type":"ReadAction","target":["https:\/\/efeshukuk.com\/tasinmaz-sahipleri-ve-kiracilari-ilgilendiren-kira-artis-miktari-nasil-belirlenir\/"]}]},{"@type":"ImageObject","inLanguage":"en-US","@id":"https:\/\/efeshukuk.com\/tasinmaz-sahipleri-ve-kiracilari-ilgilendiren-kira-artis-miktari-nasil-belirlenir\/#primaryimage","url":"https:\/\/efeshukuk.com\/wp-content\/uploads\/2020\/11\/0.jpg","contentUrl":"https:\/\/efeshukuk.com\/wp-content\/uploads\/2020\/11\/0.jpg","width":1080,"height":1080,"caption":"Ta\u015f\u0131nmaz Sahipleri ve Kirac\u0131lar\u0131 \u0130lgilendiren \"Kira Art\u0131\u015f Miktar\u0131\" Nas\u0131l Belirlenir?"},{"@type":"BreadcrumbList","@id":"https:\/\/efeshukuk.com\/tasinmaz-sahipleri-ve-kiracilari-ilgilendiren-kira-artis-miktari-nasil-belirlenir\/#breadcrumb","itemListElement":[{"@type":"ListItem","position":1,"name":"Ana sayfa","item":"https:\/\/efeshukuk.com\/"},{"@type":"ListItem","position":2,"name":"Ta\u015f\u0131nmaz Sahipleri ve Kirac\u0131lar\u0131 \u0130lgilendiren Kira Art\u0131\u015f Miktar\u0131 Nas\u0131l Belirlenir?"}]},{"@type":"WebSite","@id":"https:\/\/efeshukuk.com\/#website","url":"https:\/\/efeshukuk.com\/","name":"Ephesus Law Firm","description":"Your Lawyer in Izmir","publisher":{"@id":"https:\/\/efeshukuk.com\/#organization"},"potentialAction":[{"@type":"SearchAction","target":{"@type":"EntryPoint","urlTemplate":"https:\/\/efeshukuk.com\/?s={search_term_string}"},"query-input":{"@type":"PropertyValueSpecification","valueRequired":true,"valueName":"search_term_string"}}],"inLanguage":"en-US"},{"@type":["Organization","Place","LegalService"],"@id":"https:\/\/efeshukuk.com\/#organization","name":"Ephesus Law Firm","url":"https:\/\/efeshukuk.com\/","logo":{"@id":"https:\/\/efeshukuk.com\/tasinmaz-sahipleri-ve-kiracilari-ilgilendiren-kira-artis-miktari-nasil-belirlenir\/#local-main-organization-logo"},"image":{"@id":"https:\/\/efeshukuk.com\/tasinmaz-sahipleri-ve-kiracilari-ilgilendiren-kira-artis-miktari-nasil-belirlenir\/#local-main-organization-logo"},"sameAs":["https:\/\/www.facebook.com\/efeshukukburosu","https:\/\/www.instagram.com\/efeshukukburosu\/","https:\/\/www.linkedin.com\/company\/efes-law\/"],"description":"Efes Law Firm provides effective and solution-oriented legal consultancy services to individual and corporate clients with its team of lawyers specializing in various legal fields. With lawyers possessing in-depth knowledge in numerous areas such as commercial law, consumer law, family law, and enforcement and bankruptcy law, we aim to best protect our clients&#039; rights. We closely follow legal developments worldwide and meticulously analyze every new issue. We support our clients in making informed decisions by establishing trust-based, transparent, and close communication with them. With our academically qualified partners and expert lawyers, we are committed to working in accordance with the law, professional ethics, and the principles and reforms of Atat\u00fcrk.","legalName":"Efes Hukuk B\u00fcrosu","numberOfEmployees":{"@type":"QuantitativeValue","minValue":"1","maxValue":"10"},"address":{"@id":"https:\/\/efeshukuk.com\/tasinmaz-sahipleri-ve-kiracilari-ilgilendiren-kira-artis-miktari-nasil-belirlenir\/#local-main-place-address"},"geo":{"@type":"GeoCoordinates","latitude":"38.467687","longitude":"27.109998"},"telephone":["+905344155256"],"contactPoint":{"@type":"ContactPoint","telephone":"+905344155256","email":"info@efeshukuk.com"},"openingHoursSpecification":[{"@type":"OpeningHoursSpecification","dayOfWeek":["Monday","Tuesday","Wednesday","Thursday","Friday"],"opens":"09:00","closes":"18:00"},{"@type":"OpeningHoursSpecification","dayOfWeek":["Saturday","Sunday"],"opens":"00:00","closes":"00:00"}],"email":"info@efeshukuk.com"},{"@type":"Person","@id":"https:\/\/efeshukuk.com\/#\/schema\/person\/81553d51adf1736027adc7b812cc163d","name":"Dilek Yavuz Uysal","image":{"@type":"ImageObject","inLanguage":"en-US","@id":"https:\/\/secure.gravatar.com\/avatar\/0eba2c45e543cdcb8443d4067793449a748c102bc9a88389274a8023fb45ee18?s=96&d=retro&r=g","url":"https:\/\/secure.gravatar.com\/avatar\/0eba2c45e543cdcb8443d4067793449a748c102bc9a88389274a8023fb45ee18?s=96&d=retro&r=g","contentUrl":"https:\/\/secure.gravatar.com\/avatar\/0eba2c45e543cdcb8443d4067793449a748c102bc9a88389274a8023fb45ee18?s=96&d=retro&r=g","caption":"Av. Dilek Yavuz Uysal"},"url":"https:\/\/efeshukuk.com\/en\/author\/dyavuz\/"},{"@type":"PostalAddress","@id":"https:\/\/efeshukuk.com\/tasinmaz-sahipleri-ve-kiracilari-ilgilendiren-kira-artis-miktari-nasil-belirlenir\/#local-main-place-address","streetAddress":"Nergiz Mahallesi Girne Blv No:83, Kat 2 D 2, 35600 Kar\u015f\u0131yaka","addressLocality":"\u0130zmir","postalCode":"35600","addressCountry":"TR"},{"@type":"ImageObject","inLanguage":"en-US","@id":"https:\/\/efeshukuk.com\/tasinmaz-sahipleri-ve-kiracilari-ilgilendiren-kira-artis-miktari-nasil-belirlenir\/#local-main-organization-logo","url":"https:\/\/efeshukuk.com\/wp-content\/uploads\/2020\/11\/5.png","contentUrl":"https:\/\/efeshukuk.com\/wp-content\/uploads\/2020\/11\/5.png","width":500,"height":500,"caption":"Efes Hukuk B\u00fcrosu"}]},"geo.placename":"\u0130zmir","geo.position":{"lat":"38.467687","long":"27.109998"},"geo.region":"Turkey"},"amp_enabled":true,"_links":{"self":[{"href":"https:\/\/efeshukuk.com\/en\/wp-json\/wp\/v2\/posts\/547","targetHints":{"allow":["GET"]}}],"collection":[{"href":"https:\/\/efeshukuk.com\/en\/wp-json\/wp\/v2\/posts"}],"about":[{"href":"https:\/\/efeshukuk.com\/en\/wp-json\/wp\/v2\/types\/post"}],"author":[{"embeddable":true,"href":"https:\/\/efeshukuk.com\/en\/wp-json\/wp\/v2\/users\/2"}],"replies":[{"embeddable":true,"href":"https:\/\/efeshukuk.com\/en\/wp-json\/wp\/v2\/comments?post=547"}],"version-history":[{"count":4,"href":"https:\/\/efeshukuk.com\/en\/wp-json\/wp\/v2\/posts\/547\/revisions"}],"predecessor-version":[{"id":9897,"href":"https:\/\/efeshukuk.com\/en\/wp-json\/wp\/v2\/posts\/547\/revisions\/9897"}],"wp:featuredmedia":[{"embeddable":true,"href":"https:\/\/efeshukuk.com\/en\/wp-json\/wp\/v2\/media\/548"}],"wp:attachment":[{"href":"https:\/\/efeshukuk.com\/en\/wp-json\/wp\/v2\/media?parent=547"}],"wp:term":[{"taxonomy":"category","embeddable":true,"href":"https:\/\/efeshukuk.com\/en\/wp-json\/wp\/v2\/categories?post=547"},{"taxonomy":"post_tag","embeddable":true,"href":"https:\/\/efeshukuk.com\/en\/wp-json\/wp\/v2\/tags?post=547"}],"curies":[{"name":"wp","href":"https:\/\/api.w.org\/{rel}","templated":true}]}}