{"id":4988,"date":"2021-04-22T07:30:01","date_gmt":"2021-04-22T04:30:01","guid":{"rendered":"https:\/\/www.efeshukuk.com\/?p=4988"},"modified":"2021-06-24T08:54:39","modified_gmt":"2021-06-24T05:54:39","slug":"fotograf-ve-telif-hukuku","status":"publish","type":"post","link":"https:\/\/efeshukuk.com\/en\/fotograf-ve-telif-hukuku\/","title":{"rendered":"Photography and Copyright Law"},"content":{"rendered":"<div class=\"wp-block-image\"><figure class=\"aligncenter size-large\"><img loading=\"lazy\" decoding=\"async\" width=\"1024\" height=\"538\" src=\"https:\/\/www.efeshukuk.com\/wp-content\/uploads\/2021\/06\/32-1-1024x538.jpg\" alt=\"Foto\u011fraf ve Telif Hukuku\" class=\"wp-image-5610\" srcset=\"https:\/\/efeshukuk.com\/wp-content\/uploads\/2021\/06\/32-1-1024x538.jpg 1024w, https:\/\/efeshukuk.com\/wp-content\/uploads\/2021\/06\/32-1-300x158.jpg 300w, https:\/\/efeshukuk.com\/wp-content\/uploads\/2021\/06\/32-1-768x403.jpg 768w, https:\/\/efeshukuk.com\/wp-content\/uploads\/2021\/06\/32-1-16x8.jpg 16w, https:\/\/efeshukuk.com\/wp-content\/uploads\/2021\/06\/32-1.jpg 1200w\" sizes=\"auto, (max-width: 1024px) 100vw, 1024px\" \/><\/figure><\/div>\n\n\n\n<p class=\"has-black-color has-text-color wp-block-paragraph\"><strong>Photography and Copyright Law | Use of Photos on the Internet | Trademark Lawyer in Izmir | Efes Law Firm<\/strong><\/p>\n\n\n\n<p class=\"has-text-align-justify has-black-color has-text-color wp-block-paragraph\"><br>&nbsp;In this study, we will specifically address legislation and court decisions regarding the use of photographs found on the internet. First and foremost, it is crucial to warn that using a photograph obtained from the internet can lead to numerous violations under the Law on Intellectual and Artistic Works, the Turkish Penal Code, and the Law on the Protection of Personal Data; you may face administrative and criminal sanctions. In other words, photographs and visual content obtained through search engines or third-party websites cannot be used without the consent of the content&#039;s owner. Contrary to common practice, visual content obtained from Google Images is not a database of images that you can use as you wish. <\/p>\n\n\n\n<h2 class=\"wp-block-heading\">Legal Regulations<\/h2>\n\n\n\n<h3 class=\"wp-block-heading\"><a href=\"https:\/\/www.mevzuat.gov.tr\/MevzuatMetin\/1.3.5846.pdf\" target=\"_blank\" rel=\"noreferrer noopener\">Law on Intellectual and Artistic Works (FSEK)<\/a><\/h3>\n\n\n\n<p class=\"has-black-color has-text-color wp-block-paragraph\">Under the Law on Intellectual and Artistic Works (FSEK), photographs can be considered either &quot;works of science and literature&quot; (Article 2\/3) or &quot;works of fine art&quot; (Article 4\/5), depending on the elements they contain. Portraits of individuals are regulated separately under Article 86. Under FSEK, the right to utilize a work that has not yet been made public, in any form or style, belongs exclusively to the author (Article 20). Furthermore, penalties for tortious acts committed in relation to a work are regulated under Article 71 of the FSEK.<\/p>\n\n\n\n<h3 class=\"wp-block-heading\"><a href=\"https:\/\/www.mevzuat.gov.tr\/MevzuatMetin\/1.5.6698.pdf\" target=\"_blank\" rel=\"noreferrer noopener\">Personal Data Protection Law (KVKK)<\/a><\/h3>\n\n\n\n<p class=\"has-text-align-justify has-black-color has-text-color wp-block-paragraph\">When examining a photograph obtained from the internet under the Personal Data Protection Law (KVKK), an investigation must be conducted in parallel with other legislation, taking into account the specific elements of the case. In any case, processing publicly available visual content containing personal data for purposes other than its intended public disclosure may result in substantial administrative fines under Article 18 of the KVKK.<\/p>\n\n\n\n<h3 class=\"wp-block-heading\"><a href=\"https:\/\/www.mevzuat.gov.tr\/mevzuat?MevzuatNo=5237&amp;MevzuatTur=1&amp;MevzuatTertip=5\" target=\"_blank\" rel=\"noreferrer noopener\">Turkish Penal Code (TCK)<\/a><\/h3>\n\n\n\n<p class=\"has-text-align-justify has-black-color has-text-color wp-block-paragraph\">Considering the personal data contained in visual content obtained via the internet, Article 134 and subsequent articles of the Turkish Penal Code concern the privacy of private life and personal data. <em>&nbsp;giving or obtaining unlawfully<\/em> The possibility of crimes being committed should be taken into consideration.<\/p>\n\n\n\n<h2 class=\"wp-block-heading\">Court Decisions<\/h2>\n\n\n\n<p class=\"has-text-align-center has-black-color has-text-color wp-block-paragraph\"><strong>SUPREME COURT OF APPEALS, 11TH CIVIL CHAMBER, CASE NO. 2007\/12297, DECISION NO. 2009\/1332, DATE: 6.2.2009<\/strong><\/p>\n\n\n\n<p class=\"has-text-align-justify has-black-color has-text-color wp-block-paragraph\">...However, the plaintiff also claimed that even if the photograph in question did not qualify as a work of art, its unauthorized use from the plaintiff&#039;s website and its subsequent reproduction and publication on the defendant&#039;s website and in magazine issues constituted unfair competition. (Law No. 5846) <em><a href=\"https:\/\/www.mevzuat.gov.tr\/MevzuatMetin\/1.3.5846.pdf\" target=\"_blank\" rel=\"noreferrer noopener\">FSEK<\/a><\/em>.According to Articles 84\/1 and 3 of the Turkish Civil Code, anyone who records a photograph that is not a work of art onto a device used for recording purposes, or who rightfully reproduces or distributes it for commercial purposes, may prevent a third party from reproducing or publishing the same photograph using the same device. The protection under this article applies to anyone who records a photograph onto a device used for recording purposes, or who rightfully reproduces or distributes it for commercial purposes; the protection is limited to recording and reproduction. In the specific dispute, the plaintiff claims that she took the photograph of her daughter and published and reproduced it on her website, \u201cwww.yasamdersleri.com,\u201d where she gives lessons on pixel art. The defendant argues that the photograph has become public, that it must be a work of art in order to claim copyright compensation, and that the photograph was obtained from \u201cwww.google.com\u201d without a copyright notice. Therefore, the fact that the plaintiff recorded the photograph and published it on her website is not disputed between the parties. Indeed, in the decision dated July 11, 2006, and numbered 941\/204, issued by the Istanbul 2nd Intellectual and Industrial Property Rights Court, which heard the moral damages lawsuit filed against the defendant by the plaintiff&#039;s daughter whose photograph was taken, it was stated that the photograph of the plaintiff&#039;s daughter was on the plaintiff&#039;s website, and the plaintiff also stated that her daughter could be heard as a witness if necessary. The court&#039;s opinion that the plaintiff&#039;s ownership rights over the photograph could not be proven, based on Article 86 of the Law No. 5846 on Intellectual and Artistic Works, which is not applicable in this case, without evaluating the dispute between the parties in terms of Article 84 of the same Law, is incorrect.<\/p>\n\n\n\n<p class=\"has-black-color has-text-color wp-block-paragraph\">For more detailed information you can visit our <a href=\"https:\/\/efeshukuk.com\/en\/iletisim\/\"><span class=\"has-inline-color has-vivid-cyan-blue-color\">Contact <\/span><\/a>page.<\/p>\n\n\n\n<p class=\"has-black-color has-text-color wp-block-paragraph\">Other works that may be of interest to you;<\/p>\n\n\n\n<ul class=\"wp-block-list has-black-color has-text-color\">\n<li><a href=\"https:\/\/efeshukuk.com\/en\/fotograf-ve-telif-hukuku\/\" target=\"_blank\" rel=\"noreferrer noopener\">Photography and Copyright Law<\/a><\/li>\n\n\n\n<li><a href=\"https:\/\/efeshukuk.com\/en\/markalar-arasi-iltibas\/\" target=\"_blank\" rel=\"noreferrer noopener\">Ambiguity Between Brands in Supreme Court Decisions<\/a><\/li>\n\n\n\n<li><a href=\"https:\/\/efeshukuk.com\/en\/telif-nedir\/\" target=\"_blank\" rel=\"noreferrer noopener\">What is copyright?<\/a><\/li>\n\n\n\n<li><a href=\"https:\/\/efeshukuk.com\/en\/tescili-zorunlu-fikir-sanat-eserleri\/\" target=\"_blank\" rel=\"noreferrer noopener\">Intellectual and Artistic Works Requiring Registration<\/a><\/li>\n\n\n\n<li><a href=\"https:\/\/efeshukuk.com\/en\/fikri-eser-nedir\/\" target=\"_blank\" rel=\"noreferrer noopener\">What is an Intellectual Property?<\/a><\/li>\n\n\n\n<li><a href=\"https:\/\/efeshukuk.com\/en\/yazilimlarin-korunmasi\/\" target=\"_blank\" rel=\"noreferrer noopener\">Software Protection<\/a><\/li>\n\n\n\n<li><a href=\"https:\/\/efeshukuk.com\/en\/markanin-kullanilmama-sebebi-ile-iptali\/\" target=\"_blank\" rel=\"noreferrer noopener\">Cancellation due to non-use of the brand.<\/a><\/li>\n\n\n\n<li><a href=\"https:\/\/efeshukuk.com\/en\/calisan-buluslari\/\">Employee Inventions<\/a><\/li>\n<\/ul>\n\n\n\n<div class=\"wp-block-media-text alignwide is-stacked-on-mobile\" style=\"grid-template-columns:30% auto\"><figure class=\"wp-block-media-text__media\"><img loading=\"lazy\" decoding=\"async\" width=\"720\" height=\"720\" src=\"https:\/\/www.efeshukuk.com\/wp-content\/uploads\/2021\/01\/Ephesus-Law-Firm-3.jpg\" alt=\"Logo\" class=\"wp-image-1057 size-full\" srcset=\"\" sizes=\"auto, (max-width: 720px) 100vw, 720px\" data-srcset=\"\" \/><\/figure><div class=\"wp-block-media-text__content\">\n<p class=\"has-black-color has-text-color wp-block-paragraph translation-block\"><strong>Address:<\/strong> Nergis Neighborhood, Girne Boulevard No: 83, Floor 2, Apartment 2, Kar\u015f\u0131yaka, \u0130zmir<\/p>\n\n\n\n<p class=\"has-black-color has-text-color wp-block-paragraph\"><strong>E-mail<\/strong>: <a href=\"mailto:contact@example.com\"><span class=\"has-inline-color has-vivid-cyan-blue-color\">info@efeshukuk.com<\/span><\/a><\/p>\n\n\n\n<p class=\"has-black-color has-text-color wp-block-paragraph\"><strong>Phone<\/strong>: +90 534 415 52 56<\/p>\n\n\n\n<style>\n\/* --- Sosyal ve \u0130leti\u015fim \u0130kon Kapsay\u0131c\u0131 --- *\/\n.efes-social-wrapper {\n    display: flex;\n    gap: 12px;\n    justify-content: flex-start; \/* Sola yaslar, kart i\u00e7inde kullanacaksan\u0131z center yapabilirsiniz *\/\n    padding: 20px 0;\n    background: #ffffff;\n    flex-wrap: wrap; \/* Mobilde ta\u015fma yapmamas\u0131 i\u00e7in *\/\n}\n\n\/* --- \u0130kon Buton Stili --- *\/\n.efes-social-btn {\n    width: 40px;\n    height: 40px;\n    display: flex;\n    align-items: center;\n    justify-content: center;\n    text-decoration: none;\n    border-radius: 6px;\n    transition: all 0.3s ease;\n    border: 1px solid #e0e0e0;\n    background: #ffffff;\n}\n\n\/* --- SVG \u0130kon Renkleri --- *\/\n.efes-social-btn svg {\n    width: 20px;\n    height: 20px;\n    fill: #000000;\n    transition: all 0.3s ease;\n}\n\n\/* --- Hover Efekti --- *\/\n.efes-social-btn:hover {\n    background-color: #000000;\n    border-color: #000000;\n    transform: translateY(-3px);\n}\n\n.efes-social-btn:hover svg {\n    fill: #ffffff;\n}\n\n\/* --- Mobil D\u00fczenleme --- *\/\n@media (max-width: 768px) {\n    .efes-social-btn { width: 38px; height: 38px; }\n}\n<\/style>\n\n<div class=\"efes-social-wrapper\">\n    <a href=\"https:\/\/facebook.com\/efeshukukburosu\" class=\"efes-social-btn\" target=\"_blank\" rel=\"noopener\" aria-label=\"Facebook\">\n        <svg viewbox=\"0 0 24 24\"><path d=\"M18 2h-3a5 5 0 0 0-5 5v3H7v4h3v8h4v-8h3l1-4h-4V7a1 1 0 0 1 1-1h3z\"><\/path><\/svg>\n    <\/a>\n\n    <a href=\"https:\/\/linkedin.com\/company\/efeshukuk\/\" class=\"efes-social-btn\" target=\"_blank\" rel=\"noopener\" aria-label=\"LinkedIn\">\n        <svg viewbox=\"0 0 24 24\"><path d=\"M16 8a6 6 0 0 1 6 6v7h-4v-7a2 2 0 0 0-2-2 2 2 0 0 0-2 2v7h-4v-7a6 6 0 0 1 6-6z\"><\/path><rect x=\"2\" y=\"9\" width=\"4\" height=\"12\"><\/rect><circle cx=\"4\" cy=\"4\" r=\"2\"><\/circle><\/svg>\n    <\/a>\n\n    <a href=\"https:\/\/instagram.com\/efeshukukburosu\" class=\"efes-social-btn\" target=\"_blank\" rel=\"noopener\" aria-label=\"Instagram\">\n        <svg viewbox=\"0 0 24 24\"><path d=\"M12 2.163c3.204 0 3.584.012 4.85.07 3.252.148 4.771 1.691 4.919 4.919.058 1.265.069 1.645.069 4.849 0 3.205-.012 3.584-.069 4.849-.149 3.225-1.664 4.771-4.919 4.919-1.266.058-1.644.07-4.85.07-3.204 0-3.584-.012-4.849-.07-3.26-.149-4.771-1.699-4.919-4.92-.058-1.265-.07-1.644-.07-4.849 0-3.204.013-3.583.07-4.849.149-3.227 1.664-4.771 4.919-4.919 1.266-.057 1.645-.069 4.849-.069zm0-2.163c-3.259 0-3.667.014-4.947.072-4.358.2-6.78 2.618-6.98 6.98-.059 1.281-.073 1.689-.073 4.948 0 3.259.014 3.668.072 4.948.2 4.358 2.618 6.78 6.98 6.98 1.281.058 1.689.072 4.948.072 3.259 0 3.668-.014 4.948-.072 4.354-.2 6.782-2.618 6.979-6.98.059-1.28.073-1.689.073-4.948 0-3.259-.014-3.667-.072-4.947-.196-4.354-2.617-6.78-6.979-6.98-1.281-.059-1.69-.073-4.949-.073zm0 5.838c-3.403 0-6.162 2.759-6.162 6.162s2.759 6.163 6.162 6.163 6.162-2.759 6.162-6.163-2.759-6.162-6.162-6.162zm0 10.162c-2.209 0-4-1.79-4-4 0-2.209 1.791-4 4-4s4 1.791 4 4c0 2.21-1.791 4-4 4zm6.406-11.845c-.796 0-1.441.645-1.441 1.44s.645 1.44 1.441 1.44c.795 0 1.439-.645 1.439-1.44s-.644-1.44-1.439-1.44z\"\/><\/svg>\n    <\/a>\n\n    <a href=\"mailto:info@efeshukuk.com\" class=\"efes-social-btn\" aria-label=\"Send Email\">\n        <svg viewbox=\"0 0 24 24\"><path d=\"M0 3v18h24v-18h-24zm6.623 7.929l-4.623 5.712v-9.458l4.623 3.746zm-4.141-5.929h19.035l-9.517 7.713-9.518-7.713zm5.694 7.188l3.824 3.099l3.83-3.104 5.612 8.138h-18.745l5.479-8.133zm8.171-1.259l4.653-3.771v9.487l-4.653-5.716z\"\/><\/svg>\n    <\/a>\n\n    <a href=\"https:\/\/www.google.com\/maps\/place\/Efes+Hukuk+B%C3%BCrosu+-+Kar%C5%9F%C4%B1yaka+Avukat\/@38.458734,27.107183,17z\/data=!3m1!4b1!4m6!3m5!1s0x14bbd9b483567e9d:0xdad9b9deb6d6c709!8m2!3d38.458734!4d27.107183!16s%2Fg%2F11r9ctjdcx?entry=ttu&#038;g_ep=EgoyMDI2MDMyNC4wIKXMDSoASAFQAw%3D%3D\" class=\"efes-social-btn\" target=\"_blank\" rel=\"noopener\" aria-label=\"View on Map\">\n        <svg viewbox=\"0 0 24 24\"><path d=\"M12 2C8.13 2 5 5.13 5 9c0 5.25 7 13 7 13s7-7.75 7-13c0-3.87-3.13-7-7-7zm0 9.5a2.5 2.5 0 0 1 0-5 2.5 2.5 0 0 1 0 5z\"\/><\/svg>\n    <\/a>\n\n    <a href=\"tel:+905344155256\" class=\"efes-social-btn\" aria-label=\"Call by phone\">\n        <svg viewbox=\"0 0 24 24\"><path d=\"M6.62 10.79a15.05 15.05 0 0 0 6.59 6.59l2.2-2.2c.27-.27.67-.36 1.02-.24 1.12.37 2.33.57 3.57.57.55 0 1 .45 1 1V20c0 .55-.45 1-1 1-9.39 0-17-7.61-17-17 0-.55.45-1 1-1h3.5c.55 0 1 .45 1 1 0 1.25.2 2.45.57 3.57.11.35.03.74-.25 1.02l-2.2 2.2z\"\/><\/svg>\n    <\/a>\n<\/div>\n<\/div><\/div>\n\n\n\n<p class=\"wp-block-paragraph\"><\/p>","protected":false},"excerpt":{"rendered":"<p>\u00d6nemle uyarmak gerekir ki internet \u00fczerinden elde etti\u011finiz bir foto\u011fraf\u0131 kullanmak sureti ile Fikir ve Sanat Eserleri Kanunu ba\u015fta olmak \u00fczere, T\u00fcrk Ceza Kanunu ve Ki\u015fisel Verilerin Korunmas\u0131 Kanunu kapsam\u0131nda bir \u00e7ok ihlal ger\u00e7ekle\u015ftirebilir; idari ve cezai yapt\u0131r\u0131m ile kar\u015f\u0131la\u015fabilirsiniz. <\/p>","protected":false},"author":1,"featured_media":0,"comment_status":"open","ping_status":"closed","sticky":false,"template":"","format":"standard","meta":{"_customify_content_layout":"","_customify_sidebar":"","_customify_page_header_display":"","_customify_disable_header":"","_customify_disable_header_top":"","_customify_disable_header_main":"","_customify_disable_header_bottom":"","_customify_disable_page_title":"","_customify_disable_content_vertical_padding":"","_customify_disable_footer_top":"","_customify_disable_footer_main":"","_customify_disable_footer_bottom":"","_customify_breadcrumb_display":"","_customify_header_transparent_display":"","footnotes":""},"categories":[350],"tags":[351,344,352],"class_list":["post-4988","post","type-post","status-publish","format-standard","hentry","category-fikri-ve-sinai-mulkiyet-hukuku","tag-fotograf","tag-hukuk","tag-telif"],"yoast_head":"<!-- This site is optimized with the Yoast SEO Premium plugin v27.0 (Yoast SEO v28.4) - https:\/\/yoast.com\/product\/yoast-seo-premium-wordpress\/ -->\n<title>Foto\u011fraf ve Telif Hukuku - Efes Hukuk B\u00fcrosu | \u0130zmir Avukat<\/title>\n<meta name=\"description\" content=\"Foto\u011fraf ve Telif Hukuku, internette arama motorlar\u0131 \u00fczerinden veya 3. ki\u015filerin internet siteleri \u00fczerinden elde etti\u011finiz foto\u011fraf...\" \/>\n<meta name=\"robots\" content=\"index, follow, max-snippet:-1, max-image-preview:large, max-video-preview:-1\" \/>\n<link rel=\"canonical\" href=\"https:\/\/efeshukuk.com\/en\/fotograf-ve-telif-hukuku\/\" \/>\n<meta property=\"og:locale\" content=\"en_US\" \/>\n<meta property=\"og:type\" content=\"article\" \/>\n<meta property=\"og:title\" content=\"Foto\u011fraf ve Telif Hukuku\" \/>\n<meta property=\"og:description\" content=\"\u00d6nemle uyarmak gerekir ki internet \u00fczerinden elde etti\u011finiz bir foto\u011fraf\u0131 kullanmak sureti ile Fikir ve Sanat Eserleri Kanunu ba\u015fta olmak \u00fczere, T\u00fcrk Ceza Kanunu ve Ki\u015fisel Verilerin Korunmas\u0131 Kanunu kapsam\u0131nda bir \u00e7ok ihlal ger\u00e7ekle\u015ftirebilir; idari ve cezai yapt\u0131r\u0131m ile kar\u015f\u0131la\u015fabilirsiniz.\" \/>\n<meta property=\"og:url\" content=\"https:\/\/efeshukuk.com\/en\/fotograf-ve-telif-hukuku\/\" \/>\n<meta property=\"og:site_name\" content=\"Efes Hukuk B\u00fcrosu\" \/>\n<meta property=\"article:publisher\" content=\"https:\/\/www.facebook.com\/efeshukukburosu\" \/>\n<meta property=\"article:published_time\" content=\"2021-04-22T04:30:01+00:00\" \/>\n<meta property=\"article:modified_time\" content=\"2021-06-24T05:54:39+00:00\" \/>\n<meta property=\"og:image\" content=\"https:\/\/www.efeshukuk.com\/wp-content\/uploads\/2021\/06\/32-1-1024x538.jpg\" \/>\n<meta name=\"author\" content=\"Av. Mustafa Yolcu\" \/>\n<meta name=\"twitter:card\" content=\"summary_large_image\" \/>\n<meta name=\"twitter:label1\" content=\"Written by\" \/>\n\t<meta name=\"twitter:data1\" content=\"Av. Mustafa Yolcu\" \/>\n\t<meta name=\"twitter:label2\" content=\"Est. reading time\" \/>\n\t<meta name=\"twitter:data2\" content=\"3 minutes\" \/>\n<script type=\"application\/ld+json\" class=\"yoast-schema-graph\">{\"@context\":\"https:\\\/\\\/schema.org\",\"@graph\":[{\"@type\":\"Article\",\"@id\":\"https:\\\/\\\/efeshukuk.com\\\/fotograf-ve-telif-hukuku\\\/#article\",\"isPartOf\":{\"@id\":\"https:\\\/\\\/efeshukuk.com\\\/fotograf-ve-telif-hukuku\\\/\"},\"author\":{\"name\":\"Av. Mustafa Yolcu\",\"@id\":\"https:\\\/\\\/efeshukuk.com\\\/#\\\/schema\\\/person\\\/3669273e38fd03f3f3ca1d7225da67ac\"},\"headline\":\"Foto\u011fraf ve Telif Hukuku\",\"datePublished\":\"2021-04-22T04:30:01+00:00\",\"dateModified\":\"2021-06-24T05:54:39+00:00\",\"mainEntityOfPage\":{\"@id\":\"https:\\\/\\\/efeshukuk.com\\\/fotograf-ve-telif-hukuku\\\/\"},\"wordCount\":808,\"commentCount\":0,\"publisher\":{\"@id\":\"https:\\\/\\\/efeshukuk.com\\\/#organization\"},\"image\":{\"@id\":\"https:\\\/\\\/efeshukuk.com\\\/fotograf-ve-telif-hukuku\\\/#primaryimage\"},\"thumbnailUrl\":\"https:\\\/\\\/www.efeshukuk.com\\\/wp-content\\\/uploads\\\/2021\\\/06\\\/32-1-1024x538.jpg\",\"keywords\":[\"foto\u011fraf\",\"hukuk\",\"telif\"],\"articleSection\":[\"Fikri ve Sinai M\u00fclkiyet Hukuku\"],\"inLanguage\":\"en-US\",\"potentialAction\":[{\"@type\":\"CommentAction\",\"name\":\"Comment\",\"target\":[\"https:\\\/\\\/efeshukuk.com\\\/fotograf-ve-telif-hukuku\\\/#respond\"]}]},{\"@type\":\"WebPage\",\"@id\":\"https:\\\/\\\/efeshukuk.com\\\/fotograf-ve-telif-hukuku\\\/\",\"url\":\"https:\\\/\\\/efeshukuk.com\\\/fotograf-ve-telif-hukuku\\\/\",\"name\":\"Foto\u011fraf ve Telif Hukuku - Efes Hukuk B\u00fcrosu | \u0130zmir Avukat\",\"isPartOf\":{\"@id\":\"https:\\\/\\\/efeshukuk.com\\\/#website\"},\"primaryImageOfPage\":{\"@id\":\"https:\\\/\\\/efeshukuk.com\\\/fotograf-ve-telif-hukuku\\\/#primaryimage\"},\"image\":{\"@id\":\"https:\\\/\\\/efeshukuk.com\\\/fotograf-ve-telif-hukuku\\\/#primaryimage\"},\"thumbnailUrl\":\"https:\\\/\\\/www.efeshukuk.com\\\/wp-content\\\/uploads\\\/2021\\\/06\\\/32-1-1024x538.jpg\",\"datePublished\":\"2021-04-22T04:30:01+00:00\",\"dateModified\":\"2021-06-24T05:54:39+00:00\",\"description\":\"Foto\u011fraf ve Telif Hukuku, internette arama motorlar\u0131 \u00fczerinden veya 3. ki\u015filerin internet siteleri \u00fczerinden elde etti\u011finiz foto\u011fraf...\",\"breadcrumb\":{\"@id\":\"https:\\\/\\\/efeshukuk.com\\\/fotograf-ve-telif-hukuku\\\/#breadcrumb\"},\"inLanguage\":\"en-US\",\"potentialAction\":[{\"@type\":\"ReadAction\",\"target\":[\"https:\\\/\\\/efeshukuk.com\\\/fotograf-ve-telif-hukuku\\\/\"]}]},{\"@type\":\"ImageObject\",\"inLanguage\":\"en-US\",\"@id\":\"https:\\\/\\\/efeshukuk.com\\\/fotograf-ve-telif-hukuku\\\/#primaryimage\",\"url\":\"https:\\\/\\\/www.efeshukuk.com\\\/wp-content\\\/uploads\\\/2021\\\/06\\\/32-1-1024x538.jpg\",\"contentUrl\":\"https:\\\/\\\/www.efeshukuk.com\\\/wp-content\\\/uploads\\\/2021\\\/06\\\/32-1-1024x538.jpg\"},{\"@type\":\"BreadcrumbList\",\"@id\":\"https:\\\/\\\/efeshukuk.com\\\/fotograf-ve-telif-hukuku\\\/#breadcrumb\",\"itemListElement\":[{\"@type\":\"ListItem\",\"position\":1,\"name\":\"Ana sayfa\",\"item\":\"https:\\\/\\\/efeshukuk.com\\\/\"},{\"@type\":\"ListItem\",\"position\":2,\"name\":\"Foto\u011fraf ve Telif Hukuku\"}]},{\"@type\":\"WebSite\",\"@id\":\"https:\\\/\\\/efeshukuk.com\\\/#website\",\"url\":\"https:\\\/\\\/efeshukuk.com\\\/\",\"name\":\"Efes Hukuk B\u00fcrosu\",\"description\":\"\u0130zmir&#039;deki Avukat\u0131n\u0131z\",\"publisher\":{\"@id\":\"https:\\\/\\\/efeshukuk.com\\\/#organization\"},\"potentialAction\":[{\"@type\":\"SearchAction\",\"target\":{\"@type\":\"EntryPoint\",\"urlTemplate\":\"https:\\\/\\\/efeshukuk.com\\\/?s={search_term_string}\"},\"query-input\":{\"@type\":\"PropertyValueSpecification\",\"valueRequired\":true,\"valueName\":\"search_term_string\"}}],\"inLanguage\":\"en-US\"},{\"@type\":[\"Organization\",\"Place\",\"LegalService\"],\"@id\":\"https:\\\/\\\/efeshukuk.com\\\/#organization\",\"name\":\"Efes Hukuk B\u00fcrosu\",\"url\":\"https:\\\/\\\/efeshukuk.com\\\/\",\"logo\":{\"@id\":\"https:\\\/\\\/efeshukuk.com\\\/fotograf-ve-telif-hukuku\\\/#local-main-organization-logo\"},\"image\":{\"@id\":\"https:\\\/\\\/efeshukuk.com\\\/fotograf-ve-telif-hukuku\\\/#local-main-organization-logo\"},\"sameAs\":[\"https:\\\/\\\/www.facebook.com\\\/efeshukukburosu\",\"https:\\\/\\\/www.instagram.com\\\/efeshukukburosu\\\/\",\"https:\\\/\\\/www.linkedin.com\\\/company\\\/efes-law\\\/\"],\"description\":\"Efes Hukuk B\u00fcrosu, farkl\u0131 hukuk alanlar\u0131nda uzmanla\u015fm\u0131\u015f avukat kadrosuyla bireysel ve kurumsal m\u00fcvekkillerine etkili ve \u00e7\u00f6z\u00fcm odakl\u0131 hukuki dan\u0131\u015fmanl\u0131k hizmeti sunmaktad\u0131r. Ticaret hukuku, t\u00fcketici hukuku, aile hukuku, icra ve iflas hukuku gibi bir\u00e7ok alanda derin bilgiye sahip avukatlar\u0131m\u0131zla; m\u00fcvekkillerimizin haklar\u0131n\u0131 en iyi \u015fekilde korumay\u0131 ama\u00e7l\u0131yoruz. D\u00fcnyadaki hukuki de\u011fi\u015fimleri yak\u0131ndan takip ediyor, her yeni sorunu titizlikle analiz ediyoruz. M\u00fcvekkillerimizle g\u00fcvene dayal\u0131, \u015feffaf ve yak\u0131n bir ileti\u015fim kurarak, do\u011fru kararlar almalar\u0131na destek oluyoruz. Akademik d\u00fczeyde \u00e7al\u0131\u015fan \u00e7\u00f6z\u00fcm ortaklar\u0131m\u0131z ve alan\u0131nda uzman avukatlar\u0131m\u0131zla; hukuka, meslek eti\u011fine ve Atat\u00fcrk ilke ve ink\u0131laplar\u0131na ba\u011fl\u0131 bir \u015fekilde \u00e7al\u0131\u015fmay\u0131 ilke ediniyoruz.\",\"legalName\":\"Efes Hukuk B\u00fcrosu\",\"numberOfEmployees\":{\"@type\":\"QuantitativeValue\",\"minValue\":\"1\",\"maxValue\":\"10\"},\"address\":{\"@id\":\"https:\\\/\\\/efeshukuk.com\\\/fotograf-ve-telif-hukuku\\\/#local-main-place-address\"},\"geo\":{\"@type\":\"GeoCoordinates\",\"latitude\":\"38.467687\",\"longitude\":\"27.109998\"},\"telephone\":[\"+905344155256\"],\"contactPoint\":{\"@type\":\"ContactPoint\",\"telephone\":\"+905344155256\",\"email\":\"info@efeshukuk.com\"},\"openingHoursSpecification\":[{\"@type\":\"OpeningHoursSpecification\",\"dayOfWeek\":[\"Monday\",\"Tuesday\",\"Wednesday\",\"Thursday\",\"Friday\"],\"opens\":\"09:00\",\"closes\":\"18:00\"},{\"@type\":\"OpeningHoursSpecification\",\"dayOfWeek\":[\"Saturday\",\"Sunday\"],\"opens\":\"00:00\",\"closes\":\"00:00\"}],\"email\":\"info@efeshukuk.com\"},{\"@type\":\"Person\",\"@id\":\"https:\\\/\\\/efeshukuk.com\\\/#\\\/schema\\\/person\\\/3669273e38fd03f3f3ca1d7225da67ac\",\"name\":\"Av. Mustafa Yolcu\",\"image\":{\"@type\":\"ImageObject\",\"inLanguage\":\"en-US\",\"@id\":\"https:\\\/\\\/secure.gravatar.com\\\/avatar\\\/0870d5084e90c1476b180296601f5d8b1406305a23f86e567dfdfe264922c60d?s=96&d=retro&r=g\",\"url\":\"https:\\\/\\\/secure.gravatar.com\\\/avatar\\\/0870d5084e90c1476b180296601f5d8b1406305a23f86e567dfdfe264922c60d?s=96&d=retro&r=g\",\"contentUrl\":\"https:\\\/\\\/secure.gravatar.com\\\/avatar\\\/0870d5084e90c1476b180296601f5d8b1406305a23f86e567dfdfe264922c60d?s=96&d=retro&r=g\",\"caption\":\"Av. Mustafa Yolcu\"},\"sameAs\":[\"http:\\\/\\\/www.efeshukuk.com\"],\"url\":\"https:\\\/\\\/efeshukuk.com\\\/en\\\/author\\\/yztyi2\\\/\"},{\"@type\":\"PostalAddress\",\"@id\":\"https:\\\/\\\/efeshukuk.com\\\/fotograf-ve-telif-hukuku\\\/#local-main-place-address\",\"streetAddress\":\"Nergiz Mahallesi Girne Blv No:83, Kat 2 D 2, 35600 Kar\u015f\u0131yaka\",\"addressLocality\":\"\u0130zmir\",\"postalCode\":\"35600\",\"addressCountry\":\"TR\"},{\"@type\":\"ImageObject\",\"inLanguage\":\"en-US\",\"@id\":\"https:\\\/\\\/efeshukuk.com\\\/fotograf-ve-telif-hukuku\\\/#local-main-organization-logo\",\"url\":\"https:\\\/\\\/efeshukuk.com\\\/wp-content\\\/uploads\\\/2020\\\/11\\\/5.png\",\"contentUrl\":\"https:\\\/\\\/efeshukuk.com\\\/wp-content\\\/uploads\\\/2020\\\/11\\\/5.png\",\"width\":500,\"height\":500,\"caption\":\"Efes Hukuk B\u00fcrosu\"}]}<\/script>\n<meta name=\"geo.placename\" content=\"\u0130zmir\" \/>\n<meta name=\"geo.position\" content=\"38.467687;27.109998\" \/>\n<meta name=\"geo.region\" content=\"Turkey\" \/>\n<!-- \/ Yoast SEO Premium plugin. -->","yoast_head_json":{"title":"Foto\u011fraf ve Telif Hukuku - Efes Hukuk B\u00fcrosu | \u0130zmir Avukat","description":"Foto\u011fraf ve Telif Hukuku, internette arama motorlar\u0131 \u00fczerinden veya 3. ki\u015filerin internet siteleri \u00fczerinden elde etti\u011finiz foto\u011fraf...","robots":{"index":"index","follow":"follow","max-snippet":"max-snippet:-1","max-image-preview":"max-image-preview:large","max-video-preview":"max-video-preview:-1"},"canonical":"https:\/\/efeshukuk.com\/en\/fotograf-ve-telif-hukuku\/","og_locale":"en_US","og_type":"article","og_title":"Foto\u011fraf ve Telif Hukuku","og_description":"\u00d6nemle uyarmak gerekir ki internet \u00fczerinden elde etti\u011finiz bir foto\u011fraf\u0131 kullanmak sureti ile Fikir ve Sanat Eserleri Kanunu ba\u015fta olmak \u00fczere, T\u00fcrk Ceza Kanunu ve Ki\u015fisel Verilerin Korunmas\u0131 Kanunu kapsam\u0131nda bir \u00e7ok ihlal ger\u00e7ekle\u015ftirebilir; idari ve cezai yapt\u0131r\u0131m ile kar\u015f\u0131la\u015fabilirsiniz.","og_url":"https:\/\/efeshukuk.com\/en\/fotograf-ve-telif-hukuku\/","og_site_name":"Efes Hukuk B\u00fcrosu","article_publisher":"https:\/\/www.facebook.com\/efeshukukburosu","article_published_time":"2021-04-22T04:30:01+00:00","article_modified_time":"2021-06-24T05:54:39+00:00","og_image":[{"url":"https:\/\/www.efeshukuk.com\/wp-content\/uploads\/2021\/06\/32-1-1024x538.jpg","type":"","width":"","height":""}],"author":"Av. Mustafa Yolcu","twitter_card":"summary_large_image","twitter_misc":{"Written by":"Av. Mustafa Yolcu","Est. reading time":"3 minutes"},"schema":{"@context":"https:\/\/schema.org","@graph":[{"@type":"Article","@id":"https:\/\/efeshukuk.com\/fotograf-ve-telif-hukuku\/#article","isPartOf":{"@id":"https:\/\/efeshukuk.com\/fotograf-ve-telif-hukuku\/"},"author":{"name":"Av. Mustafa Yolcu","@id":"https:\/\/efeshukuk.com\/#\/schema\/person\/3669273e38fd03f3f3ca1d7225da67ac"},"headline":"Foto\u011fraf ve Telif Hukuku","datePublished":"2021-04-22T04:30:01+00:00","dateModified":"2021-06-24T05:54:39+00:00","mainEntityOfPage":{"@id":"https:\/\/efeshukuk.com\/fotograf-ve-telif-hukuku\/"},"wordCount":808,"commentCount":0,"publisher":{"@id":"https:\/\/efeshukuk.com\/#organization"},"image":{"@id":"https:\/\/efeshukuk.com\/fotograf-ve-telif-hukuku\/#primaryimage"},"thumbnailUrl":"https:\/\/www.efeshukuk.com\/wp-content\/uploads\/2021\/06\/32-1-1024x538.jpg","keywords":["foto\u011fraf","hukuk","telif"],"articleSection":["Fikri ve Sinai M\u00fclkiyet Hukuku"],"inLanguage":"en-US","potentialAction":[{"@type":"CommentAction","name":"Comment","target":["https:\/\/efeshukuk.com\/fotograf-ve-telif-hukuku\/#respond"]}]},{"@type":"WebPage","@id":"https:\/\/efeshukuk.com\/fotograf-ve-telif-hukuku\/","url":"https:\/\/efeshukuk.com\/fotograf-ve-telif-hukuku\/","name":"Foto\u011fraf ve Telif Hukuku - Efes Hukuk B\u00fcrosu | \u0130zmir Avukat","isPartOf":{"@id":"https:\/\/efeshukuk.com\/#website"},"primaryImageOfPage":{"@id":"https:\/\/efeshukuk.com\/fotograf-ve-telif-hukuku\/#primaryimage"},"image":{"@id":"https:\/\/efeshukuk.com\/fotograf-ve-telif-hukuku\/#primaryimage"},"thumbnailUrl":"https:\/\/www.efeshukuk.com\/wp-content\/uploads\/2021\/06\/32-1-1024x538.jpg","datePublished":"2021-04-22T04:30:01+00:00","dateModified":"2021-06-24T05:54:39+00:00","description":"Foto\u011fraf ve Telif Hukuku, internette arama motorlar\u0131 \u00fczerinden veya 3. ki\u015filerin internet siteleri \u00fczerinden elde etti\u011finiz foto\u011fraf...","breadcrumb":{"@id":"https:\/\/efeshukuk.com\/fotograf-ve-telif-hukuku\/#breadcrumb"},"inLanguage":"en-US","potentialAction":[{"@type":"ReadAction","target":["https:\/\/efeshukuk.com\/fotograf-ve-telif-hukuku\/"]}]},{"@type":"ImageObject","inLanguage":"en-US","@id":"https:\/\/efeshukuk.com\/fotograf-ve-telif-hukuku\/#primaryimage","url":"https:\/\/www.efeshukuk.com\/wp-content\/uploads\/2021\/06\/32-1-1024x538.jpg","contentUrl":"https:\/\/www.efeshukuk.com\/wp-content\/uploads\/2021\/06\/32-1-1024x538.jpg"},{"@type":"BreadcrumbList","@id":"https:\/\/efeshukuk.com\/fotograf-ve-telif-hukuku\/#breadcrumb","itemListElement":[{"@type":"ListItem","position":1,"name":"Ana sayfa","item":"https:\/\/efeshukuk.com\/"},{"@type":"ListItem","position":2,"name":"Foto\u011fraf ve Telif Hukuku"}]},{"@type":"WebSite","@id":"https:\/\/efeshukuk.com\/#website","url":"https:\/\/efeshukuk.com\/","name":"Ephesus Law Firm","description":"Your Lawyer in Izmir","publisher":{"@id":"https:\/\/efeshukuk.com\/#organization"},"potentialAction":[{"@type":"SearchAction","target":{"@type":"EntryPoint","urlTemplate":"https:\/\/efeshukuk.com\/?s={search_term_string}"},"query-input":{"@type":"PropertyValueSpecification","valueRequired":true,"valueName":"search_term_string"}}],"inLanguage":"en-US"},{"@type":["Organization","Place","LegalService"],"@id":"https:\/\/efeshukuk.com\/#organization","name":"Ephesus Law Firm","url":"https:\/\/efeshukuk.com\/","logo":{"@id":"https:\/\/efeshukuk.com\/fotograf-ve-telif-hukuku\/#local-main-organization-logo"},"image":{"@id":"https:\/\/efeshukuk.com\/fotograf-ve-telif-hukuku\/#local-main-organization-logo"},"sameAs":["https:\/\/www.facebook.com\/efeshukukburosu","https:\/\/www.instagram.com\/efeshukukburosu\/","https:\/\/www.linkedin.com\/company\/efes-law\/"],"description":"Efes Law Firm provides effective and solution-oriented legal consultancy services to individual and corporate clients with its team of lawyers specializing in various legal fields. With lawyers possessing in-depth knowledge in numerous areas such as commercial law, consumer law, family law, and enforcement and bankruptcy law, we aim to best protect our clients&#039; rights. We closely follow legal developments worldwide and meticulously analyze every new issue. We support our clients in making informed decisions by establishing trust-based, transparent, and close communication with them. With our academically qualified partners and expert lawyers, we are committed to working in accordance with the law, professional ethics, and the principles and reforms of Atat\u00fcrk.","legalName":"Efes Hukuk B\u00fcrosu","numberOfEmployees":{"@type":"QuantitativeValue","minValue":"1","maxValue":"10"},"address":{"@id":"https:\/\/efeshukuk.com\/fotograf-ve-telif-hukuku\/#local-main-place-address"},"geo":{"@type":"GeoCoordinates","latitude":"38.467687","longitude":"27.109998"},"telephone":["+905344155256"],"contactPoint":{"@type":"ContactPoint","telephone":"+905344155256","email":"info@efeshukuk.com"},"openingHoursSpecification":[{"@type":"OpeningHoursSpecification","dayOfWeek":["Monday","Tuesday","Wednesday","Thursday","Friday"],"opens":"09:00","closes":"18:00"},{"@type":"OpeningHoursSpecification","dayOfWeek":["Saturday","Sunday"],"opens":"00:00","closes":"00:00"}],"email":"info@efeshukuk.com"},{"@type":"Person","@id":"https:\/\/efeshukuk.com\/#\/schema\/person\/3669273e38fd03f3f3ca1d7225da67ac","name":"Mustafa Yolcu","image":{"@type":"ImageObject","inLanguage":"en-US","@id":"https:\/\/secure.gravatar.com\/avatar\/0870d5084e90c1476b180296601f5d8b1406305a23f86e567dfdfe264922c60d?s=96&d=retro&r=g","url":"https:\/\/secure.gravatar.com\/avatar\/0870d5084e90c1476b180296601f5d8b1406305a23f86e567dfdfe264922c60d?s=96&d=retro&r=g","contentUrl":"https:\/\/secure.gravatar.com\/avatar\/0870d5084e90c1476b180296601f5d8b1406305a23f86e567dfdfe264922c60d?s=96&d=retro&r=g","caption":"Av. Mustafa Yolcu"},"sameAs":["http:\/\/www.efeshukuk.com"],"url":"https:\/\/efeshukuk.com\/en\/author\/yztyi2\/"},{"@type":"PostalAddress","@id":"https:\/\/efeshukuk.com\/fotograf-ve-telif-hukuku\/#local-main-place-address","streetAddress":"Nergiz Mahallesi Girne Blv No:83, Kat 2 D 2, 35600 Kar\u015f\u0131yaka","addressLocality":"\u0130zmir","postalCode":"35600","addressCountry":"TR"},{"@type":"ImageObject","inLanguage":"en-US","@id":"https:\/\/efeshukuk.com\/fotograf-ve-telif-hukuku\/#local-main-organization-logo","url":"https:\/\/efeshukuk.com\/wp-content\/uploads\/2020\/11\/5.png","contentUrl":"https:\/\/efeshukuk.com\/wp-content\/uploads\/2020\/11\/5.png","width":500,"height":500,"caption":"Efes Hukuk B\u00fcrosu"}]},"geo.placename":"\u0130zmir","geo.position":{"lat":"38.467687","long":"27.109998"},"geo.region":"Turkey"},"amp_enabled":true,"_links":{"self":[{"href":"https:\/\/efeshukuk.com\/en\/wp-json\/wp\/v2\/posts\/4988","targetHints":{"allow":["GET"]}}],"collection":[{"href":"https:\/\/efeshukuk.com\/en\/wp-json\/wp\/v2\/posts"}],"about":[{"href":"https:\/\/efeshukuk.com\/en\/wp-json\/wp\/v2\/types\/post"}],"author":[{"embeddable":true,"href":"https:\/\/efeshukuk.com\/en\/wp-json\/wp\/v2\/users\/1"}],"replies":[{"embeddable":true,"href":"https:\/\/efeshukuk.com\/en\/wp-json\/wp\/v2\/comments?post=4988"}],"version-history":[{"count":0,"href":"https:\/\/efeshukuk.com\/en\/wp-json\/wp\/v2\/posts\/4988\/revisions"}],"wp:attachment":[{"href":"https:\/\/efeshukuk.com\/en\/wp-json\/wp\/v2\/media?parent=4988"}],"wp:term":[{"taxonomy":"category","embeddable":true,"href":"https:\/\/efeshukuk.com\/en\/wp-json\/wp\/v2\/categories?post=4988"},{"taxonomy":"post_tag","embeddable":true,"href":"https:\/\/efeshukuk.com\/en\/wp-json\/wp\/v2\/tags?post=4988"}],"curies":[{"name":"wp","href":"https:\/\/api.w.org\/{rel}","templated":true}]}}