{"id":3511,"date":"2021-02-24T13:15:38","date_gmt":"2021-02-24T10:15:38","guid":{"rendered":"https:\/\/www.efeshukuk.com\/?p=3511"},"modified":"2021-06-24T09:24:01","modified_gmt":"2021-06-24T06:24:01","slug":"yargitay-kararlari-kapsaminda-malpraktis","status":"publish","type":"post","link":"https:\/\/efeshukuk.com\/en\/yargitay-kararlari-kapsaminda-malpraktis\/","title":{"rendered":"Malpractice within the Scope of Supreme Court Decisions"},"content":{"rendered":"<div class=\"wp-block-image\"><figure class=\"aligncenter size-large\"><img loading=\"lazy\" decoding=\"async\" width=\"1024\" height=\"538\" src=\"https:\/\/www.efeshukuk.com\/wp-content\/uploads\/2021\/06\/91-1024x538.jpg\" alt=\"Yarg\u0131tay Kararlar\u0131 Kapsam\u0131nda Malpraktis\" class=\"wp-image-5681\" srcset=\"https:\/\/efeshukuk.com\/wp-content\/uploads\/2021\/06\/91-1024x538.jpg 1024w, https:\/\/efeshukuk.com\/wp-content\/uploads\/2021\/06\/91-300x158.jpg 300w, https:\/\/efeshukuk.com\/wp-content\/uploads\/2021\/06\/91-768x403.jpg 768w, https:\/\/efeshukuk.com\/wp-content\/uploads\/2021\/06\/91-16x8.jpg 16w, https:\/\/efeshukuk.com\/wp-content\/uploads\/2021\/06\/91.jpg 1200w\" sizes=\"auto, (max-width: 1024px) 100vw, 1024px\" \/><\/figure><\/div>\n\n\n\n<h2 class=\"wp-block-heading\">Malpractice within the Scope of Supreme Court Decisions <\/h2>\n\n\n\n<p class=\"has-black-color has-text-color\"><strong>Yarg\u0131tay 4. Hukuk Dairesi E.&nbsp;1976\/692 K. 1976\/11046<\/strong><\/p>\n\n\n\n<p class=\"has-text-align-justify has-black-color has-text-color\">...The defendant is an oral surgeon. The injury he caused was outside his area of expertise, but allegedly stemmed from the misuse of the equipment he was authorized to use. While in some cases, particularly in the medical profession, the health council is obligated to provide the final and definitive opinion, the report issued by this high council does not correspond to the incident and its consequences. The report states that the malfunctions resulted from (the patient&#039;s constitutional causes, personal predisposition, and hypersensitivity to radiation). However, the specialist physician should consider the patient&#039;s constitution, personal condition, and hypersensitivity to radiation beforehand and conduct the treatment in a way that will eliminate the consequences of these effects. It is impossible for the health council to accept that a doctor cannot be held responsible for the consequences of an effect caused by a specialist without any examination of the patient&#039;s constitution, personal condition, and hypersensitivity to radiation. Otherwise, there would be no difference between the damage caused by a doctor, a technician, or a worker. <strong><u>The specialist doctor must work in a way that eliminates all three of these dangers. If he fails to do so, or if his efforts lead to such a result, he will be held responsible\u2026<\/u><\/strong><\/p>\n\n\n\n<p class=\"has-black-color has-text-color\"><strong>Yarg\u0131tay 2. Ceza Dairesi E.&nbsp;1996\/268 K. 1996\/1025<\/strong><\/p>\n\n\n\n<p class=\"has-text-align-justify has-black-color has-text-color\">...The hospital&#039;s Anesthesia and Reanimation department is responsible for personally preparing the anesthesia procedures before the surgery, being present and performing the surgery itself, and supervising the technicians. <strong>Uzman\u0131 Dr. San\u0131k Mehmet&#8217;in, bu g\u00f6revlerin hi\u00e7 birini yerine getirmemek ve ba\u015ftan sona \u00f6zensiz ve denetimsiz davranmakla, olayda asli kusurlu olmas\u0131 gerekti\u011fi,<\/strong> anestezi teknisyeni san\u0131klar H\u00fcsniye ile Bediha&#8217;n\u0131n da anestezi cihaz\u0131n\u0131 ve ameliyat masas\u0131n\u0131 ameliyattan \u00f6nce kontrolle ameliyata haz\u0131r hale getirmek, oksijen ve azotperoksit t\u00fcplerinin dolu olup olmad\u0131\u011f\u0131n\u0131 kontrol etmekle ve ameliyat esnas\u0131nda de\u011fi\u015ftirilen oksijen t\u00fcp\u00fcn\u00fc de bizzat de\u011fi\u015ftirmekle g\u00f6revli olduklar\u0131 halde, ameliyat \u00f6ncesinde bunlar\u0131 yapmayarak bir saatlik ameliyatta 15 dakikal\u0131k oksijen kald\u0131\u011f\u0131n\u0131 ancak ameliyat esnas\u0131nda farkedip, kendileri yerine yetkisiz hizmetliye t\u00fcp\u00fc de\u011fi\u015ftirtmek ve t\u00fcm ay\u0131r\u0131c\u0131 \u00f6zelliklerine ra\u011fmen kontrol etmemekle, s\u0131fatlar\u0131 ve konumlar\u0131 itibariyle <strong>While not to the same extent as a specialist doctor, it did have significant and substantial flaws.<\/strong>\u2026<\/p>\n\n\n\n<p class=\"has-black-color has-text-color\"><strong>Yarg\u0131tay 4. Hukuk Dairesi E.&nbsp;1993\/8557 K. 1994\/2138<\/strong><\/p>\n\n\n\n<p class=\"has-text-align-justify has-black-color has-text-color\"><strong>Therefore, all shortcomings (even minor ones) within a doctor&#039;s professional field should be considered an element of responsibility. Doctors are obligated to exercise not only professional but also general life experience-based care and diligence, as is expected of anyone, to prevent harm to their patients. While conducting medical practice, doctors must fulfill certain professional requirements, assess the patient&#039;s condition, observe and apply the rules of medical science, and administer treatment while taking all necessary precautions.<\/strong> In cases where there is even the slightest hesitation, the doctor is obligated to conduct research to alleviate that hesitation and, in the meantime, take preventive measures. When choosing among various treatment methods, the doctor must consider the patient&#039;s characteristics, avoid putting them at unnecessary risk, and opt for the safest course of action.<\/p>\n\n\n\n<p class=\"has-text-align-justify has-black-color has-text-color\">In reality, a client who trusts a professional, specifically a doctor acting as their representative, is justified in expecting meticulous care and attention. A representative who fails to exercise this meticulous care should be considered to have failed to properly fulfill their mandate, in accordance with Article 394\/1 of the Turkish Code of Civil Procedure.<\/p>\n\n\n\n<p class=\"has-black-color has-text-color\"><strong>Supreme Court of Appeals, 4th Civil Chamber, Case No. 2016\/3362, Decision No. 2016\/6615<\/strong><\/p>\n\n\n\n<p class=\"has-text-align-justify has-black-color has-text-color\">Davac\u0131n\u0131n meydana gelen olay sebebiyle \u00fc\u00e7&nbsp;di\u015fini ve bu&nbsp;di\u015fleri \u00e7evreleyen kemik dokusunu kaybetti\u011fi ve \u00fcst \u00e7enesinde bu sebeple bo\u015fluk olu\u015ftu\u011fu anla\u015f\u0131lmaktad\u0131r. Daval\u0131&nbsp;hekimin&nbsp;di\u015f&nbsp;\u00e7ekimi s\u0131ras\u0131nda \u00fcst \u00e7ene tespitini yeterince sa\u011flamad\u0131\u011f\u0131, kopan \u00e7ene kemi\u011finin yeniden olu\u015fmas\u0131n\u0131n m\u00fcmk\u00fcn olmad\u0131\u011f\u0131, m\u00fcdahale sonras\u0131 b\u00f6lgenin s\u00fct\u00fcre edilerek ileri bir merkeze y\u00f6nlendirme yap\u0131lmas\u0131 gerekirken bunun yerine getirilmedi\u011fi ve&nbsp;hekimin kusurlu eylemi sonucu davac\u0131n\u0131n zarara u\u011frad\u0131\u011f\u0131 sabittir.<\/p>\n\n\n\n<p class=\"has-text-align-justify has-black-color has-text-color\">The plaintiff requested a court to determine whether the gap in their jaw could be corrected with treatments such as prosthetics or implants, the cost of such treatment, the frequency with which the prosthesis would need to be replaced, and the cost of replacements, and to award compensation for these costs. However, the court did not conduct any examination or evaluation in this regard. It cannot be expected that the individual would have the treatment done themselves, obtain invoices and documentation, and then demand compensation for this amount from the perpetrator of the wrongful act.<\/p>\n\n\n\n<p class=\"has-text-align-justify has-black-color has-text-color\">Mahkemece yap\u0131lacak i\u015f; davac\u0131y\u0131 \u00fcniversite&nbsp;di\u015f&nbsp;hekimli\u011fi fak\u00fcltesinde g\u00f6revli bilirki\u015fi heyetine mevcutlu olarak g\u00f6nderip muayenesini yapt\u0131rmak, <strong>davaya konu&nbsp;di\u015f&nbsp;\u00e7ekimi sebebiyle meydana gelen olumsuzlu\u011fun giderilmesi i\u00e7in yap\u0131labilecek tedavileri sorup giderini hesaplatt\u0131rmak, ayr\u0131ca yap\u0131lacak i\u015flemin yenilenmesi gerekip gerekmedi\u011fini ve gerekmesi halinde yenileme giderlerinin ne kadar olaca\u011f\u0131n\u0131 tespit ettirmek, davac\u0131n\u0131n talebini de g\u00f6zeterek bu miktara karar vermektir. <\/strong>Requiring documentation of the damages is incorrect. The judgment was rendered based on flawed reasoning and insufficient investigation, which is contrary to procedure and law; therefore, the decision must be overturned.<\/p>\n\n\n\n<p class=\"has-black-color has-text-color\"><strong>Court of Cassation, 3rd Civil Chamber, Case No. 2013\/11554, Decision No. 2013\/13257<\/strong><\/p>\n\n\n\n<p class=\"has-text-align-justify has-black-color has-text-color\"><strong><u>Haks\u0131z eylem ve kaza sonucu yaralanan ki\u015fi, t\u00fcm\u00fc ile iyile\u015fip eski sa\u011fl\u0131\u011f\u0131na kavu\u015funcaya kadar yapt\u0131\u011f\u0131 ve ileride yapaca\u011f\u0131 t\u00fcm&nbsp;masraflar\u0131&nbsp;isteyebilir. Bunun t\u0131bb\u0131&nbsp;tedavi&nbsp;ile s\u0131n\u0131rl\u0131 b\u00f6l\u00fcm\u00fcne &#8220;tedavi giderleri&#8221; ve eski sa\u011fl\u0131\u011f\u0131na kavu\u015fup yeniden \u00e7al\u0131\u015fmaya ve g\u00fcnl\u00fck i\u015flerini s\u00fcrd\u00fcrebilecek duruma gelinceye kadar yapt\u0131\u011f\u0131 ve yapaca\u011f\u0131 t\u00fcm masraflara &#8220;iyile\u015fme giderleri&#8221; denilmektedir<\/u><\/strong>. <a href=\"https:\/\/www.mevzuat.gov.tr\/mevzuat?MevzuatNo=6098&amp;MevzuatTur=1&amp;MevzuatTertip=5\" target=\"_blank\" rel=\"noreferrer noopener\">Law of Obligations<\/a> 46.maddesi 1.f\u0131kras\u0131nda, zarar g\u00f6rene, kapsam\u0131n\u0131 belirtmeksizin &#8220;b\u00fct\u00fcn&nbsp;masraflar\u0131n\u0131&#8221; isteme hakk\u0131 tan\u0131nm\u0131\u015ft\u0131r. (&nbsp;6098&nbsp;say\u0131l\u0131 <a href=\"https:\/\/www.mevzuat.gov.tr\/mevzuat?MevzuatNo=6098&amp;MevzuatTur=1&amp;MevzuatTertip=5\" target=\"_blank\" rel=\"noreferrer noopener\">TBK&#8217;nun&nbsp;<\/a><a href=\"http:\/\/www.kazanci.com\/kho2\/ibb\/files\/tc6098.htm#54\">54<\/a>. maddesinde bedensel zararlar&nbsp;tedavi&nbsp;giderleri, kazan\u00e7 kayb\u0131, \u00e7al\u0131\u015fma g\u00fcc\u00fcn\u00fcn azalmas\u0131ndan ya da yitirilmesinden do\u011fan kay\u0131plar, ekonomik gelece\u011fin sars\u0131lmas\u0131ndan do\u011fan kay\u0131plar olarak a\u00e7\u0131k\u00e7a belirlenmi\u015ftir. ) Masraflar kavram\u0131n\u0131n kapsam\u0131na, zarar g\u00f6renin, beden b\u00fct\u00fcnl\u00fc\u011f\u00fcn\u00fc eski haline getirmeye, yani iyile\u015fmeyi sa\u011flamaya veya hastal\u0131k ya da sakatl\u0131\u011f\u0131n artmas\u0131n\u0131 \u00f6nlemeye y\u00f6nelik harcamak durumunda oldu\u011fu ve ileride harcamas\u0131 olas\u0131 b\u00fct\u00fcn masraflar girer. \u0130lerde yap\u0131lmas\u0131 zorunlu&nbsp;tedavi&nbsp;giderleri &#8220;ger\u00e7ekle\u015fmi\u015f zarar&#8221; niteli\u011finde olup uzman bilirki\u015fiye hesaplat\u0131larak h\u00fck\u00fcm alt\u0131na al\u0131nmal\u0131d\u0131r.<\/p>\n\n\n\n<p class=\"has-black-color has-text-color\">Other works that may be of interest to you;<\/p>\n\n\n\n<ul class=\"wp-block-list\">\n<li><a href=\"https:\/\/efeshukuk.com\/en\/hasta-haklari\/\">Patient Rights &amp; What Are My Rights as a Patient?<\/a><\/li>\n\n\n\n<li><a href=\"https:\/\/efeshukuk.com\/en\/yargitay-kararlari-kapsaminda-malpraktis\/\">Malpractice within the Scope of Supreme Court Decisions<\/a><\/li>\n\n\n\n<li><a href=\"https:\/\/efeshukuk.com\/en\/estetik-ameliyatlarda-doktorun-sorumlulugu\/\">What are the Patients Rights in an Aesthetic Surgery?<\/a><\/li>\n\n\n\n<li><a href=\"https:\/\/efeshukuk.com\/en\/organ-bagisi-hukuku\/\">Tissue and Organ Transplantation in Health Law<\/a><\/li>\n\n\n\n<li><a href=\"https:\/\/efeshukuk.com\/en\/malpraktis-tazminat-davasi\/\">Malpractice Compensation Lawsuits: Frequently Asked Questions<\/a><\/li>\n\n\n\n<li><a href=\"https:\/\/efeshukuk.com\/en\/saglik-calisanlarinin-haklari\/\">What are the rights of healthcare workers?<\/a><\/li>\n\n\n\n<li><a href=\"https:\/\/efeshukuk.com\/en\/malpraktis-nedir\/\">What is malpractice?<\/a><\/li>\n<\/ul>\n\n\n\n<div class=\"wp-block-media-text alignwide is-stacked-on-mobile\" style=\"grid-template-columns:30% auto\"><figure class=\"wp-block-media-text__media\"><img loading=\"lazy\" decoding=\"async\" width=\"720\" height=\"720\" src=\"https:\/\/www.efeshukuk.com\/wp-content\/uploads\/2021\/01\/Ephesus-Law-Firm-3.jpg\" alt=\"Logo\" class=\"wp-image-1057 size-full\" srcset=\"\" sizes=\"auto, (max-width: 720px) 100vw, 720px\" data-srcset=\"\" \/><\/figure><div class=\"wp-block-media-text__content\">\n<p class=\"has-black-color has-text-color translation-block\"><strong>Address:<\/strong> Nergis Neighborhood, Girne Boulevard No: 83, Floor 2, Apartment 2, Kar\u015f\u0131yaka, \u0130zmir<\/p>\n\n\n\n<p class=\"has-black-color has-text-color\"><strong>E-mail<\/strong>: <a href=\"mailto:contact@example.com\"><span class=\"has-inline-color has-vivid-cyan-blue-color\">info@efeshukuk.com<\/span><\/a><\/p>\n\n\n\n<p class=\"has-black-color has-text-color\"><strong>Phone<\/strong>: +90 534 415 52 56<\/p>\n\n\n\n<style>\n\/* --- Sosyal ve \u0130leti\u015fim \u0130kon Kapsay\u0131c\u0131 --- *\/\n.efes-social-wrapper {\n    display: flex;\n    gap: 12px;\n    justify-content: flex-start; \/* Sola yaslar, kart i\u00e7inde kullanacaksan\u0131z center yapabilirsiniz *\/\n    padding: 20px 0;\n    background: #ffffff;\n    flex-wrap: wrap; \/* Mobilde ta\u015fma yapmamas\u0131 i\u00e7in *\/\n}\n\n\/* --- \u0130kon Buton Stili --- *\/\n.efes-social-btn {\n    width: 40px;\n    height: 40px;\n    display: flex;\n    align-items: center;\n    justify-content: center;\n    text-decoration: none;\n    border-radius: 6px;\n    transition: all 0.3s ease;\n    border: 1px solid #e0e0e0;\n    background: #ffffff;\n}\n\n\/* --- SVG \u0130kon Renkleri --- *\/\n.efes-social-btn svg {\n    width: 20px;\n    height: 20px;\n    fill: #000000;\n    transition: all 0.3s ease;\n}\n\n\/* --- Hover Efekti --- *\/\n.efes-social-btn:hover {\n    background-color: #000000;\n    border-color: #000000;\n    transform: translateY(-3px);\n}\n\n.efes-social-btn:hover svg {\n    fill: #ffffff;\n}\n\n\/* --- Mobil D\u00fczenleme --- *\/\n@media (max-width: 768px) {\n    .efes-social-btn { width: 38px; height: 38px; }\n}\n<\/style>\n\n<div class=\"efes-social-wrapper\">\n    <a href=\"https:\/\/facebook.com\/efeshukukburosu\" class=\"efes-social-btn\" target=\"_blank\" rel=\"noopener\" aria-label=\"Facebook\">\n        <svg viewbox=\"0 0 24 24\"><path d=\"M18 2h-3a5 5 0 0 0-5 5v3H7v4h3v8h4v-8h3l1-4h-4V7a1 1 0 0 1 1-1h3z\"><\/path><\/svg>\n    <\/a>\n\n    <a href=\"https:\/\/linkedin.com\/company\/efeshukuk\/\" class=\"efes-social-btn\" target=\"_blank\" rel=\"noopener\" aria-label=\"LinkedIn\">\n        <svg viewbox=\"0 0 24 24\"><path d=\"M16 8a6 6 0 0 1 6 6v7h-4v-7a2 2 0 0 0-2-2 2 2 0 0 0-2 2v7h-4v-7a6 6 0 0 1 6-6z\"><\/path><rect x=\"2\" y=\"9\" width=\"4\" height=\"12\"><\/rect><circle cx=\"4\" cy=\"4\" r=\"2\"><\/circle><\/svg>\n    <\/a>\n\n    <a href=\"https:\/\/instagram.com\/efeshukukburosu\" class=\"efes-social-btn\" target=\"_blank\" rel=\"noopener\" aria-label=\"Instagram\">\n        <svg viewbox=\"0 0 24 24\"><path d=\"M12 2.163c3.204 0 3.584.012 4.85.07 3.252.148 4.771 1.691 4.919 4.919.058 1.265.069 1.645.069 4.849 0 3.205-.012 3.584-.069 4.849-.149 3.225-1.664 4.771-4.919 4.919-1.266.058-1.644.07-4.85.07-3.204 0-3.584-.012-4.849-.07-3.26-.149-4.771-1.699-4.919-4.92-.058-1.265-.07-1.644-.07-4.849 0-3.204.013-3.583.07-4.849.149-3.227 1.664-4.771 4.919-4.919 1.266-.057 1.645-.069 4.849-.069zm0-2.163c-3.259 0-3.667.014-4.947.072-4.358.2-6.78 2.618-6.98 6.98-.059 1.281-.073 1.689-.073 4.948 0 3.259.014 3.668.072 4.948.2 4.358 2.618 6.78 6.98 6.98 1.281.058 1.689.072 4.948.072 3.259 0 3.668-.014 4.948-.072 4.354-.2 6.782-2.618 6.979-6.98.059-1.28.073-1.689.073-4.948 0-3.259-.014-3.667-.072-4.947-.196-4.354-2.617-6.78-6.979-6.98-1.281-.059-1.69-.073-4.949-.073zm0 5.838c-3.403 0-6.162 2.759-6.162 6.162s2.759 6.163 6.162 6.163 6.162-2.759 6.162-6.163-2.759-6.162-6.162-6.162zm0 10.162c-2.209 0-4-1.79-4-4 0-2.209 1.791-4 4-4s4 1.791 4 4c0 2.21-1.791 4-4 4zm6.406-11.845c-.796 0-1.441.645-1.441 1.44s.645 1.44 1.441 1.44c.795 0 1.439-.645 1.439-1.44s-.644-1.44-1.439-1.44z\"\/><\/svg>\n    <\/a>\n\n    <a href=\"mailto:info@efeshukuk.com\" class=\"efes-social-btn\" aria-label=\"Send Email\">\n        <svg viewbox=\"0 0 24 24\"><path d=\"M0 3v18h24v-18h-24zm6.623 7.929l-4.623 5.712v-9.458l4.623 3.746zm-4.141-5.929h19.035l-9.517 7.713-9.518-7.713zm5.694 7.188l3.824 3.099l3.83-3.104 5.612 8.138h-18.745l5.479-8.133zm8.171-1.259l4.653-3.771v9.487l-4.653-5.716z\"\/><\/svg>\n    <\/a>\n\n    <a href=\"https:\/\/www.google.com\/maps\/place\/Efes+Hukuk+B%C3%BCrosu+-+Kar%C5%9F%C4%B1yaka+Avukat\/@38.458734,27.107183,17z\/data=!3m1!4b1!4m6!3m5!1s0x14bbd9b483567e9d:0xdad9b9deb6d6c709!8m2!3d38.458734!4d27.107183!16s%2Fg%2F11r9ctjdcx?entry=ttu&#038;g_ep=EgoyMDI2MDMyNC4wIKXMDSoASAFQAw%3D%3D\" class=\"efes-social-btn\" target=\"_blank\" rel=\"noopener\" aria-label=\"View on Map\">\n        <svg viewbox=\"0 0 24 24\"><path d=\"M12 2C8.13 2 5 5.13 5 9c0 5.25 7 13 7 13s7-7.75 7-13c0-3.87-3.13-7-7-7zm0 9.5a2.5 2.5 0 0 1 0-5 2.5 2.5 0 0 1 0 5z\"\/><\/svg>\n    <\/a>\n\n    <a href=\"tel:+905344155256\" class=\"efes-social-btn\" aria-label=\"Call by phone\">\n        <svg viewbox=\"0 0 24 24\"><path d=\"M6.62 10.79a15.05 15.05 0 0 0 6.59 6.59l2.2-2.2c.27-.27.67-.36 1.02-.24 1.12.37 2.33.57 3.57.57.55 0 1 .45 1 1V20c0 .55-.45 1-1 1-9.39 0-17-7.61-17-17 0-.55.45-1 1-1h3.5c.55 0 1 .45 1 1 0 1.25.2 2.45.57 3.57.11.35.03.74-.25 1.02l-2.2 2.2z\"\/><\/svg>\n    <\/a>\n<\/div>\n<\/div><\/div>\n\n\n\n<p><strong>Tags: <\/strong>Malpractice within the Scope of Supreme Court Decisions | Malpractice | Wrongful Treatment | Supreme Court Malpractice | Lawyer in Izmir | Health Law | Izmir Law Firm<\/p>","protected":false},"excerpt":{"rendered":"<p>Doctors must exercise not only professional care but also the same level of attention and care that can be expected of anyone, based on their general life experience, to ensure that their patients do not suffer harm.<\/p>","protected":false},"author":1,"featured_media":0,"comment_status":"open","ping_status":"closed","sticky":false,"template":"","format":"standard","meta":{"footnotes":""},"categories":[149],"tags":[167,166,147,148,75],"class_list":["post-3511","post","type-post","status-publish","format-standard","hentry","category-saglik-hukuku","tag-doktor","tag-hasta","tag-malpraktis","tag-saglik-hukuku","tag-yargitay"],"yoast_head":"<!-- This site is optimized with the Yoast SEO Premium plugin v27.0 (Yoast SEO v27.5) - https:\/\/yoast.com\/product\/yoast-seo-premium-wordpress\/ -->\n<title>Yarg\u0131tay Kararlar\u0131 Kapsam\u0131nda Malpraktis - Efes Hukuk B\u00fcrosu<\/title>\n<meta name=\"description\" content=\"Yarg\u0131tay kararlar\u0131 kapsam\u0131nda malpraktis, hastalar\u0131n zarar g\u00f6rmemesi i\u00e7in mesleki ve hayat tecr\u00fcbesine g\u00f6re dikkat ve \u00f6zen g\u00f6sterilmelidir.\" \/>\n<meta name=\"robots\" content=\"index, follow, max-snippet:-1, max-image-preview:large, max-video-preview:-1\" \/>\n<link rel=\"canonical\" href=\"https:\/\/efeshukuk.com\/en\/yargitay-kararlari-kapsaminda-malpraktis\/\" \/>\n<meta property=\"og:locale\" content=\"en_US\" \/>\n<meta property=\"og:type\" content=\"article\" \/>\n<meta property=\"og:title\" content=\"Yarg\u0131tay Kararlar\u0131 Kapsam\u0131nda Malpraktis\" \/>\n<meta property=\"og:description\" content=\"Doktorlar hastalar\u0131n\u0131n zarar g\u00f6rmemesi i\u00e7in yanl\u0131z mesleki de\u011fil, genel hayat tecr\u00fcbelerine g\u00f6re herkese y\u00fcklenebilecek dikkat ve \u00f6zeni g\u00f6stermek zorundad\u0131rlar.\" \/>\n<meta property=\"og:url\" content=\"https:\/\/efeshukuk.com\/en\/yargitay-kararlari-kapsaminda-malpraktis\/\" \/>\n<meta property=\"og:site_name\" content=\"Efes Hukuk B\u00fcrosu\" \/>\n<meta property=\"article:publisher\" content=\"https:\/\/www.facebook.com\/efeshukukburosu\" \/>\n<meta property=\"article:published_time\" content=\"2021-02-24T10:15:38+00:00\" \/>\n<meta property=\"article:modified_time\" content=\"2021-06-24T06:24:01+00:00\" \/>\n<meta property=\"og:image\" content=\"https:\/\/www.efeshukuk.com\/wp-content\/uploads\/2021\/06\/91-1024x538.jpg\" \/>\n<meta name=\"author\" content=\"Av. Mustafa Yolcu\" \/>\n<meta name=\"twitter:card\" content=\"summary_large_image\" \/>\n<meta name=\"twitter:label1\" content=\"Written by\" \/>\n\t<meta name=\"twitter:data1\" content=\"Av. Mustafa Yolcu\" \/>\n\t<meta name=\"twitter:label2\" content=\"Est. reading time\" \/>\n\t<meta name=\"twitter:data2\" content=\"4 minutes\" \/>\n<script type=\"application\/ld+json\" class=\"yoast-schema-graph\">{\"@context\":\"https:\\\/\\\/schema.org\",\"@graph\":[{\"@type\":\"Article\",\"@id\":\"https:\\\/\\\/efeshukuk.com\\\/yargitay-kararlari-kapsaminda-malpraktis\\\/#article\",\"isPartOf\":{\"@id\":\"https:\\\/\\\/efeshukuk.com\\\/yargitay-kararlari-kapsaminda-malpraktis\\\/\"},\"author\":{\"name\":\"Av. Mustafa Yolcu\",\"@id\":\"https:\\\/\\\/efeshukuk.com\\\/#\\\/schema\\\/person\\\/3669273e38fd03f3f3ca1d7225da67ac\"},\"headline\":\"Yarg\u0131tay Kararlar\u0131 Kapsam\u0131nda Malpraktis\",\"datePublished\":\"2021-02-24T10:15:38+00:00\",\"dateModified\":\"2021-06-24T06:24:01+00:00\",\"mainEntityOfPage\":{\"@id\":\"https:\\\/\\\/efeshukuk.com\\\/yargitay-kararlari-kapsaminda-malpraktis\\\/\"},\"wordCount\":1168,\"commentCount\":0,\"publisher\":{\"@id\":\"https:\\\/\\\/efeshukuk.com\\\/#organization\"},\"image\":{\"@id\":\"https:\\\/\\\/efeshukuk.com\\\/yargitay-kararlari-kapsaminda-malpraktis\\\/#primaryimage\"},\"thumbnailUrl\":\"https:\\\/\\\/www.efeshukuk.com\\\/wp-content\\\/uploads\\\/2021\\\/06\\\/91-1024x538.jpg\",\"keywords\":[\"doktor\",\"hasta\",\"malpraktis\",\"sa\u011fl\u0131k hukuku\",\"Yarg\u0131tay\"],\"articleSection\":[\"Sa\u011fl\u0131k Hukuku\"],\"inLanguage\":\"en-US\",\"potentialAction\":[{\"@type\":\"CommentAction\",\"name\":\"Comment\",\"target\":[\"https:\\\/\\\/efeshukuk.com\\\/yargitay-kararlari-kapsaminda-malpraktis\\\/#respond\"]}]},{\"@type\":\"WebPage\",\"@id\":\"https:\\\/\\\/efeshukuk.com\\\/yargitay-kararlari-kapsaminda-malpraktis\\\/\",\"url\":\"https:\\\/\\\/efeshukuk.com\\\/yargitay-kararlari-kapsaminda-malpraktis\\\/\",\"name\":\"Yarg\u0131tay Kararlar\u0131 Kapsam\u0131nda Malpraktis - Efes Hukuk B\u00fcrosu\",\"isPartOf\":{\"@id\":\"https:\\\/\\\/efeshukuk.com\\\/#website\"},\"primaryImageOfPage\":{\"@id\":\"https:\\\/\\\/efeshukuk.com\\\/yargitay-kararlari-kapsaminda-malpraktis\\\/#primaryimage\"},\"image\":{\"@id\":\"https:\\\/\\\/efeshukuk.com\\\/yargitay-kararlari-kapsaminda-malpraktis\\\/#primaryimage\"},\"thumbnailUrl\":\"https:\\\/\\\/www.efeshukuk.com\\\/wp-content\\\/uploads\\\/2021\\\/06\\\/91-1024x538.jpg\",\"datePublished\":\"2021-02-24T10:15:38+00:00\",\"dateModified\":\"2021-06-24T06:24:01+00:00\",\"description\":\"Yarg\u0131tay kararlar\u0131 kapsam\u0131nda malpraktis, hastalar\u0131n zarar g\u00f6rmemesi i\u00e7in mesleki ve hayat tecr\u00fcbesine g\u00f6re dikkat ve \u00f6zen g\u00f6sterilmelidir.\",\"breadcrumb\":{\"@id\":\"https:\\\/\\\/efeshukuk.com\\\/yargitay-kararlari-kapsaminda-malpraktis\\\/#breadcrumb\"},\"inLanguage\":\"en-US\",\"potentialAction\":[{\"@type\":\"ReadAction\",\"target\":[\"https:\\\/\\\/efeshukuk.com\\\/yargitay-kararlari-kapsaminda-malpraktis\\\/\"]}]},{\"@type\":\"ImageObject\",\"inLanguage\":\"en-US\",\"@id\":\"https:\\\/\\\/efeshukuk.com\\\/yargitay-kararlari-kapsaminda-malpraktis\\\/#primaryimage\",\"url\":\"https:\\\/\\\/www.efeshukuk.com\\\/wp-content\\\/uploads\\\/2021\\\/06\\\/91-1024x538.jpg\",\"contentUrl\":\"https:\\\/\\\/www.efeshukuk.com\\\/wp-content\\\/uploads\\\/2021\\\/06\\\/91-1024x538.jpg\"},{\"@type\":\"BreadcrumbList\",\"@id\":\"https:\\\/\\\/efeshukuk.com\\\/yargitay-kararlari-kapsaminda-malpraktis\\\/#breadcrumb\",\"itemListElement\":[{\"@type\":\"ListItem\",\"position\":1,\"name\":\"Ana sayfa\",\"item\":\"https:\\\/\\\/efeshukuk.com\\\/\"},{\"@type\":\"ListItem\",\"position\":2,\"name\":\"Yarg\u0131tay Kararlar\u0131 Kapsam\u0131nda Malpraktis\"}]},{\"@type\":\"WebSite\",\"@id\":\"https:\\\/\\\/efeshukuk.com\\\/#website\",\"url\":\"https:\\\/\\\/efeshukuk.com\\\/\",\"name\":\"Efes Hukuk B\u00fcrosu\",\"description\":\"\u0130zmir&#039;deki Avukat\u0131n\u0131z\",\"publisher\":{\"@id\":\"https:\\\/\\\/efeshukuk.com\\\/#organization\"},\"potentialAction\":[{\"@type\":\"SearchAction\",\"target\":{\"@type\":\"EntryPoint\",\"urlTemplate\":\"https:\\\/\\\/efeshukuk.com\\\/?s={search_term_string}\"},\"query-input\":{\"@type\":\"PropertyValueSpecification\",\"valueRequired\":true,\"valueName\":\"search_term_string\"}}],\"inLanguage\":\"en-US\"},{\"@type\":[\"Organization\",\"Place\",\"LegalService\"],\"@id\":\"https:\\\/\\\/efeshukuk.com\\\/#organization\",\"name\":\"Efes Hukuk B\u00fcrosu\",\"url\":\"https:\\\/\\\/efeshukuk.com\\\/\",\"logo\":{\"@id\":\"https:\\\/\\\/efeshukuk.com\\\/yargitay-kararlari-kapsaminda-malpraktis\\\/#local-main-organization-logo\"},\"image\":{\"@id\":\"https:\\\/\\\/efeshukuk.com\\\/yargitay-kararlari-kapsaminda-malpraktis\\\/#local-main-organization-logo\"},\"sameAs\":[\"https:\\\/\\\/www.facebook.com\\\/efeshukukburosu\",\"https:\\\/\\\/www.instagram.com\\\/efeshukukburosu\\\/\",\"https:\\\/\\\/www.linkedin.com\\\/company\\\/efes-law\\\/\"],\"description\":\"Efes Hukuk B\u00fcrosu, farkl\u0131 hukuk alanlar\u0131nda uzmanla\u015fm\u0131\u015f avukat kadrosuyla bireysel ve kurumsal m\u00fcvekkillerine etkili ve \u00e7\u00f6z\u00fcm odakl\u0131 hukuki dan\u0131\u015fmanl\u0131k hizmeti sunmaktad\u0131r. Ticaret hukuku, t\u00fcketici hukuku, aile hukuku, icra ve iflas hukuku gibi bir\u00e7ok alanda derin bilgiye sahip avukatlar\u0131m\u0131zla; m\u00fcvekkillerimizin haklar\u0131n\u0131 en iyi \u015fekilde korumay\u0131 ama\u00e7l\u0131yoruz. D\u00fcnyadaki hukuki de\u011fi\u015fimleri yak\u0131ndan takip ediyor, her yeni sorunu titizlikle analiz ediyoruz. M\u00fcvekkillerimizle g\u00fcvene dayal\u0131, \u015feffaf ve yak\u0131n bir ileti\u015fim kurarak, do\u011fru kararlar almalar\u0131na destek oluyoruz. Akademik d\u00fczeyde \u00e7al\u0131\u015fan \u00e7\u00f6z\u00fcm ortaklar\u0131m\u0131z ve alan\u0131nda uzman avukatlar\u0131m\u0131zla; hukuka, meslek eti\u011fine ve Atat\u00fcrk ilke ve ink\u0131laplar\u0131na ba\u011fl\u0131 bir \u015fekilde \u00e7al\u0131\u015fmay\u0131 ilke ediniyoruz.\",\"legalName\":\"Efes Hukuk B\u00fcrosu\",\"numberOfEmployees\":{\"@type\":\"QuantitativeValue\",\"minValue\":\"1\",\"maxValue\":\"10\"},\"address\":{\"@id\":\"https:\\\/\\\/efeshukuk.com\\\/yargitay-kararlari-kapsaminda-malpraktis\\\/#local-main-place-address\"},\"geo\":{\"@type\":\"GeoCoordinates\",\"latitude\":\"38.467687\",\"longitude\":\"27.109998\"},\"telephone\":[\"+905344155256\"],\"contactPoint\":{\"@type\":\"ContactPoint\",\"telephone\":\"+905344155256\",\"email\":\"info@efeshukuk.com\"},\"openingHoursSpecification\":[{\"@type\":\"OpeningHoursSpecification\",\"dayOfWeek\":[\"Monday\",\"Tuesday\",\"Wednesday\",\"Thursday\",\"Friday\"],\"opens\":\"09:00\",\"closes\":\"18:00\"},{\"@type\":\"OpeningHoursSpecification\",\"dayOfWeek\":[\"Saturday\",\"Sunday\"],\"opens\":\"00:00\",\"closes\":\"00:00\"}],\"email\":\"info@efeshukuk.com\"},{\"@type\":\"Person\",\"@id\":\"https:\\\/\\\/efeshukuk.com\\\/#\\\/schema\\\/person\\\/3669273e38fd03f3f3ca1d7225da67ac\",\"name\":\"Av. Mustafa Yolcu\",\"image\":{\"@type\":\"ImageObject\",\"inLanguage\":\"en-US\",\"@id\":\"https:\\\/\\\/secure.gravatar.com\\\/avatar\\\/0870d5084e90c1476b180296601f5d8b1406305a23f86e567dfdfe264922c60d?s=96&d=retro&r=g\",\"url\":\"https:\\\/\\\/secure.gravatar.com\\\/avatar\\\/0870d5084e90c1476b180296601f5d8b1406305a23f86e567dfdfe264922c60d?s=96&d=retro&r=g\",\"contentUrl\":\"https:\\\/\\\/secure.gravatar.com\\\/avatar\\\/0870d5084e90c1476b180296601f5d8b1406305a23f86e567dfdfe264922c60d?s=96&d=retro&r=g\",\"caption\":\"Av. Mustafa Yolcu\"},\"sameAs\":[\"http:\\\/\\\/www.efeshukuk.com\"],\"url\":\"https:\\\/\\\/efeshukuk.com\\\/en\\\/author\\\/yztyi2\\\/\"},{\"@type\":\"PostalAddress\",\"@id\":\"https:\\\/\\\/efeshukuk.com\\\/yargitay-kararlari-kapsaminda-malpraktis\\\/#local-main-place-address\",\"streetAddress\":\"Nergiz Mahallesi Girne Blv No:83, Kat 2 D 2, 35600 Kar\u015f\u0131yaka\",\"addressLocality\":\"\u0130zmir\",\"postalCode\":\"35600\",\"addressCountry\":\"TR\"},{\"@type\":\"ImageObject\",\"inLanguage\":\"en-US\",\"@id\":\"https:\\\/\\\/efeshukuk.com\\\/yargitay-kararlari-kapsaminda-malpraktis\\\/#local-main-organization-logo\",\"url\":\"https:\\\/\\\/efeshukuk.com\\\/wp-content\\\/uploads\\\/2020\\\/11\\\/5.png\",\"contentUrl\":\"https:\\\/\\\/efeshukuk.com\\\/wp-content\\\/uploads\\\/2020\\\/11\\\/5.png\",\"width\":500,\"height\":500,\"caption\":\"Efes Hukuk B\u00fcrosu\"}]}<\/script>\n<meta name=\"geo.placename\" content=\"\u0130zmir\" \/>\n<meta name=\"geo.position\" content=\"38.467687;27.109998\" \/>\n<meta name=\"geo.region\" content=\"Turkey\" \/>\n<!-- \/ Yoast SEO Premium plugin. -->","yoast_head_json":{"title":"Yarg\u0131tay Kararlar\u0131 Kapsam\u0131nda Malpraktis - Efes Hukuk B\u00fcrosu","description":"Yarg\u0131tay kararlar\u0131 kapsam\u0131nda malpraktis, hastalar\u0131n zarar g\u00f6rmemesi i\u00e7in mesleki ve hayat tecr\u00fcbesine g\u00f6re dikkat ve \u00f6zen g\u00f6sterilmelidir.","robots":{"index":"index","follow":"follow","max-snippet":"max-snippet:-1","max-image-preview":"max-image-preview:large","max-video-preview":"max-video-preview:-1"},"canonical":"https:\/\/efeshukuk.com\/en\/yargitay-kararlari-kapsaminda-malpraktis\/","og_locale":"en_US","og_type":"article","og_title":"Yarg\u0131tay Kararlar\u0131 Kapsam\u0131nda Malpraktis","og_description":"Doktorlar hastalar\u0131n\u0131n zarar g\u00f6rmemesi i\u00e7in yanl\u0131z mesleki de\u011fil, genel hayat tecr\u00fcbelerine g\u00f6re herkese y\u00fcklenebilecek dikkat ve \u00f6zeni g\u00f6stermek zorundad\u0131rlar.","og_url":"https:\/\/efeshukuk.com\/en\/yargitay-kararlari-kapsaminda-malpraktis\/","og_site_name":"Efes Hukuk B\u00fcrosu","article_publisher":"https:\/\/www.facebook.com\/efeshukukburosu","article_published_time":"2021-02-24T10:15:38+00:00","article_modified_time":"2021-06-24T06:24:01+00:00","og_image":[{"url":"https:\/\/www.efeshukuk.com\/wp-content\/uploads\/2021\/06\/91-1024x538.jpg","type":"","width":"","height":""}],"author":"Av. Mustafa Yolcu","twitter_card":"summary_large_image","twitter_misc":{"Written by":"Av. Mustafa Yolcu","Est. reading time":"4 minutes"},"schema":{"@context":"https:\/\/schema.org","@graph":[{"@type":"Article","@id":"https:\/\/efeshukuk.com\/yargitay-kararlari-kapsaminda-malpraktis\/#article","isPartOf":{"@id":"https:\/\/efeshukuk.com\/yargitay-kararlari-kapsaminda-malpraktis\/"},"author":{"name":"Av. Mustafa Yolcu","@id":"https:\/\/efeshukuk.com\/#\/schema\/person\/3669273e38fd03f3f3ca1d7225da67ac"},"headline":"Yarg\u0131tay Kararlar\u0131 Kapsam\u0131nda Malpraktis","datePublished":"2021-02-24T10:15:38+00:00","dateModified":"2021-06-24T06:24:01+00:00","mainEntityOfPage":{"@id":"https:\/\/efeshukuk.com\/yargitay-kararlari-kapsaminda-malpraktis\/"},"wordCount":1168,"commentCount":0,"publisher":{"@id":"https:\/\/efeshukuk.com\/#organization"},"image":{"@id":"https:\/\/efeshukuk.com\/yargitay-kararlari-kapsaminda-malpraktis\/#primaryimage"},"thumbnailUrl":"https:\/\/www.efeshukuk.com\/wp-content\/uploads\/2021\/06\/91-1024x538.jpg","keywords":["doktor","hasta","malpraktis","sa\u011fl\u0131k hukuku","Yarg\u0131tay"],"articleSection":["Sa\u011fl\u0131k Hukuku"],"inLanguage":"en-US","potentialAction":[{"@type":"CommentAction","name":"Comment","target":["https:\/\/efeshukuk.com\/yargitay-kararlari-kapsaminda-malpraktis\/#respond"]}]},{"@type":"WebPage","@id":"https:\/\/efeshukuk.com\/yargitay-kararlari-kapsaminda-malpraktis\/","url":"https:\/\/efeshukuk.com\/yargitay-kararlari-kapsaminda-malpraktis\/","name":"Yarg\u0131tay Kararlar\u0131 Kapsam\u0131nda Malpraktis - Efes Hukuk B\u00fcrosu","isPartOf":{"@id":"https:\/\/efeshukuk.com\/#website"},"primaryImageOfPage":{"@id":"https:\/\/efeshukuk.com\/yargitay-kararlari-kapsaminda-malpraktis\/#primaryimage"},"image":{"@id":"https:\/\/efeshukuk.com\/yargitay-kararlari-kapsaminda-malpraktis\/#primaryimage"},"thumbnailUrl":"https:\/\/www.efeshukuk.com\/wp-content\/uploads\/2021\/06\/91-1024x538.jpg","datePublished":"2021-02-24T10:15:38+00:00","dateModified":"2021-06-24T06:24:01+00:00","description":"Yarg\u0131tay kararlar\u0131 kapsam\u0131nda malpraktis, hastalar\u0131n zarar g\u00f6rmemesi i\u00e7in mesleki ve hayat tecr\u00fcbesine g\u00f6re dikkat ve \u00f6zen g\u00f6sterilmelidir.","breadcrumb":{"@id":"https:\/\/efeshukuk.com\/yargitay-kararlari-kapsaminda-malpraktis\/#breadcrumb"},"inLanguage":"en-US","potentialAction":[{"@type":"ReadAction","target":["https:\/\/efeshukuk.com\/yargitay-kararlari-kapsaminda-malpraktis\/"]}]},{"@type":"ImageObject","inLanguage":"en-US","@id":"https:\/\/efeshukuk.com\/yargitay-kararlari-kapsaminda-malpraktis\/#primaryimage","url":"https:\/\/www.efeshukuk.com\/wp-content\/uploads\/2021\/06\/91-1024x538.jpg","contentUrl":"https:\/\/www.efeshukuk.com\/wp-content\/uploads\/2021\/06\/91-1024x538.jpg"},{"@type":"BreadcrumbList","@id":"https:\/\/efeshukuk.com\/yargitay-kararlari-kapsaminda-malpraktis\/#breadcrumb","itemListElement":[{"@type":"ListItem","position":1,"name":"Ana sayfa","item":"https:\/\/efeshukuk.com\/"},{"@type":"ListItem","position":2,"name":"Yarg\u0131tay Kararlar\u0131 Kapsam\u0131nda Malpraktis"}]},{"@type":"WebSite","@id":"https:\/\/efeshukuk.com\/#website","url":"https:\/\/efeshukuk.com\/","name":"Ephesus Law Firm","description":"Your Lawyer in Izmir","publisher":{"@id":"https:\/\/efeshukuk.com\/#organization"},"potentialAction":[{"@type":"SearchAction","target":{"@type":"EntryPoint","urlTemplate":"https:\/\/efeshukuk.com\/?s={search_term_string}"},"query-input":{"@type":"PropertyValueSpecification","valueRequired":true,"valueName":"search_term_string"}}],"inLanguage":"en-US"},{"@type":["Organization","Place","LegalService"],"@id":"https:\/\/efeshukuk.com\/#organization","name":"Ephesus Law Firm","url":"https:\/\/efeshukuk.com\/","logo":{"@id":"https:\/\/efeshukuk.com\/yargitay-kararlari-kapsaminda-malpraktis\/#local-main-organization-logo"},"image":{"@id":"https:\/\/efeshukuk.com\/yargitay-kararlari-kapsaminda-malpraktis\/#local-main-organization-logo"},"sameAs":["https:\/\/www.facebook.com\/efeshukukburosu","https:\/\/www.instagram.com\/efeshukukburosu\/","https:\/\/www.linkedin.com\/company\/efes-law\/"],"description":"Efes Law Firm provides effective and solution-oriented legal consultancy services to individual and corporate clients with its team of lawyers specializing in various legal fields. With lawyers possessing in-depth knowledge in numerous areas such as commercial law, consumer law, family law, and enforcement and bankruptcy law, we aim to best protect our clients&#039; rights. We closely follow legal developments worldwide and meticulously analyze every new issue. We support our clients in making informed decisions by establishing trust-based, transparent, and close communication with them. With our academically qualified partners and expert lawyers, we are committed to working in accordance with the law, professional ethics, and the principles and reforms of Atat\u00fcrk.","legalName":"Efes Hukuk B\u00fcrosu","numberOfEmployees":{"@type":"QuantitativeValue","minValue":"1","maxValue":"10"},"address":{"@id":"https:\/\/efeshukuk.com\/yargitay-kararlari-kapsaminda-malpraktis\/#local-main-place-address"},"geo":{"@type":"GeoCoordinates","latitude":"38.467687","longitude":"27.109998"},"telephone":["+905344155256"],"contactPoint":{"@type":"ContactPoint","telephone":"+905344155256","email":"info@efeshukuk.com"},"openingHoursSpecification":[{"@type":"OpeningHoursSpecification","dayOfWeek":["Monday","Tuesday","Wednesday","Thursday","Friday"],"opens":"09:00","closes":"18:00"},{"@type":"OpeningHoursSpecification","dayOfWeek":["Saturday","Sunday"],"opens":"00:00","closes":"00:00"}],"email":"info@efeshukuk.com"},{"@type":"Person","@id":"https:\/\/efeshukuk.com\/#\/schema\/person\/3669273e38fd03f3f3ca1d7225da67ac","name":"Mustafa Yolcu","image":{"@type":"ImageObject","inLanguage":"en-US","@id":"https:\/\/secure.gravatar.com\/avatar\/0870d5084e90c1476b180296601f5d8b1406305a23f86e567dfdfe264922c60d?s=96&d=retro&r=g","url":"https:\/\/secure.gravatar.com\/avatar\/0870d5084e90c1476b180296601f5d8b1406305a23f86e567dfdfe264922c60d?s=96&d=retro&r=g","contentUrl":"https:\/\/secure.gravatar.com\/avatar\/0870d5084e90c1476b180296601f5d8b1406305a23f86e567dfdfe264922c60d?s=96&d=retro&r=g","caption":"Av. Mustafa Yolcu"},"sameAs":["http:\/\/www.efeshukuk.com"],"url":"https:\/\/efeshukuk.com\/en\/author\/yztyi2\/"},{"@type":"PostalAddress","@id":"https:\/\/efeshukuk.com\/yargitay-kararlari-kapsaminda-malpraktis\/#local-main-place-address","streetAddress":"Nergiz Mahallesi Girne Blv No:83, Kat 2 D 2, 35600 Kar\u015f\u0131yaka","addressLocality":"\u0130zmir","postalCode":"35600","addressCountry":"TR"},{"@type":"ImageObject","inLanguage":"en-US","@id":"https:\/\/efeshukuk.com\/yargitay-kararlari-kapsaminda-malpraktis\/#local-main-organization-logo","url":"https:\/\/efeshukuk.com\/wp-content\/uploads\/2020\/11\/5.png","contentUrl":"https:\/\/efeshukuk.com\/wp-content\/uploads\/2020\/11\/5.png","width":500,"height":500,"caption":"Efes Hukuk B\u00fcrosu"}]},"geo.placename":"\u0130zmir","geo.position":{"lat":"38.467687","long":"27.109998"},"geo.region":"Turkey"},"amp_enabled":true,"_links":{"self":[{"href":"https:\/\/efeshukuk.com\/en\/wp-json\/wp\/v2\/posts\/3511","targetHints":{"allow":["GET"]}}],"collection":[{"href":"https:\/\/efeshukuk.com\/en\/wp-json\/wp\/v2\/posts"}],"about":[{"href":"https:\/\/efeshukuk.com\/en\/wp-json\/wp\/v2\/types\/post"}],"author":[{"embeddable":true,"href":"https:\/\/efeshukuk.com\/en\/wp-json\/wp\/v2\/users\/1"}],"replies":[{"embeddable":true,"href":"https:\/\/efeshukuk.com\/en\/wp-json\/wp\/v2\/comments?post=3511"}],"version-history":[{"count":0,"href":"https:\/\/efeshukuk.com\/en\/wp-json\/wp\/v2\/posts\/3511\/revisions"}],"wp:attachment":[{"href":"https:\/\/efeshukuk.com\/en\/wp-json\/wp\/v2\/media?parent=3511"}],"wp:term":[{"taxonomy":"category","embeddable":true,"href":"https:\/\/efeshukuk.com\/en\/wp-json\/wp\/v2\/categories?post=3511"},{"taxonomy":"post_tag","embeddable":true,"href":"https:\/\/efeshukuk.com\/en\/wp-json\/wp\/v2\/tags?post=3511"}],"curies":[{"name":"wp","href":"https:\/\/api.w.org\/{rel}","templated":true}]}}