{"id":1085,"date":"2020-12-21T20:28:02","date_gmt":"2020-12-21T17:28:02","guid":{"rendered":"http:\/\/www.efeshukuk.com\/?p=1085"},"modified":"2021-04-18T09:04:04","modified_gmt":"2021-04-18T06:04:04","slug":"kisisel-verilerin-korunmasi-kanunu-temel-ilkeler-nelerdir","status":"publish","type":"post","link":"https:\/\/efeshukuk.com\/en\/kisisel-verilerin-korunmasi-kanunu-temel-ilkeler-nelerdir\/","title":{"rendered":"What are the basic principles of the Personal Data Protection Law (KVKK)?"},"content":{"rendered":"<p class=\"has-black-color has-text-color\"><strong>Personal Data Protection Law (KVKK) Basic Principles <\/strong>| <strong>Personal Data Protection Lawyer | Izmir Lawyer | Izmir Law Firm<\/strong><\/p>\n\n\n\n<div class=\"wp-block-image\"><figure class=\"aligncenter size-large is-resized\"><img loading=\"lazy\" decoding=\"async\" src=\"https:\/\/www.efeshukuk.com\/wp-content\/uploads\/2020\/12\/Veri-Soru-1-1024x1024.jpg\" alt=\"KVKK Temel \u0130lkeler\" class=\"wp-image-1630\" width=\"512\" height=\"512\" srcset=\"https:\/\/efeshukuk.com\/wp-content\/uploads\/2020\/12\/Veri-Soru-1-1024x1024.jpg 1024w, https:\/\/efeshukuk.com\/wp-content\/uploads\/2020\/12\/Veri-Soru-1-300x300.jpg 300w, https:\/\/efeshukuk.com\/wp-content\/uploads\/2020\/12\/Veri-Soru-1-150x150.jpg 150w, https:\/\/efeshukuk.com\/wp-content\/uploads\/2020\/12\/Veri-Soru-1-768x768.jpg 768w, https:\/\/efeshukuk.com\/wp-content\/uploads\/2020\/12\/Veri-Soru-1-12x12.jpg 12w, https:\/\/efeshukuk.com\/wp-content\/uploads\/2020\/12\/Veri-Soru-1.jpg 1080w\" sizes=\"auto, (max-width: 512px) 100vw, 512px\" \/><\/figure><\/div>\n\n\n\n<h3 class=\"wp-block-heading\"><strong>1- Compliance with the Fundamental Principles of the Personal Data Protection Law (KVKK), Lawfulness, and Rules of Honesty.<\/strong><\/h3>\n\n\n\n<p class=\"has-text-align-justify has-black-color has-text-color\">The first fundamental principle of the KVKK (Turkish Personal Data Protection Law) is the principle of compliance with the law and the rule of good faith. This principle means that the processing of personal data must comply with the principles established by laws and other legal regulations. According to the principle of good faith, the data controller must consider the interests and reasonable expectations of the data subjects while pursuing its data processing objectives. It must act in a way that prevents the occurrence of consequences that the data subject did not expect and should not have expected. Furthermore, according to this principle, the data processing activity must be transparent to the data subject, and the data controller must comply with its obligations to inform and warn.<\/p>\n\n\n\n<h3 class=\"wp-block-heading\"><strong>2- <strong>Being accurate and up-to-date when necessary.<\/strong><\/strong><\/h3>\n\n\n\n<p class=\"has-text-align-justify has-black-color has-text-color\">This principle, which emphasizes the importance of the accuracy and timeliness of personal data, is consistent with the right of the data subject to request correction of data as stipulated in the Law. Maintaining personal data accurately and up-to-date is not only in the interest of the data controller but also necessary for the protection of the fundamental rights and freedoms of the data subject. The active duty of care to ensure that personal data is accurate and, where necessary, up-to-date applies if the data controller derives a benefit from this data concerning the data subject (e.g., credit transactions). Otherwise, the data controller must always keep open channels to ensure that the data subject&#039;s information is accurate and up-to-date.<\/p>\n\n\n\n<h3 class=\"wp-block-heading\"><strong>3- Processing for Specific, Explicit and Legitimate Purposes<\/strong><\/h3>\n\n\n\n<p class=\"has-black-color has-text-color\">The principle that the purposes for processing personal data must be specific, legitimate, and clear;<\/p>\n\n\n\n<ul class=\"wp-block-list\"><li> Ensuring that personal data processing activities are clearly understandable to the data subject,<\/li><li> To determine which legal processing conditions the personal data processing activities are based on,<\/li><li> It ensures that the personal data processing activity and the purpose for which this activity is carried out are described in sufficient detail to provide clarity.<\/li><\/ul>\n\n\n\n<p><\/p>\n\n\n\n<p class=\"has-black-color has-text-color\">For example, while a clothing store might process its customers&#039; first and last names for a legitimate purpose, processing their mother&#039;s maiden name would not be considered a legitimate purpose.<\/p>\n\n\n\n<h3 class=\"wp-block-heading\"><strong>4- <strong>Being relevant, limited, and proportionate to the purpose for which they are committed.<\/strong> <\/strong><\/h3>\n\n\n\n<p class=\"has-text-align-justify has-black-color has-text-color\">The processing of data must be suitable for achieving the stated purposes, and the processing of personal data that is not related to or needed for the achievement of the purpose should be avoided. Similarly, data processing should not be undertaken to meet potential future needs. Because processing data to meet potential needs constitutes a new data processing step.<br>This will mean that the activity is carried out in this way. In this case, one of the conditions for processing personal data regulated in Article 5 of the Law must be met. Furthermore, the processed data will be limited only to the personal data necessary for achieving the purpose. Processing data beyond what is necessary for the purpose will constitute a violation of the principle of limitation. The important thing here is to obtain sufficient data to achieve the purpose and to avoid processing data that is not necessary for that purpose. Personal data should not be collected or processed for purposes that do not currently exist and are only envisioned to occur later.<\/p>\n\n\n\n<h3 class=\"wp-block-heading\"><strong>5- Retention for the period stipulated in the relevant legislation or for the period necessary for the purpose for which they were processed.<\/strong><\/h3>\n\n\n\n<p class=\"has-text-align-justify has-black-color has-text-color\">Personal data must be retained for a period necessary for the purpose for which it was processed, as required by the &quot;principle of purpose limitation&quot;. In this regard, the data controller is obliged to take administrative and technical measures. As stated in Article 12 of the Law, the data controller must take all necessary technical and administrative measures to ensure an appropriate level of security to prevent the unlawful processing of personal data, to prevent unlawful access to personal data, and to ensure the preservation of personal data.<\/p>\n\n\n\n<p class=\"has-black-color has-text-color\">Ki\u015fisel Verileri Koruma Kurumu taraf\u0131ndan haz\u0131rlanm\u0131\u015f &#8220;<span class=\"has-inline-color has-vivid-cyan-blue-color\"><a href=\"https:\/\/kvkk.gov.tr\/SharedFolderServer\/CMSFiles\/d0fbca08-30af-41fe-a7c9-65663b9c5231.pdf\">BASIC PRINCIPLES REGARDING THE PROCESSING OF PERSONAL DATA<\/a>R<\/span>&#8221; bro\u015f\u00fcr\u00fc i\u00e7in t\u0131klayabilirsiniz. Hukuki dan\u0131\u015fmanl\u0131k almak i\u00e7in ise taraf\u0131m\u0131z ile <a href=\"https:\/\/efeshukuk.com\/en\/iletisim\/\"><span class=\"has-inline-color has-vivid-cyan-blue-color\">Contact <\/span><\/a>page.<\/p>\n\n\n\n<div class=\"wp-block-group\"><div class=\"wp-block-group__inner-container is-layout-flow wp-block-group-is-layout-flow\">\n<p><mark style=\"background-color:rgba(0, 0, 0, 0)\" class=\"has-inline-color has-black-color\">For our other articles we have prepared under the Personal Data Protection Law;<\/mark><\/p>\n\n\n\n<div data-wp-context=\"{ &quot;autoclose&quot;: false, &quot;accordionItems&quot;: [] }\" data-wp-interactive=\"core\/accordion\" role=\"group\" class=\"wp-block-accordion is-layout-flow wp-block-accordion-is-layout-flow\">\n<div data-wp-class--is-open=\"state.isOpen\" data-wp-context=\"{ &quot;id&quot;: &quot;accordion-item-1&quot;, &quot;openByDefault&quot;: false }\" data-wp-init=\"callbacks.initAccordionItems\" data-wp-on-window--hashchange=\"callbacks.hashChange\" class=\"wp-block-accordion-item is-layout-flow wp-block-accordion-item-is-layout-flow\">\n<h3 class=\"wp-block-accordion-heading has-small-font-size\"><button aria-expanded=\"false\" aria-controls=\"accordion-item-1-panel\" data-wp-bind--aria-expanded=\"state.isOpen\" data-wp-on--click=\"actions.toggle\" data-wp-on--keydown=\"actions.handleKeyDown\" id=\"accordion-item-1\" type=\"button\" class=\"wp-block-accordion-heading__toggle\"><span class=\"wp-block-accordion-heading__toggle-title\">GDPR &amp; Recent Developments<\/span><span class=\"wp-block-accordion-heading__toggle-icon\" aria-hidden=\"true\">+<\/span><\/button><\/h3>\n\n\n\n<div inert aria-labelledby=\"accordion-item-1\" data-wp-bind--inert=\"!state.isOpen\" id=\"accordion-item-1-panel\" role=\"region\" class=\"wp-block-accordion-panel is-layout-flow wp-block-accordion-panel-is-layout-flow\">\n<ul class=\"wp-block-list\">\n<li><a href=\"https:\/\/efeshukuk.com\/en\/gdpr-nedir\/\" target=\"_blank\" rel=\"noreferrer noopener\">What is GDPR?<\/a><\/li>\n\n\n\n<li><a href=\"https:\/\/efeshukuk.com\/en\/dpo-nedir\/\" target=\"_blank\" rel=\"noreferrer noopener\">What is DPO? Who are they?<\/a><\/li>\n\n\n\n<li><a href=\"https:\/\/efeshukuk.com\/en\/whatsapp-guncellemesi-veri-guvenligi\/\" target=\"_blank\" rel=\"noreferrer noopener\">WhatsApp Update &amp; Data Security<\/a><\/li>\n<\/ul>\n<\/div>\n<\/div>\n<\/div>\n\n\n\n<div data-wp-context=\"{ &quot;autoclose&quot;: false, &quot;accordionItems&quot;: [] }\" data-wp-interactive=\"core\/accordion\" role=\"group\" class=\"wp-block-accordion is-layout-flow wp-block-accordion-is-layout-flow\">\n<div data-wp-class--is-open=\"state.isOpen\" data-wp-context=\"{ &quot;id&quot;: &quot;accordion-item-2&quot;, &quot;openByDefault&quot;: false }\" data-wp-init=\"callbacks.initAccordionItems\" data-wp-on-window--hashchange=\"callbacks.hashChange\" class=\"wp-block-accordion-item is-layout-flow wp-block-accordion-item-is-layout-flow\">\n<h3 class=\"wp-block-accordion-heading has-small-font-size\"><button aria-expanded=\"false\" aria-controls=\"accordion-item-2-panel\" data-wp-bind--aria-expanded=\"state.isOpen\" data-wp-on--click=\"actions.toggle\" data-wp-on--keydown=\"actions.handleKeyDown\" id=\"accordion-item-2\" type=\"button\" class=\"wp-block-accordion-heading__toggle\"><span class=\"wp-block-accordion-heading__toggle-title\">KVKK: Basic Concepts and Principles<\/span><span class=\"wp-block-accordion-heading__toggle-icon\" aria-hidden=\"true\">+<\/span><\/button><\/h3>\n\n\n\n<div inert aria-labelledby=\"accordion-item-2\" data-wp-bind--inert=\"!state.isOpen\" id=\"accordion-item-2-panel\" role=\"region\" class=\"wp-block-accordion-panel is-layout-flow wp-block-accordion-panel-is-layout-flow\">\n<ul class=\"wp-block-list\">\n<li><a href=\"https:\/\/efeshukuk.com\/en\/kvkk-nedir\/\" target=\"_blank\" rel=\"noreferrer noopener\">What is KVKK?<\/a><\/li>\n\n\n\n<li><a href=\"https:\/\/efeshukuk.com\/en\/kisisel-veri-nedir\/\">What is Personal Data?<\/a><\/li>\n\n\n\n<li><a href=\"https:\/\/efeshukuk.com\/en\/kisisel-verilerin-korunmasi-kanunu-temel-kavramlar\/\">What are the basic concepts of the Personal Data Protection Law?<\/a><\/li>\n\n\n\n<li><a href=\"https:\/\/efeshukuk.com\/en\/kisisel-verilerin-korunmasi-kanunu-temel-ilkeler-nelerdir\/\">What are the fundamental principles of the Personal Data Protection Law?<\/a><\/li>\n\n\n\n<li><a href=\"https:\/\/efeshukuk.com\/en\/kisisel-veri-kategorileri-nelerdir\/\">What are the categories of personal data?<\/a><\/li>\n<\/ul>\n<\/div>\n<\/div>\n<\/div>\n\n\n\n<div data-wp-context=\"{ &quot;autoclose&quot;: false, &quot;accordionItems&quot;: [] }\" data-wp-interactive=\"core\/accordion\" role=\"group\" class=\"wp-block-accordion is-layout-flow wp-block-accordion-is-layout-flow\">\n<div data-wp-class--is-open=\"state.isOpen\" data-wp-context=\"{ &quot;id&quot;: &quot;accordion-item-3&quot;, &quot;openByDefault&quot;: false }\" data-wp-init=\"callbacks.initAccordionItems\" data-wp-on-window--hashchange=\"callbacks.hashChange\" class=\"wp-block-accordion-item is-layout-flow wp-block-accordion-item-is-layout-flow\">\n<h3 class=\"wp-block-accordion-heading has-small-font-size\"><button aria-expanded=\"false\" aria-controls=\"accordion-item-3-panel\" data-wp-bind--aria-expanded=\"state.isOpen\" data-wp-on--click=\"actions.toggle\" data-wp-on--keydown=\"actions.handleKeyDown\" id=\"accordion-item-3\" type=\"button\" class=\"wp-block-accordion-heading__toggle\"><span class=\"wp-block-accordion-heading__toggle-title\">Application: Information Text and Inventory<\/span><span class=\"wp-block-accordion-heading__toggle-icon\" aria-hidden=\"true\">+<\/span><\/button><\/h3>\n\n\n\n<div inert aria-labelledby=\"accordion-item-3\" data-wp-bind--inert=\"!state.isOpen\" id=\"accordion-item-3-panel\" role=\"region\" class=\"wp-block-accordion-panel is-layout-flow wp-block-accordion-panel-is-layout-flow\">\n<ul class=\"wp-block-list\">\n<li><a href=\"https:\/\/efeshukuk.com\/en\/aydinlatma-metni-nedir-neleri-icermelidir\/\">What is a Privacy Notice? What should it include?<\/a><\/li>\n\n\n\n<li><a href=\"https:\/\/efeshukuk.com\/en\/kisisel-veri-envanteri-nedir\/\">What is a Personal Data Inventory?<\/a><\/li>\n\n\n\n<li><a href=\"https:\/\/efeshukuk.com\/en\/kisisel-veri-envanteri-neleri-icermelidir\/\">What should a Personal Data Inventory include?<\/a><\/li>\n\n\n\n<li><a href=\"https:\/\/efeshukuk.com\/en\/kisisel-veri-envanteri-ile-veri-sorumlulari-sicilinin-farklari-nelerdir\/\">What are the differences between the Personal Data Inventory and the Data Controllers Registry?<\/a><\/li>\n<\/ul>\n<\/div>\n<\/div>\n<\/div>\n\n\n\n<div data-wp-context=\"{ &quot;autoclose&quot;: false, &quot;accordionItems&quot;: [] }\" data-wp-interactive=\"core\/accordion\" role=\"group\" class=\"wp-block-accordion is-layout-flow wp-block-accordion-is-layout-flow\">\n<div data-wp-class--is-open=\"state.isOpen\" data-wp-context=\"{ &quot;id&quot;: &quot;accordion-item-4&quot;, &quot;openByDefault&quot;: false }\" data-wp-init=\"callbacks.initAccordionItems\" data-wp-on-window--hashchange=\"callbacks.hashChange\" class=\"wp-block-accordion-item is-layout-flow wp-block-accordion-item-is-layout-flow\">\n<h3 class=\"wp-block-accordion-heading has-small-font-size\"><button aria-expanded=\"false\" aria-controls=\"accordion-item-4-panel\" data-wp-bind--aria-expanded=\"state.isOpen\" data-wp-on--click=\"actions.toggle\" data-wp-on--keydown=\"actions.handleKeyDown\" id=\"accordion-item-4\" type=\"button\" class=\"wp-block-accordion-heading__toggle\"><span class=\"wp-block-accordion-heading__toggle-title\">VERB\u0130S Registration Guide and Calculations<\/span><span class=\"wp-block-accordion-heading__toggle-icon\" aria-hidden=\"true\">+<\/span><\/button><\/h3>\n\n\n\n<div inert aria-labelledby=\"accordion-item-4\" data-wp-bind--inert=\"!state.isOpen\" id=\"accordion-item-4-panel\" role=\"region\" class=\"wp-block-accordion-panel is-layout-flow wp-block-accordion-panel-is-layout-flow\">\n<ul class=\"wp-block-list\">\n<li><mark><a href=\"https:\/\/efeshukuk.com\/en\/kimlerin-verbis-sicil-kayit-yukumlulugu-yok-verbis-kaydindan-muafiyet\/\">Exemption from VERB\u0130S Registration<\/a><\/mark><\/li>\n\n\n\n<li><mark><a href=\"https:\/\/efeshukuk.com\/en\/kvkk-sicil-kaydina-iliskin-olarak-yillik-calisan-sayisi-nasil-hesaplanir\/\">How is the annual number of employees calculated for KVKK (Personal Data Protection Law) registration purposes?<\/a><\/mark><\/li>\n\n\n\n<li><mark><a href=\"https:\/\/efeshukuk.com\/en\/mali-bilanco-toplami-nasil-hesaplanmali\/\">How should the total financial balance be calculated in relation to the Personal Data Protection Law (KVKK) registration?<\/a><\/mark><\/li>\n\n\n\n<li><mark><a href=\"https:\/\/efeshukuk.com\/en\/veri-sorumlulari-sicilinde-yer-alan-kisisel-veri-isleme-sebepleri-nelerdir\/\">What are the reasons for processing personal data listed in the Data Controllers Registry?<\/a><\/mark><\/li>\n<\/ul>\n<\/div>\n<\/div>\n<\/div>\n\n\n\n<div data-wp-context=\"{ &quot;autoclose&quot;: false, &quot;accordionItems&quot;: [] }\" data-wp-interactive=\"core\/accordion\" role=\"group\" class=\"wp-block-accordion is-layout-flow wp-block-accordion-is-layout-flow\">\n<div data-wp-class--is-open=\"state.isOpen\" data-wp-context=\"{ &quot;id&quot;: &quot;accordion-item-5&quot;, &quot;openByDefault&quot;: false }\" data-wp-init=\"callbacks.initAccordionItems\" data-wp-on-window--hashchange=\"callbacks.hashChange\" class=\"wp-block-accordion-item is-layout-flow wp-block-accordion-item-is-layout-flow\">\n<h3 class=\"wp-block-accordion-heading has-small-font-size\"><button aria-expanded=\"false\" aria-controls=\"accordion-item-5-panel\" data-wp-bind--aria-expanded=\"state.isOpen\" data-wp-on--click=\"actions.toggle\" data-wp-on--keydown=\"actions.handleKeyDown\" id=\"accordion-item-5\" type=\"button\" class=\"wp-block-accordion-heading__toggle\"><span class=\"wp-block-accordion-heading__toggle-title\">Technical &amp; Administrative Measures and Legal Basis<\/span><span class=\"wp-block-accordion-heading__toggle-icon\" aria-hidden=\"true\">+<\/span><\/button><\/h3>\n\n\n\n<div inert aria-labelledby=\"accordion-item-5\" data-wp-bind--inert=\"!state.isOpen\" id=\"accordion-item-5-panel\" role=\"region\" class=\"wp-block-accordion-panel is-layout-flow wp-block-accordion-panel-is-layout-flow\">\n<ul class=\"wp-block-list\">\n<li><mark><a href=\"https:\/\/efeshukuk.com\/en\/veri-sorumlulari-sicilinde-ongorulen-guvenlik-tedbirleri-nelerdir\/\">What security measures are stipulated in the Data Controllers Registry?<\/a><\/mark><\/li>\n\n\n\n<li><mark><a href=\"https:\/\/efeshukuk.com\/en\/veri-sorumlulari-sicilinde-sureler-belirtilirken-nelere-dikkat-edilmelidir\/\">What should be considered when specifying deadlines in the Data Controllers Registry?<\/a><\/mark><\/li>\n\n\n\n<li><a href=\"https:\/\/efeshukuk.com\/en\/mesru-menfaat-denge-testi\/\">Legitimate Interest &amp; Balance Test<\/a><\/li>\n<\/ul>\n<\/div>\n<\/div>\n<\/div>\n\n\n\n<div data-wp-context=\"{ &quot;autoclose&quot;: false, &quot;accordionItems&quot;: [] }\" data-wp-interactive=\"core\/accordion\" role=\"group\" class=\"wp-block-accordion is-layout-flow wp-block-accordion-is-layout-flow\">\n<div data-wp-class--is-open=\"state.isOpen\" data-wp-context=\"{ &quot;id&quot;: &quot;accordion-item-6&quot;, &quot;openByDefault&quot;: false }\" data-wp-init=\"callbacks.initAccordionItems\" data-wp-on-window--hashchange=\"callbacks.hashChange\" class=\"wp-block-accordion-item is-layout-flow wp-block-accordion-item-is-layout-flow\">\n<h3 class=\"wp-block-accordion-heading has-small-font-size\"><button aria-expanded=\"false\" aria-controls=\"accordion-item-6-panel\" data-wp-bind--aria-expanded=\"state.isOpen\" data-wp-on--click=\"actions.toggle\" data-wp-on--keydown=\"actions.handleKeyDown\" id=\"accordion-item-6\" type=\"button\" class=\"wp-block-accordion-heading__toggle\"><span class=\"wp-block-accordion-heading__toggle-title\">Rights, Sanctions and Fines<\/span><span class=\"wp-block-accordion-heading__toggle-icon\" aria-hidden=\"true\">+<\/span><\/button><\/h3>\n\n\n\n<div inert aria-labelledby=\"accordion-item-6\" data-wp-bind--inert=\"!state.isOpen\" id=\"accordion-item-6-panel\" role=\"region\" class=\"wp-block-accordion-panel is-layout-flow wp-block-accordion-panel-is-layout-flow\">\n<ul class=\"wp-block-list\">\n<li><a href=\"https:\/\/efeshukuk.com\/en\/unutulma-hakki-nedir\/\" target=\"_blank\" rel=\"noreferrer noopener\">What is the Right to Be Forgotten?<\/a><\/li>\n\n\n\n<li><a href=\"https:\/\/efeshukuk.com\/en\/kvkk-yaptirimlar\/\" target=\"_blank\" rel=\"noreferrer noopener\">Personal Data Protection Law Sanctions<\/a><\/li>\n\n\n\n<li><a href=\"https:\/\/efeshukuk.com\/en\/kvkk-idari-para-cezalari-2023\/\" target=\"_blank\" rel=\"noreferrer noopener\">Personal Data Protection Law Administrative Fines 2023<\/a><\/li>\n<\/ul>\n<\/div>\n<\/div>\n<\/div>\n<\/div><\/div>\n\n\n\n<div class=\"wp-block-media-text alignwide is-stacked-on-mobile\" style=\"grid-template-columns:30% auto\"><figure class=\"wp-block-media-text__media\"><img loading=\"lazy\" decoding=\"async\" width=\"720\" height=\"720\" src=\"https:\/\/www.efeshukuk.com\/wp-content\/uploads\/2021\/01\/Ephesus-Law-Firm-3.jpg\" alt=\"Logo\" class=\"wp-image-1057 size-full\" srcset=\"\" sizes=\"auto, (max-width: 720px) 100vw, 720px\" data-srcset=\"\" \/><\/figure><div class=\"wp-block-media-text__content\">\n<p class=\"has-black-color has-text-color translation-block\"><strong>Address:<\/strong> Nergis Neighborhood, Girne Boulevard No: 83, Floor 2, Apartment 2, Kar\u015f\u0131yaka, \u0130zmir<\/p>\n\n\n\n<p class=\"has-black-color has-text-color\"><strong>E-mail<\/strong>: <a href=\"mailto:contact@example.com\"><span class=\"has-inline-color has-vivid-cyan-blue-color\">info@efeshukuk.com<\/span><\/a><\/p>\n\n\n\n<p class=\"has-black-color has-text-color\"><strong>Phone<\/strong>: +90 534 415 52 56<\/p>\n\n\n\n<style>\n\/* --- Sosyal ve \u0130leti\u015fim \u0130kon Kapsay\u0131c\u0131 --- *\/\n.efes-social-wrapper {\n    display: flex;\n    gap: 12px;\n    justify-content: flex-start; \/* Sola yaslar, kart i\u00e7inde kullanacaksan\u0131z center yapabilirsiniz *\/\n    padding: 20px 0;\n    background: #ffffff;\n    flex-wrap: wrap; \/* Mobilde ta\u015fma yapmamas\u0131 i\u00e7in *\/\n}\n\n\/* --- \u0130kon Buton Stili --- *\/\n.efes-social-btn {\n    width: 40px;\n    height: 40px;\n    display: flex;\n    align-items: center;\n    justify-content: center;\n    text-decoration: none;\n    border-radius: 6px;\n    transition: all 0.3s ease;\n    border: 1px solid #e0e0e0;\n    background: #ffffff;\n}\n\n\/* --- SVG \u0130kon Renkleri --- *\/\n.efes-social-btn svg {\n    width: 20px;\n    height: 20px;\n    fill: #000000;\n    transition: all 0.3s ease;\n}\n\n\/* --- Hover Efekti --- *\/\n.efes-social-btn:hover {\n    background-color: #000000;\n    border-color: #000000;\n    transform: translateY(-3px);\n}\n\n.efes-social-btn:hover svg {\n    fill: #ffffff;\n}\n\n\/* --- Mobil D\u00fczenleme --- *\/\n@media (max-width: 768px) {\n    .efes-social-btn { width: 38px; height: 38px; }\n}\n<\/style>\n\n<div class=\"efes-social-wrapper\">\n    <a href=\"https:\/\/facebook.com\/efeshukukburosu\" class=\"efes-social-btn\" target=\"_blank\" rel=\"noopener\" aria-label=\"Facebook\">\n        <svg viewbox=\"0 0 24 24\"><path d=\"M18 2h-3a5 5 0 0 0-5 5v3H7v4h3v8h4v-8h3l1-4h-4V7a1 1 0 0 1 1-1h3z\"><\/path><\/svg>\n    <\/a>\n\n    <a href=\"https:\/\/linkedin.com\/company\/efeshukuk\/\" class=\"efes-social-btn\" target=\"_blank\" rel=\"noopener\" aria-label=\"LinkedIn\">\n        <svg viewbox=\"0 0 24 24\"><path d=\"M16 8a6 6 0 0 1 6 6v7h-4v-7a2 2 0 0 0-2-2 2 2 0 0 0-2 2v7h-4v-7a6 6 0 0 1 6-6z\"><\/path><rect x=\"2\" y=\"9\" width=\"4\" height=\"12\"><\/rect><circle cx=\"4\" cy=\"4\" r=\"2\"><\/circle><\/svg>\n    <\/a>\n\n    <a href=\"https:\/\/instagram.com\/efeshukukburosu\" class=\"efes-social-btn\" target=\"_blank\" rel=\"noopener\" aria-label=\"Instagram\">\n        <svg viewbox=\"0 0 24 24\"><path d=\"M12 2.163c3.204 0 3.584.012 4.85.07 3.252.148 4.771 1.691 4.919 4.919.058 1.265.069 1.645.069 4.849 0 3.205-.012 3.584-.069 4.849-.149 3.225-1.664 4.771-4.919 4.919-1.266.058-1.644.07-4.85.07-3.204 0-3.584-.012-4.849-.07-3.26-.149-4.771-1.699-4.919-4.92-.058-1.265-.07-1.644-.07-4.849 0-3.204.013-3.583.07-4.849.149-3.227 1.664-4.771 4.919-4.919 1.266-.057 1.645-.069 4.849-.069zm0-2.163c-3.259 0-3.667.014-4.947.072-4.358.2-6.78 2.618-6.98 6.98-.059 1.281-.073 1.689-.073 4.948 0 3.259.014 3.668.072 4.948.2 4.358 2.618 6.78 6.98 6.98 1.281.058 1.689.072 4.948.072 3.259 0 3.668-.014 4.948-.072 4.354-.2 6.782-2.618 6.979-6.98.059-1.28.073-1.689.073-4.948 0-3.259-.014-3.667-.072-4.947-.196-4.354-2.617-6.78-6.979-6.98-1.281-.059-1.69-.073-4.949-.073zm0 5.838c-3.403 0-6.162 2.759-6.162 6.162s2.759 6.163 6.162 6.163 6.162-2.759 6.162-6.163-2.759-6.162-6.162-6.162zm0 10.162c-2.209 0-4-1.79-4-4 0-2.209 1.791-4 4-4s4 1.791 4 4c0 2.21-1.791 4-4 4zm6.406-11.845c-.796 0-1.441.645-1.441 1.44s.645 1.44 1.441 1.44c.795 0 1.439-.645 1.439-1.44s-.644-1.44-1.439-1.44z\"\/><\/svg>\n    <\/a>\n\n    <a href=\"mailto:info@efeshukuk.com\" class=\"efes-social-btn\" aria-label=\"Send Email\">\n        <svg viewbox=\"0 0 24 24\"><path d=\"M0 3v18h24v-18h-24zm6.623 7.929l-4.623 5.712v-9.458l4.623 3.746zm-4.141-5.929h19.035l-9.517 7.713-9.518-7.713zm5.694 7.188l3.824 3.099l3.83-3.104 5.612 8.138h-18.745l5.479-8.133zm8.171-1.259l4.653-3.771v9.487l-4.653-5.716z\"\/><\/svg>\n    <\/a>\n\n    <a href=\"https:\/\/www.google.com\/maps\/place\/Efes+Hukuk+B%C3%BCrosu+-+Kar%C5%9F%C4%B1yaka+Avukat\/@38.458734,27.107183,17z\/data=!3m1!4b1!4m6!3m5!1s0x14bbd9b483567e9d:0xdad9b9deb6d6c709!8m2!3d38.458734!4d27.107183!16s%2Fg%2F11r9ctjdcx?entry=ttu&#038;g_ep=EgoyMDI2MDMyNC4wIKXMDSoASAFQAw%3D%3D\" class=\"efes-social-btn\" target=\"_blank\" rel=\"noopener\" aria-label=\"View on Map\">\n        <svg viewbox=\"0 0 24 24\"><path d=\"M12 2C8.13 2 5 5.13 5 9c0 5.25 7 13 7 13s7-7.75 7-13c0-3.87-3.13-7-7-7zm0 9.5a2.5 2.5 0 0 1 0-5 2.5 2.5 0 0 1 0 5z\"\/><\/svg>\n    <\/a>\n\n    <a href=\"tel:+905344155256\" class=\"efes-social-btn\" aria-label=\"Call by phone\">\n        <svg viewbox=\"0 0 24 24\"><path d=\"M6.62 10.79a15.05 15.05 0 0 0 6.59 6.59l2.2-2.2c.27-.27.67-.36 1.02-.24 1.12.37 2.33.57 3.57.57.55 0 1 .45 1 1V20c0 .55-.45 1-1 1-9.39 0-17-7.61-17-17 0-.55.45-1 1-1h3.5c.55 0 1 .45 1 1 0 1.25.2 2.45.57 3.57.11.35.03.74-.25 1.02l-2.2 2.2z\"\/><\/svg>\n    <\/a>\n<\/div>\n<\/div><\/div>","protected":false},"excerpt":{"rendered":"<p>GDPR Basic Principles | GDPR Lawyer | Izmir Lawyer | Izmir Law Office 1- GDPR Basic Principles, Compliance with Law and Rules of Honesty GDPR basic\u2026<\/p>","protected":false},"author":1,"featured_media":0,"comment_status":"open","ping_status":"open","sticky":false,"template":"","format":"standard","meta":{"footnotes":""},"categories":[8],"tags":[43],"class_list":["post-1085","post","type-post","status-publish","format-standard","hentry","category-kvkk","tag-temel-ilkeler"],"yoast_head":"<!-- This site is optimized with the Yoast SEO Premium plugin v27.0 (Yoast SEO v27.5) - https:\/\/yoast.com\/product\/yoast-seo-premium-wordpress\/ -->\n<title>KVKK Temel \u0130lkeler Nelerdir? - Efes Hukuk B\u00fcrosu | KVKK Dan\u0131\u015fmanl\u0131k<\/title>\n<meta name=\"description\" content=\"KVKK temel ilkeler | Hukuka ve d\u00fcr\u00fcstl\u00fck kural\u0131na uygun olma, ki\u015fisel verilerin i\u015flenmesinde kanunlarla ve di\u011fer hukuksal...\" \/>\n<meta name=\"robots\" content=\"index, follow, max-snippet:-1, max-image-preview:large, max-video-preview:-1\" \/>\n<link rel=\"canonical\" href=\"https:\/\/efeshukuk.com\/en\/kisisel-verilerin-korunmasi-kanunu-temel-ilkeler-nelerdir\/\" \/>\n<meta property=\"og:locale\" content=\"en_US\" \/>\n<meta property=\"og:type\" content=\"article\" \/>\n<meta property=\"og:title\" content=\"KVKK Temel \u0130lkeler Nelerdir?\" \/>\n<meta property=\"og:description\" content=\"KVKK Temel \u0130lkeler | KVKK Avukat\u0131 | \u0130zmir Avukat | \u0130zmir Avukatl\u0131k B\u00fcrosu 1- KVKK Temel \u0130lkeler, Hukuka Ve D\u00fcr\u00fcstl\u00fck Kurallar\u0131na Uygun Olma KVKK temel\" \/>\n<meta property=\"og:url\" content=\"https:\/\/efeshukuk.com\/en\/kisisel-verilerin-korunmasi-kanunu-temel-ilkeler-nelerdir\/\" \/>\n<meta property=\"og:site_name\" content=\"Efes Hukuk B\u00fcrosu\" \/>\n<meta property=\"article:publisher\" content=\"https:\/\/www.facebook.com\/efeshukukburosu\" \/>\n<meta property=\"article:published_time\" content=\"2020-12-21T17:28:02+00:00\" \/>\n<meta property=\"article:modified_time\" content=\"2021-04-18T06:04:04+00:00\" \/>\n<meta property=\"og:image\" content=\"https:\/\/www.efeshukuk.com\/wp-content\/uploads\/2020\/12\/Veri-Soru-1-1024x1024.jpg\" \/>\n<meta name=\"author\" content=\"Av. Mustafa Yolcu\" \/>\n<meta name=\"twitter:card\" content=\"summary_large_image\" \/>\n<meta name=\"twitter:label1\" content=\"Written by\" \/>\n\t<meta name=\"twitter:data1\" content=\"Av. Mustafa Yolcu\" \/>\n\t<meta name=\"twitter:label2\" content=\"Est. reading time\" \/>\n\t<meta name=\"twitter:data2\" content=\"3 minutes\" \/>\n<script type=\"application\/ld+json\" class=\"yoast-schema-graph\">{\"@context\":\"https:\\\/\\\/schema.org\",\"@graph\":[{\"@type\":\"Article\",\"@id\":\"https:\\\/\\\/efeshukuk.com\\\/kisisel-verilerin-korunmasi-kanunu-temel-ilkeler-nelerdir\\\/#article\",\"isPartOf\":{\"@id\":\"https:\\\/\\\/efeshukuk.com\\\/kisisel-verilerin-korunmasi-kanunu-temel-ilkeler-nelerdir\\\/\"},\"author\":{\"name\":\"Av. Mustafa Yolcu\",\"@id\":\"https:\\\/\\\/efeshukuk.com\\\/#\\\/schema\\\/person\\\/3669273e38fd03f3f3ca1d7225da67ac\"},\"headline\":\"KVKK Temel \u0130lkeler Nelerdir?\",\"datePublished\":\"2020-12-21T17:28:02+00:00\",\"dateModified\":\"2021-04-18T06:04:04+00:00\",\"mainEntityOfPage\":{\"@id\":\"https:\\\/\\\/efeshukuk.com\\\/kisisel-verilerin-korunmasi-kanunu-temel-ilkeler-nelerdir\\\/\"},\"wordCount\":795,\"commentCount\":0,\"publisher\":{\"@id\":\"https:\\\/\\\/efeshukuk.com\\\/#organization\"},\"image\":{\"@id\":\"https:\\\/\\\/efeshukuk.com\\\/kisisel-verilerin-korunmasi-kanunu-temel-ilkeler-nelerdir\\\/#primaryimage\"},\"thumbnailUrl\":\"https:\\\/\\\/www.efeshukuk.com\\\/wp-content\\\/uploads\\\/2020\\\/12\\\/Veri-Soru-1-1024x1024.jpg\",\"keywords\":[\"Temel \u0130lkeler\"],\"articleSection\":[\"KVKK\"],\"inLanguage\":\"en-US\",\"potentialAction\":[{\"@type\":\"CommentAction\",\"name\":\"Comment\",\"target\":[\"https:\\\/\\\/efeshukuk.com\\\/kisisel-verilerin-korunmasi-kanunu-temel-ilkeler-nelerdir\\\/#respond\"]}]},{\"@type\":\"WebPage\",\"@id\":\"https:\\\/\\\/efeshukuk.com\\\/kisisel-verilerin-korunmasi-kanunu-temel-ilkeler-nelerdir\\\/\",\"url\":\"https:\\\/\\\/efeshukuk.com\\\/kisisel-verilerin-korunmasi-kanunu-temel-ilkeler-nelerdir\\\/\",\"name\":\"KVKK Temel \u0130lkeler Nelerdir? - Efes Hukuk B\u00fcrosu | KVKK Dan\u0131\u015fmanl\u0131k\",\"isPartOf\":{\"@id\":\"https:\\\/\\\/efeshukuk.com\\\/#website\"},\"primaryImageOfPage\":{\"@id\":\"https:\\\/\\\/efeshukuk.com\\\/kisisel-verilerin-korunmasi-kanunu-temel-ilkeler-nelerdir\\\/#primaryimage\"},\"image\":{\"@id\":\"https:\\\/\\\/efeshukuk.com\\\/kisisel-verilerin-korunmasi-kanunu-temel-ilkeler-nelerdir\\\/#primaryimage\"},\"thumbnailUrl\":\"https:\\\/\\\/www.efeshukuk.com\\\/wp-content\\\/uploads\\\/2020\\\/12\\\/Veri-Soru-1-1024x1024.jpg\",\"datePublished\":\"2020-12-21T17:28:02+00:00\",\"dateModified\":\"2021-04-18T06:04:04+00:00\",\"description\":\"KVKK temel ilkeler | Hukuka ve d\u00fcr\u00fcstl\u00fck kural\u0131na uygun olma, ki\u015fisel verilerin i\u015flenmesinde kanunlarla ve di\u011fer hukuksal...\",\"breadcrumb\":{\"@id\":\"https:\\\/\\\/efeshukuk.com\\\/kisisel-verilerin-korunmasi-kanunu-temel-ilkeler-nelerdir\\\/#breadcrumb\"},\"inLanguage\":\"en-US\",\"potentialAction\":[{\"@type\":\"ReadAction\",\"target\":[\"https:\\\/\\\/efeshukuk.com\\\/kisisel-verilerin-korunmasi-kanunu-temel-ilkeler-nelerdir\\\/\"]}]},{\"@type\":\"ImageObject\",\"inLanguage\":\"en-US\",\"@id\":\"https:\\\/\\\/efeshukuk.com\\\/kisisel-verilerin-korunmasi-kanunu-temel-ilkeler-nelerdir\\\/#primaryimage\",\"url\":\"https:\\\/\\\/www.efeshukuk.com\\\/wp-content\\\/uploads\\\/2020\\\/12\\\/Veri-Soru-1-1024x1024.jpg\",\"contentUrl\":\"https:\\\/\\\/www.efeshukuk.com\\\/wp-content\\\/uploads\\\/2020\\\/12\\\/Veri-Soru-1-1024x1024.jpg\"},{\"@type\":\"BreadcrumbList\",\"@id\":\"https:\\\/\\\/efeshukuk.com\\\/kisisel-verilerin-korunmasi-kanunu-temel-ilkeler-nelerdir\\\/#breadcrumb\",\"itemListElement\":[{\"@type\":\"ListItem\",\"position\":1,\"name\":\"Ana sayfa\",\"item\":\"https:\\\/\\\/efeshukuk.com\\\/\"},{\"@type\":\"ListItem\",\"position\":2,\"name\":\"KVKK Temel \u0130lkeler Nelerdir?\"}]},{\"@type\":\"WebSite\",\"@id\":\"https:\\\/\\\/efeshukuk.com\\\/#website\",\"url\":\"https:\\\/\\\/efeshukuk.com\\\/\",\"name\":\"Efes Hukuk B\u00fcrosu\",\"description\":\"\u0130zmir&#039;deki Avukat\u0131n\u0131z\",\"publisher\":{\"@id\":\"https:\\\/\\\/efeshukuk.com\\\/#organization\"},\"potentialAction\":[{\"@type\":\"SearchAction\",\"target\":{\"@type\":\"EntryPoint\",\"urlTemplate\":\"https:\\\/\\\/efeshukuk.com\\\/?s={search_term_string}\"},\"query-input\":{\"@type\":\"PropertyValueSpecification\",\"valueRequired\":true,\"valueName\":\"search_term_string\"}}],\"inLanguage\":\"en-US\"},{\"@type\":[\"Organization\",\"Place\",\"LegalService\"],\"@id\":\"https:\\\/\\\/efeshukuk.com\\\/#organization\",\"name\":\"Efes Hukuk B\u00fcrosu\",\"url\":\"https:\\\/\\\/efeshukuk.com\\\/\",\"logo\":{\"@id\":\"https:\\\/\\\/efeshukuk.com\\\/kisisel-verilerin-korunmasi-kanunu-temel-ilkeler-nelerdir\\\/#local-main-organization-logo\"},\"image\":{\"@id\":\"https:\\\/\\\/efeshukuk.com\\\/kisisel-verilerin-korunmasi-kanunu-temel-ilkeler-nelerdir\\\/#local-main-organization-logo\"},\"sameAs\":[\"https:\\\/\\\/www.facebook.com\\\/efeshukukburosu\",\"https:\\\/\\\/www.instagram.com\\\/efeshukukburosu\\\/\",\"https:\\\/\\\/www.linkedin.com\\\/company\\\/efes-law\\\/\"],\"description\":\"Efes Hukuk B\u00fcrosu, farkl\u0131 hukuk alanlar\u0131nda uzmanla\u015fm\u0131\u015f avukat kadrosuyla bireysel ve kurumsal m\u00fcvekkillerine etkili ve \u00e7\u00f6z\u00fcm odakl\u0131 hukuki dan\u0131\u015fmanl\u0131k hizmeti sunmaktad\u0131r. Ticaret hukuku, t\u00fcketici hukuku, aile hukuku, icra ve iflas hukuku gibi bir\u00e7ok alanda derin bilgiye sahip avukatlar\u0131m\u0131zla; m\u00fcvekkillerimizin haklar\u0131n\u0131 en iyi \u015fekilde korumay\u0131 ama\u00e7l\u0131yoruz. D\u00fcnyadaki hukuki de\u011fi\u015fimleri yak\u0131ndan takip ediyor, her yeni sorunu titizlikle analiz ediyoruz. M\u00fcvekkillerimizle g\u00fcvene dayal\u0131, \u015feffaf ve yak\u0131n bir ileti\u015fim kurarak, do\u011fru kararlar almalar\u0131na destek oluyoruz. Akademik d\u00fczeyde \u00e7al\u0131\u015fan \u00e7\u00f6z\u00fcm ortaklar\u0131m\u0131z ve alan\u0131nda uzman avukatlar\u0131m\u0131zla; hukuka, meslek eti\u011fine ve Atat\u00fcrk ilke ve ink\u0131laplar\u0131na ba\u011fl\u0131 bir \u015fekilde \u00e7al\u0131\u015fmay\u0131 ilke ediniyoruz.\",\"legalName\":\"Efes Hukuk B\u00fcrosu\",\"numberOfEmployees\":{\"@type\":\"QuantitativeValue\",\"minValue\":\"1\",\"maxValue\":\"10\"},\"address\":{\"@id\":\"https:\\\/\\\/efeshukuk.com\\\/kisisel-verilerin-korunmasi-kanunu-temel-ilkeler-nelerdir\\\/#local-main-place-address\"},\"geo\":{\"@type\":\"GeoCoordinates\",\"latitude\":\"38.467687\",\"longitude\":\"27.109998\"},\"telephone\":[\"+905344155256\"],\"contactPoint\":{\"@type\":\"ContactPoint\",\"telephone\":\"+905344155256\",\"email\":\"info@efeshukuk.com\"},\"openingHoursSpecification\":[{\"@type\":\"OpeningHoursSpecification\",\"dayOfWeek\":[\"Monday\",\"Tuesday\",\"Wednesday\",\"Thursday\",\"Friday\"],\"opens\":\"09:00\",\"closes\":\"18:00\"},{\"@type\":\"OpeningHoursSpecification\",\"dayOfWeek\":[\"Saturday\",\"Sunday\"],\"opens\":\"00:00\",\"closes\":\"00:00\"}],\"email\":\"info@efeshukuk.com\"},{\"@type\":\"Person\",\"@id\":\"https:\\\/\\\/efeshukuk.com\\\/#\\\/schema\\\/person\\\/3669273e38fd03f3f3ca1d7225da67ac\",\"name\":\"Av. Mustafa Yolcu\",\"image\":{\"@type\":\"ImageObject\",\"inLanguage\":\"en-US\",\"@id\":\"https:\\\/\\\/secure.gravatar.com\\\/avatar\\\/0870d5084e90c1476b180296601f5d8b1406305a23f86e567dfdfe264922c60d?s=96&d=retro&r=g\",\"url\":\"https:\\\/\\\/secure.gravatar.com\\\/avatar\\\/0870d5084e90c1476b180296601f5d8b1406305a23f86e567dfdfe264922c60d?s=96&d=retro&r=g\",\"contentUrl\":\"https:\\\/\\\/secure.gravatar.com\\\/avatar\\\/0870d5084e90c1476b180296601f5d8b1406305a23f86e567dfdfe264922c60d?s=96&d=retro&r=g\",\"caption\":\"Av. Mustafa Yolcu\"},\"sameAs\":[\"http:\\\/\\\/www.efeshukuk.com\"],\"url\":\"https:\\\/\\\/efeshukuk.com\\\/en\\\/author\\\/yztyi2\\\/\"},{\"@type\":\"PostalAddress\",\"@id\":\"https:\\\/\\\/efeshukuk.com\\\/kisisel-verilerin-korunmasi-kanunu-temel-ilkeler-nelerdir\\\/#local-main-place-address\",\"streetAddress\":\"Nergiz Mahallesi Girne Blv No:83, Kat 2 D 2, 35600 Kar\u015f\u0131yaka\",\"addressLocality\":\"\u0130zmir\",\"postalCode\":\"35600\",\"addressCountry\":\"TR\"},{\"@type\":\"ImageObject\",\"inLanguage\":\"en-US\",\"@id\":\"https:\\\/\\\/efeshukuk.com\\\/kisisel-verilerin-korunmasi-kanunu-temel-ilkeler-nelerdir\\\/#local-main-organization-logo\",\"url\":\"https:\\\/\\\/efeshukuk.com\\\/wp-content\\\/uploads\\\/2020\\\/11\\\/5.png\",\"contentUrl\":\"https:\\\/\\\/efeshukuk.com\\\/wp-content\\\/uploads\\\/2020\\\/11\\\/5.png\",\"width\":500,\"height\":500,\"caption\":\"Efes Hukuk B\u00fcrosu\"}]}<\/script>\n<meta name=\"geo.placename\" content=\"\u0130zmir\" \/>\n<meta name=\"geo.position\" content=\"38.467687;27.109998\" \/>\n<meta name=\"geo.region\" content=\"Turkey\" \/>\n<!-- \/ Yoast SEO Premium plugin. -->","yoast_head_json":{"title":"KVKK Temel \u0130lkeler Nelerdir? - Efes Hukuk B\u00fcrosu | KVKK Dan\u0131\u015fmanl\u0131k","description":"KVKK temel ilkeler | Hukuka ve d\u00fcr\u00fcstl\u00fck kural\u0131na uygun olma, ki\u015fisel verilerin i\u015flenmesinde kanunlarla ve di\u011fer hukuksal...","robots":{"index":"index","follow":"follow","max-snippet":"max-snippet:-1","max-image-preview":"max-image-preview:large","max-video-preview":"max-video-preview:-1"},"canonical":"https:\/\/efeshukuk.com\/en\/kisisel-verilerin-korunmasi-kanunu-temel-ilkeler-nelerdir\/","og_locale":"en_US","og_type":"article","og_title":"KVKK Temel \u0130lkeler Nelerdir?","og_description":"KVKK Temel \u0130lkeler | KVKK Avukat\u0131 | \u0130zmir Avukat | \u0130zmir Avukatl\u0131k B\u00fcrosu 1- KVKK Temel \u0130lkeler, Hukuka Ve D\u00fcr\u00fcstl\u00fck Kurallar\u0131na Uygun Olma KVKK temel","og_url":"https:\/\/efeshukuk.com\/en\/kisisel-verilerin-korunmasi-kanunu-temel-ilkeler-nelerdir\/","og_site_name":"Efes Hukuk B\u00fcrosu","article_publisher":"https:\/\/www.facebook.com\/efeshukukburosu","article_published_time":"2020-12-21T17:28:02+00:00","article_modified_time":"2021-04-18T06:04:04+00:00","og_image":[{"url":"https:\/\/www.efeshukuk.com\/wp-content\/uploads\/2020\/12\/Veri-Soru-1-1024x1024.jpg","type":"","width":"","height":""}],"author":"Av. Mustafa Yolcu","twitter_card":"summary_large_image","twitter_misc":{"Written by":"Av. Mustafa Yolcu","Est. reading time":"3 minutes"},"schema":{"@context":"https:\/\/schema.org","@graph":[{"@type":"Article","@id":"https:\/\/efeshukuk.com\/kisisel-verilerin-korunmasi-kanunu-temel-ilkeler-nelerdir\/#article","isPartOf":{"@id":"https:\/\/efeshukuk.com\/kisisel-verilerin-korunmasi-kanunu-temel-ilkeler-nelerdir\/"},"author":{"name":"Av. Mustafa Yolcu","@id":"https:\/\/efeshukuk.com\/#\/schema\/person\/3669273e38fd03f3f3ca1d7225da67ac"},"headline":"KVKK Temel \u0130lkeler Nelerdir?","datePublished":"2020-12-21T17:28:02+00:00","dateModified":"2021-04-18T06:04:04+00:00","mainEntityOfPage":{"@id":"https:\/\/efeshukuk.com\/kisisel-verilerin-korunmasi-kanunu-temel-ilkeler-nelerdir\/"},"wordCount":795,"commentCount":0,"publisher":{"@id":"https:\/\/efeshukuk.com\/#organization"},"image":{"@id":"https:\/\/efeshukuk.com\/kisisel-verilerin-korunmasi-kanunu-temel-ilkeler-nelerdir\/#primaryimage"},"thumbnailUrl":"https:\/\/www.efeshukuk.com\/wp-content\/uploads\/2020\/12\/Veri-Soru-1-1024x1024.jpg","keywords":["Temel \u0130lkeler"],"articleSection":["KVKK"],"inLanguage":"en-US","potentialAction":[{"@type":"CommentAction","name":"Comment","target":["https:\/\/efeshukuk.com\/kisisel-verilerin-korunmasi-kanunu-temel-ilkeler-nelerdir\/#respond"]}]},{"@type":"WebPage","@id":"https:\/\/efeshukuk.com\/kisisel-verilerin-korunmasi-kanunu-temel-ilkeler-nelerdir\/","url":"https:\/\/efeshukuk.com\/kisisel-verilerin-korunmasi-kanunu-temel-ilkeler-nelerdir\/","name":"KVKK Temel \u0130lkeler Nelerdir? - Efes Hukuk B\u00fcrosu | KVKK Dan\u0131\u015fmanl\u0131k","isPartOf":{"@id":"https:\/\/efeshukuk.com\/#website"},"primaryImageOfPage":{"@id":"https:\/\/efeshukuk.com\/kisisel-verilerin-korunmasi-kanunu-temel-ilkeler-nelerdir\/#primaryimage"},"image":{"@id":"https:\/\/efeshukuk.com\/kisisel-verilerin-korunmasi-kanunu-temel-ilkeler-nelerdir\/#primaryimage"},"thumbnailUrl":"https:\/\/www.efeshukuk.com\/wp-content\/uploads\/2020\/12\/Veri-Soru-1-1024x1024.jpg","datePublished":"2020-12-21T17:28:02+00:00","dateModified":"2021-04-18T06:04:04+00:00","description":"KVKK temel ilkeler | Hukuka ve d\u00fcr\u00fcstl\u00fck kural\u0131na uygun olma, ki\u015fisel verilerin i\u015flenmesinde kanunlarla ve di\u011fer hukuksal...","breadcrumb":{"@id":"https:\/\/efeshukuk.com\/kisisel-verilerin-korunmasi-kanunu-temel-ilkeler-nelerdir\/#breadcrumb"},"inLanguage":"en-US","potentialAction":[{"@type":"ReadAction","target":["https:\/\/efeshukuk.com\/kisisel-verilerin-korunmasi-kanunu-temel-ilkeler-nelerdir\/"]}]},{"@type":"ImageObject","inLanguage":"en-US","@id":"https:\/\/efeshukuk.com\/kisisel-verilerin-korunmasi-kanunu-temel-ilkeler-nelerdir\/#primaryimage","url":"https:\/\/www.efeshukuk.com\/wp-content\/uploads\/2020\/12\/Veri-Soru-1-1024x1024.jpg","contentUrl":"https:\/\/www.efeshukuk.com\/wp-content\/uploads\/2020\/12\/Veri-Soru-1-1024x1024.jpg"},{"@type":"BreadcrumbList","@id":"https:\/\/efeshukuk.com\/kisisel-verilerin-korunmasi-kanunu-temel-ilkeler-nelerdir\/#breadcrumb","itemListElement":[{"@type":"ListItem","position":1,"name":"Ana sayfa","item":"https:\/\/efeshukuk.com\/"},{"@type":"ListItem","position":2,"name":"KVKK Temel \u0130lkeler Nelerdir?"}]},{"@type":"WebSite","@id":"https:\/\/efeshukuk.com\/#website","url":"https:\/\/efeshukuk.com\/","name":"Ephesus Law Firm","description":"Your Lawyer in Izmir","publisher":{"@id":"https:\/\/efeshukuk.com\/#organization"},"potentialAction":[{"@type":"SearchAction","target":{"@type":"EntryPoint","urlTemplate":"https:\/\/efeshukuk.com\/?s={search_term_string}"},"query-input":{"@type":"PropertyValueSpecification","valueRequired":true,"valueName":"search_term_string"}}],"inLanguage":"en-US"},{"@type":["Organization","Place","LegalService"],"@id":"https:\/\/efeshukuk.com\/#organization","name":"Ephesus Law Firm","url":"https:\/\/efeshukuk.com\/","logo":{"@id":"https:\/\/efeshukuk.com\/kisisel-verilerin-korunmasi-kanunu-temel-ilkeler-nelerdir\/#local-main-organization-logo"},"image":{"@id":"https:\/\/efeshukuk.com\/kisisel-verilerin-korunmasi-kanunu-temel-ilkeler-nelerdir\/#local-main-organization-logo"},"sameAs":["https:\/\/www.facebook.com\/efeshukukburosu","https:\/\/www.instagram.com\/efeshukukburosu\/","https:\/\/www.linkedin.com\/company\/efes-law\/"],"description":"Efes Law Firm provides effective and solution-oriented legal consultancy services to individual and corporate clients with its team of lawyers specializing in various legal fields. With lawyers possessing in-depth knowledge in numerous areas such as commercial law, consumer law, family law, and enforcement and bankruptcy law, we aim to best protect our clients&#039; rights. We closely follow legal developments worldwide and meticulously analyze every new issue. We support our clients in making informed decisions by establishing trust-based, transparent, and close communication with them. With our academically qualified partners and expert lawyers, we are committed to working in accordance with the law, professional ethics, and the principles and reforms of Atat\u00fcrk.","legalName":"Efes Hukuk B\u00fcrosu","numberOfEmployees":{"@type":"QuantitativeValue","minValue":"1","maxValue":"10"},"address":{"@id":"https:\/\/efeshukuk.com\/kisisel-verilerin-korunmasi-kanunu-temel-ilkeler-nelerdir\/#local-main-place-address"},"geo":{"@type":"GeoCoordinates","latitude":"38.467687","longitude":"27.109998"},"telephone":["+905344155256"],"contactPoint":{"@type":"ContactPoint","telephone":"+905344155256","email":"info@efeshukuk.com"},"openingHoursSpecification":[{"@type":"OpeningHoursSpecification","dayOfWeek":["Monday","Tuesday","Wednesday","Thursday","Friday"],"opens":"09:00","closes":"18:00"},{"@type":"OpeningHoursSpecification","dayOfWeek":["Saturday","Sunday"],"opens":"00:00","closes":"00:00"}],"email":"info@efeshukuk.com"},{"@type":"Person","@id":"https:\/\/efeshukuk.com\/#\/schema\/person\/3669273e38fd03f3f3ca1d7225da67ac","name":"Mustafa Yolcu","image":{"@type":"ImageObject","inLanguage":"en-US","@id":"https:\/\/secure.gravatar.com\/avatar\/0870d5084e90c1476b180296601f5d8b1406305a23f86e567dfdfe264922c60d?s=96&d=retro&r=g","url":"https:\/\/secure.gravatar.com\/avatar\/0870d5084e90c1476b180296601f5d8b1406305a23f86e567dfdfe264922c60d?s=96&d=retro&r=g","contentUrl":"https:\/\/secure.gravatar.com\/avatar\/0870d5084e90c1476b180296601f5d8b1406305a23f86e567dfdfe264922c60d?s=96&d=retro&r=g","caption":"Av. Mustafa Yolcu"},"sameAs":["http:\/\/www.efeshukuk.com"],"url":"https:\/\/efeshukuk.com\/en\/author\/yztyi2\/"},{"@type":"PostalAddress","@id":"https:\/\/efeshukuk.com\/kisisel-verilerin-korunmasi-kanunu-temel-ilkeler-nelerdir\/#local-main-place-address","streetAddress":"Nergiz Mahallesi Girne Blv No:83, Kat 2 D 2, 35600 Kar\u015f\u0131yaka","addressLocality":"\u0130zmir","postalCode":"35600","addressCountry":"TR"},{"@type":"ImageObject","inLanguage":"en-US","@id":"https:\/\/efeshukuk.com\/kisisel-verilerin-korunmasi-kanunu-temel-ilkeler-nelerdir\/#local-main-organization-logo","url":"https:\/\/efeshukuk.com\/wp-content\/uploads\/2020\/11\/5.png","contentUrl":"https:\/\/efeshukuk.com\/wp-content\/uploads\/2020\/11\/5.png","width":500,"height":500,"caption":"Efes Hukuk B\u00fcrosu"}]},"geo.placename":"\u0130zmir","geo.position":{"lat":"38.467687","long":"27.109998"},"geo.region":"Turkey"},"amp_enabled":true,"_links":{"self":[{"href":"https:\/\/efeshukuk.com\/en\/wp-json\/wp\/v2\/posts\/1085","targetHints":{"allow":["GET"]}}],"collection":[{"href":"https:\/\/efeshukuk.com\/en\/wp-json\/wp\/v2\/posts"}],"about":[{"href":"https:\/\/efeshukuk.com\/en\/wp-json\/wp\/v2\/types\/post"}],"author":[{"embeddable":true,"href":"https:\/\/efeshukuk.com\/en\/wp-json\/wp\/v2\/users\/1"}],"replies":[{"embeddable":true,"href":"https:\/\/efeshukuk.com\/en\/wp-json\/wp\/v2\/comments?post=1085"}],"version-history":[{"count":0,"href":"https:\/\/efeshukuk.com\/en\/wp-json\/wp\/v2\/posts\/1085\/revisions"}],"wp:attachment":[{"href":"https:\/\/efeshukuk.com\/en\/wp-json\/wp\/v2\/media?parent=1085"}],"wp:term":[{"taxonomy":"category","embeddable":true,"href":"https:\/\/efeshukuk.com\/en\/wp-json\/wp\/v2\/categories?post=1085"},{"taxonomy":"post_tag","embeddable":true,"href":"https:\/\/efeshukuk.com\/en\/wp-json\/wp\/v2\/tags?post=1085"}],"curies":[{"name":"wp","href":"https:\/\/api.w.org\/{rel}","templated":true}]}}